{"id":41091,"date":"2025-08-31T22:39:22","date_gmt":"2025-09-01T01:39:22","guid":{"rendered":"https:\/\/mussicom.com\/df-tera-megaesquema-de-seguranca-em-julgamento-de-bolsonaro\/"},"modified":"2025-08-31T22:39:22","modified_gmt":"2025-09-01T01:39:22","slug":"df-tera-megaesquema-de-seguranca-em-julgamento-de-bolsonaro","status":"publish","type":"post","link":"https:\/\/mussicom.com\/noticias\/df-tera-megaesquema-de-seguranca-em-julgamento-de-bolsonaro\/","title":{"rendered":"DF ter\u00e1 megaesquema de seguran\u00e7a em julgamento de Bolsonaro"},"content":{"rendered":"<p> <br \/>\n<\/p>\n<div>\n<p class=\"postParagraph_post-paragraph__juWZN\">Bras\u00edlia, a capital federal, ter\u00e1 um megaesquema de seguran\u00e7a a partir desta ter\u00e7a-feira, dia 2 de setembro, por conta do julgamento do ex-presidente Jair Bolsonaro (PL) e outros sete r\u00e9us acusados do suposto golpe de Estado, no Supremo Tribunal Federal (STF). A seguran\u00e7a ser\u00e1 refor\u00e7ada por meio de opera\u00e7\u00e3o integrada entre a Pol\u00edcia Judicial do STF e a Secretaria de Seguran\u00e7a P\u00fablica do Distrito Federal (SSP-DF).<\/p>\n<p class=\"postParagraph_post-paragraph__juWZN\">A Pol\u00edcia Federal entrar\u00e1 com c\u00e3es farejadores todos os dias no STF, \u00e0s 6h da manh\u00e3, a partir da pr\u00f3xima ter\u00e7a. O monitoramento ser\u00e1 feito com equipamentos de \u00faltima gera\u00e7\u00e3o, incluindo drones com imagem t\u00e9rmica, capazes de realizar varreduras diurnas e noturnas, garantindo vigil\u00e2ncia cont\u00ednua do per\u00edmetro.<\/p>\n<p class=\"postParagraph_post-paragraph__juWZN\">A Pra\u00e7a dos Tr\u00eas Poderes ser\u00e1 fechada com grades. Agentes de seguran\u00e7a ir\u00e3o dormir dentro do Supremo durante o per\u00edodo, inclusive no feriado de 7 de setembro. Tamb\u00e9m ser\u00e3o feitas varreduras di\u00e1rias nas casas dos ministros da Corte enquanto o julgamento estiver em curso. Vale lembrar que as resid\u00eancias dos magistrados j\u00e1 s\u00e3o vistoriadas uma vez por semana.<\/p>\n<div class=\"postViewMore_post-view-more-container___5wai\" data-mrf-recirculation=\"Post - Veja tamb\u00e9m\">\n<p class=\"gp-styles-module-size-small-afeYRa gp-styles-module-font-family2-afeYRa gp-styles-module-color-secondary-afeYRa gp-styles-module-weight-bold-afeYRa\">VEJA TAMB\u00c9M:<\/p>\n<ul class=\"postViewMore_post-view-more-list__CU_CE\">\n<li class=\"postViewMore_post-view-more-item__2MzRb\">\n<div class=\"postViewMore_post-view-more-image__5gUSe\"><picture class=\"imageDefault_image-container__XGd8_\"><\/picture><\/div>\n<p>STF inicia julgamento de Bolsonaro com perspectiva de condena\u00e7\u00e3o e penas severas<\/li>\n<\/ul>\n<\/div>\n<p class=\"postParagraph_post-paragraph__juWZN\">O esquema refor\u00e7ado de seguran\u00e7a tamb\u00e9m faz parte das comemora\u00e7\u00f5es do dia 7 de setembro, pr\u00f3ximo domingo, na Esplanada dos Minist\u00e9rios. O acesso ao p\u00fablico no dia do desfile ser\u00e1 aberto \u00e0s 6h, com pontos de revista instalados. Est\u00e3o proibidos itens como armas, objetos cortantes, subst\u00e2ncias inflam\u00e1veis, recipientes de vidro, fogos de artif\u00edcio, mochilas de grande porte, barracas e drones sem autoriza\u00e7\u00e3o.<\/p>\n<p class=\"postParagraph_post-paragraph__juWZN\">J\u00e1 nesta segunda-feira (1\u00ba), \u00e0s 7h da manh\u00e3, a Pol\u00edcia Militar do Distrito Federal vai enviar policiamento com viaturas e homens para permanecerem em frente ao STF at\u00e9 o final do julgamento. Cerca de 30 agentes extras j\u00e1 pernoitam no STF para que haja seguran\u00e7a 24 horas.<\/p>\n<p class=\"postParagraph_post-paragraph__juWZN\">Al\u00e9m disso, a partir desta segunda (1\u00ba), ser\u00e1 instalada a\u00a0C\u00e9lula Presencial Integrada de Intelig\u00eancia\u00a0na sede da Secretaria de Seguran\u00e7a P\u00fablica do DF. A estrutura reunir\u00e1 \u00f3rg\u00e3os de seguran\u00e7a locais e nacionais para intensificar o compartilhamento de informa\u00e7\u00f5es, reduzir o tempo de resposta e fortalecer a\u00e7\u00f5es preventivas, como o monitoramento de redes sociais e a detec\u00e7\u00e3o de movimenta\u00e7\u00f5es suspeitas.<\/p>\n<h2 class=\"postParagraph_post-paragraph__juWZN postParagraph_type-tag-h2__TtFkT\">Quem faz parte do \u201cN\u00facleo 1\u201d <\/h2>\n<p class=\"postParagraph_post-paragraph__juWZN\">O \u201cN\u00facleo 1\u201d da A\u00e7\u00e3o Penal 2668 re\u00fane oito r\u00e9us: Jair Bolsonaro, Alexandre Ramagem, Almir Garnier Santos, Anderson Torres, Augusto Heleno, Mauro Cid, Paulo S\u00e9rgio Nogueira e Walter Braga Netto. Eles respondem por suposta tentativa de golpe de Estado, tentativa de aboli\u00e7\u00e3o violenta do Estado Democr\u00e1tico de Direito, dano qualificado, associa\u00e7\u00e3o criminosa armada e crimes contra patrim\u00f4nio tombado.<\/p>\n<p class=\"postParagraph_post-paragraph__juWZN\">O julgamento do \u201cN\u00facleo 1\u201d come\u00e7ar\u00e1 no dia 2 de setembro, na Primeira Turma do STF. O julgamento de Bolsonaro e dos demais ser\u00e1 realizado em sess\u00f5es programadas tamb\u00e9m nos dias 3, 9, 10 e 12 de setembro, com reuni\u00f5es extraordin\u00e1rias para garantir mais tempo para an\u00e1lise do caso. A Primeira Turma do STF \u00e9 composta por cinco ministros, e a condena\u00e7\u00e3o depender\u00e1 de maioria qualificada, ou seja, pelo menos tr\u00eas votos favor\u00e1veis.<\/p>\n<p class=\"postParagraph_post-paragraph__juWZN\">A primeira sess\u00e3o ocorrer\u00e1 das 9h ao meio-dia do dia 2 de setembro, com a leitura do relat\u00f3rio feita pelo ministro-relator Alexandre de Moraes, que apresentar\u00e1 um panorama das provas reunidas. Em seguida, o procurador-geral da Rep\u00fablica, Paulo Gonet, ter\u00e1 at\u00e9 uma hora para a sustenta\u00e7\u00e3o oral, assim como os advogados dos oito r\u00e9us, que tamb\u00e9m disp\u00f5em de uma hora cada.<\/p>\n<p class=\"postParagraph_post-paragraph__juWZN\">Segundo o cronograma, oito horas ser\u00e3o dedicadas \u00e0s sustenta\u00e7\u00f5es orais, enquanto as demais ser\u00e3o para a apresenta\u00e7\u00e3o dos votos dos ministros. O primeiro a votar ser\u00e1 o relator Alexandre de Moraes, seguido pelos ministros Fl\u00e1vio Dino, Luiz Fux, C\u00e1rmen L\u00facia e Cristiano Zanin.<\/p>\n<p class=\"postParagraph_post-paragraph__juWZN\">Desde 4 de agosto, Jair Bolsonaro cumpre pris\u00e3o domiciliar com tornozeleira eletr\u00f4nica, ap\u00f3s descumprir medidas cautelares, segundo Moraes. Ainda n\u00e3o h\u00e1 previs\u00e3o para o julgamento dos r\u00e9us dos n\u00facleos 2 e 3 da investiga\u00e7\u00e3o.<\/p>\n<\/div>\n<p><br \/>\n<br \/>Fonte: <a href=\"https:\/\/www.gazetadopovo.com.br\/republica\/julgamento-de-bolsonaro-no-stf-mobiliza-megaesquema-de-seguranca-com-drones-e-vistorias\/\">Revista Oeste<\/a><\/p>\n","protected":false},"excerpt":{"rendered":"<p>Bras\u00edlia, a capital federal, ter\u00e1 um megaesquema de seguran\u00e7a a partir desta ter\u00e7a-feira, dia 2 de setembro, por conta do julgamento do ex-presidente Jair Bolsonaro (PL) e outros sete r\u00e9us acusados do suposto golpe de Estado, no Supremo Tribunal Federal (STF). A seguran\u00e7a ser\u00e1 refor\u00e7ada por meio de opera\u00e7\u00e3o integrada entre a Pol\u00edcia Judicial do [&hellip;]<\/p>\n","protected":false},"author":5,"featured_media":41092,"comment_status":"open","ping_status":"open","sticky":false,"template":"","format":"standard","meta":{"_seopress_robots_primary_cat":"","_seopress_titles_title":"","_seopress_titles_desc":"","_seopress_robots_index":"","footnotes":""},"categories":[1],"tags":[],"class_list":["post-41091","post","type-post","status-publish","format-standard","has-post-thumbnail","hentry","category-ultimas-noticias"],"_links":{"self":[{"href":"https:\/\/mussicom.com\/noticias\/wp-json\/wp\/v2\/posts\/41091","targetHints":{"allow":["GET"]}}],"collection":[{"href":"https:\/\/mussicom.com\/noticias\/wp-json\/wp\/v2\/posts"}],"about":[{"href":"https:\/\/mussicom.com\/noticias\/wp-json\/wp\/v2\/types\/post"}],"author":[{"embeddable":true,"href":"https:\/\/mussicom.com\/noticias\/wp-json\/wp\/v2\/users\/5"}],"replies":[{"embeddable":true,"href":"https:\/\/mussicom.com\/noticias\/wp-json\/wp\/v2\/comments?post=41091"}],"version-history":[{"count":0,"href":"https:\/\/mussicom.com\/noticias\/wp-json\/wp\/v2\/posts\/41091\/revisions"}],"wp:featuredmedia":[{"embeddable":true,"href":"https:\/\/mussicom.com\/noticias\/wp-json\/wp\/v2\/media\/41092"}],"wp:attachment":[{"href":"https:\/\/mussicom.com\/noticias\/wp-json\/wp\/v2\/media?parent=41091"}],"wp:term":[{"taxonomy":"category","embeddable":true,"href":"https:\/\/mussicom.com\/noticias\/wp-json\/wp\/v2\/categories?post=41091"},{"taxonomy":"post_tag","embeddable":true,"href":"https:\/\/mussicom.com\/noticias\/wp-json\/wp\/v2\/tags?post=41091"}],"curies":[{"name":"wp","href":"https:\/\/api.w.org\/{rel}","templated":true}]}}