{"id":41034,"date":"2025-08-31T11:21:17","date_gmt":"2025-08-31T14:21:17","guid":{"rendered":"https:\/\/mussicom.com\/deficiencia-visual-e-danca-nos-palcos-sinto-que-posso-voar\/"},"modified":"2025-08-31T11:21:17","modified_gmt":"2025-08-31T14:21:17","slug":"deficiencia-visual-e-danca-nos-palcos-sinto-que-posso-voar","status":"publish","type":"post","link":"https:\/\/mussicom.com\/noticias\/deficiencia-visual-e-danca-nos-palcos-sinto-que-posso-voar\/","title":{"rendered":"Defici\u00eancia visual e dan\u00e7a: \u201cNos palcos, sinto que posso voar&#8221;"},"content":{"rendered":"<p> <br \/>\n<\/p>\n<div>\n<p>Aos 46 anos, Gisele Camillo realiza um sonho de inf\u00e2ncia: ser bailarina. O desejo de dan\u00e7ar sempre esteve presente. <strong>Mas a baixa vis\u00e3o, diagnosticada logo que nasceu, dificultou um pouco as coisas<\/strong>. \u201cTentei dan\u00e7ar quando crian\u00e7a em algumas escolas, quando eu ainda tinha baixa vis\u00e3o. Mas eu tinha que fingir que enxergava. Se eu falasse, ningu\u00e9m me aceitava. Tinha que ficar perto do professor. E assim eu seguia a vida\u201d.\u00a0<img decoding=\"async\" src=\"https:\/\/agenciabrasil.ebc.com.br\/ebc.gif?id=1656136&amp;o=node\" style=\"width:1px; height:1px; display:inline;\"\/><\/p>\n<p>Aos 38 anos, por conta de um quadro de glaucoma, Gisele perdeu praticamente toda a vis\u00e3o. Hoje, eventualmente, enxerga vultos e formas. Mas esses detalhes, segundo ela, pouco importam quando sobe ao palco.<\/p>\n<blockquote>\n<p>\u201cQuando estou com as meninas no palco, nem lembro da vis\u00e3o. A gente se ajuda muito, a gente conversa. A gente aprendeu mesmo a lidar com a falta da vis\u00e3o no palco. Hoje em dia, n\u00e3o faz mais muita diferen\u00e7a n\u00e3o.\u201d<\/p>\n<\/blockquote>\n<p><strong>Enquanto Gisele dan\u00e7a, o c\u00e3o-guia Fa\u00edsca, labrador caramelo que acompanha a bailarina h\u00e1 cerca de dois meses, aguarda pacientemente<\/strong>. At\u00e9 ent\u00e3o, ela usava uma bengala para guiar seus movimentos. Recentemente, tomou coragem e passou a confiar boa parte de sua independ\u00eancia ao companheiro de quatro patas.\u00a0<\/p>\n<div class=\"dnd-widget-wrapper context-medio_4colunas type-image atom-align-right\">\n<div class=\"dnd-atom-rendered\"><!-- scald=435146:medio_4colunas {\"additionalClasses\":\"\"} --><br \/>\n            <img decoding=\"async\" src=\"https:\/\/imagens.ebc.com.br\/U9s3Ot9jF2-z5or_1DBA5dAvD7I=\/365x0\/smart\/https:\/\/agenciabrasil.ebc.com.br\/sites\/default\/files\/thumbnails\/image\/2025\/08\/27\/whatsapp_image_2025-08-27_at_18.58.53.jpeg?itok=VXncyT0w\" alt=\"Bras\u00edlia (DF) 27\/08\/2025 - Fa\u00edsca, c\u00e3o-guia de Gisele Camillo, que participa de apresenta\u00e7\u00e3o da Cia de Ballet de Cegos. Foto: Paula Laboissi\u00e8re\/Ag\u00eancia Brasil\" title=\"Paula Laboissi\u00e8re\/Ag\u00eancia Brasil\"\/><br \/>\n        <img decoding=\"async\" src=\"https:\/\/imagens.ebc.com.br\/U9s3Ot9jF2-z5or_1DBA5dAvD7I=\/365x0\/smart\/https:\/\/agenciabrasil.ebc.com.br\/sites\/default\/files\/thumbnails\/image\/2025\/08\/27\/whatsapp_image_2025-08-27_at_18.58.53.jpeg?itok=VXncyT0w\" alt=\"Bras\u00edlia (DF) 27\/08\/2025 - Fa\u00edsca, c\u00e3o-guia de Gisele Camillo, que participa de apresenta\u00e7\u00e3o da Cia de Ballet de Cegos. Foto: Paula Laboissi\u00e8re\/Ag\u00eancia Brasil\" title=\"Paula Laboissi\u00e8re\/Ag\u00eancia Brasil\"\/><br \/>\n    <!-- END scald=435146 --><\/div>\n<p><h6 class=\"meta\">Fa\u00edsca, c\u00e3o-guia de Gisele Camillo, que participa de apresenta\u00e7\u00e3o da Cia de Ballet de Cegos. Foto: <strong>Paula Laboissi\u00e8re\/Ag\u00eancia Brasil<\/strong><!--END copyright=435146--><\/h6>\n<\/p>\n<\/div>\n<p>\u201cNa segunda semana de treinamento, conversei com o instrutor e contei que achava que n\u00e3o daria conta. Mas ele disse que eu estava indo bem, s\u00f3 estava ficando nervosa demais. \u00c9 uma adapta\u00e7\u00e3o completamente diferente, mas estou muito feliz com ele. \u00c9 um parceir\u00e3o. \u00c9 liberdade. C\u00e3o-guia \u00e9 voc\u00ea sair voando\u201d, conta, enquanto Fa\u00edsca acompanha os ensaios.\u00a0<\/p>\n<h2>O projeto\u00a0<\/h2>\n<p>Gisele faz parte da Cia de Ballet de Cegos, projeto criado em 1995 pela bailarina Fernanda Bianchini, que desenvolveu o primeiro m\u00e9todo de ensino de bal\u00e9 cl\u00e1ssico para pessoas com defici\u00eancia visual. <strong>Atualmente, a companhia de dan\u00e7a conta com cerca de 200 alunos, sendo 60% deles com algum tipo de defici\u00eancia visual<\/strong>.\u00a0<\/p>\n<blockquote>\n<p>\u201cMe sinto muito feliz e realizada. Sempre tive o sonho de ser dan\u00e7arina, bailarina. Quando estou no palco, me sinto livre. Sinto que eu posso voar. A gente sempre ouviu muitos n\u00e3os. Mas, quando todo o p\u00fablico aplaude, \u00e9 aquele \u2018Sim, voc\u00ea \u00e9 capaz. Sim, voc\u00ea pode\u2019. Toda vez que estou no palco, me sinto muito realizada por estar dan\u00e7ando como eu sempre quis.\u201d<\/p>\n<\/blockquote>\n<p><strong>A gerente da Associa\u00e7\u00e3o Fernanda Bianchini, Damaris Ferreira, conta que, no come\u00e7o, a proposta de ensinar bal\u00e9 para pessoas com defici\u00eancia n\u00e3o recebeu muita credibilidade da maioria das pessoas<\/strong>. \u201cElas diziam \u2018Imagina. Ensina qualquer coisa\u2019. Hoje, a gente v\u00ea meninas dan\u00e7ando com sapatilha de ponta e sem vis\u00e3o\u201d.\u00a0<\/p>\n<p>\u201cAntes, a pessoa com defici\u00eancia sempre foi uma pessoa deixada de lado, escondida nas fam\u00edlias. Hoje, a pessoa com defici\u00eancia tem muitos direitos, \u00e9 incentivada a muitas coisas\u201d, destaca, ao citar que a companhia de bal\u00e9 j\u00e1 dan\u00e7ou com nomes como o cantor Stevie Wonder e o core\u00f3grafo Mikhail Baryshnikov.\u00a0<\/p>\n<div class=\"dnd-widget-wrapper context-cheio_8colunas type-image atom-align-center\">\n<div class=\"dnd-atom-rendered\"><!-- scald=435144:cheio_8colunas {\"additionalClasses\":\"\"} --><br \/>\n            <img decoding=\"async\" src=\"https:\/\/imagens.ebc.com.br\/4WnUS3fdy4GnsJfyBV9HqaCT778=\/754x0\/smart\/https:\/\/agenciabrasil.ebc.com.br\/sites\/default\/files\/thumbnails\/image\/2025\/08\/27\/whatsapp_image_2025-08-27_at_18.56.06.jpeg?itok=B_wuFe95\" alt=\"Bras\u00edlia (DF) 27\/08\/2025 - Apresenta\u00e7\u00e3o da Cia de Ballet de Cegos. Foto: Paula Laboissi\u00e8re\/Ag\u00eancia Brasil\" title=\"Paula Laboissi\u00e8re\/Ag\u00eancia Brasil\"\/><br \/>\n        <img decoding=\"async\" src=\"https:\/\/imagens.ebc.com.br\/4WnUS3fdy4GnsJfyBV9HqaCT778=\/754x0\/smart\/https:\/\/agenciabrasil.ebc.com.br\/sites\/default\/files\/thumbnails\/image\/2025\/08\/27\/whatsapp_image_2025-08-27_at_18.56.06.jpeg?itok=B_wuFe95\" alt=\"Bras\u00edlia (DF) 27\/08\/2025 - Apresenta\u00e7\u00e3o da Cia de Ballet de Cegos. Foto: Paula Laboissi\u00e8re\/Ag\u00eancia Brasil\" title=\"Paula Laboissi\u00e8re\/Ag\u00eancia Brasil\"\/><br \/>\n    <!-- END scald=435144 --><\/div>\n<div class=\"dnd-caption-wrapper\">\n<p>Apresenta\u00e7\u00e3o da Cia de Ballet de Cegos. Foto:\u00a0<strong>Paula Laboissi\u00e8re\/Ag\u00eancia Brasil<\/strong><!--END copyright=435144--><\/p>\n<\/div>\n<\/div>\n<p><strong>Durante o 69\u00ba\u00a0Congresso Brasileiro de Oftalmologia, encerrado no\u00a0s\u00e1bado (30) em Curitiba, o grupo de Gisele apresentou\u00a0duas coreografias<\/strong>. \u201cComo o evento tem essa caracter\u00edstica de falar sobre a reabilita\u00e7\u00e3o ocular e tem um olhar social para a pessoa com defici\u00eancia visual, a gente veio para celebrar e dizer que a pessoa com defici\u00eancia pode sim estar e fazer o que quiser. N\u00e3o h\u00e1 limites\u201d, concluiu Damaris.\u00a0<\/p>\n<p><em>*A rep\u00f3rter viajou a convite do Conselho Brasileiro de Oftalmologia (CBO)<\/em><\/p>\n<p>      <!-- Relacionada --><\/p>\n<p>            <!-- Relacionada -->\n    <\/div>\n<p><br \/>\n<br \/>Fonte: <a href=\"https:\/\/agenciabrasil.ebc.com.br\/saude\/noticia\/2025-08\/deficiencia-visual-e-danca-nos-palcos-sinto-que-posso-voar\">Ag\u00eancia Brasil<\/a><\/p>\n","protected":false},"excerpt":{"rendered":"<p>Aos 46 anos, Gisele Camillo realiza um sonho de inf\u00e2ncia: ser bailarina. O desejo de dan\u00e7ar sempre esteve presente. Mas a baixa vis\u00e3o, diagnosticada logo que nasceu, dificultou um pouco as coisas. \u201cTentei dan\u00e7ar quando crian\u00e7a em algumas escolas, quando eu ainda tinha baixa vis\u00e3o. Mas eu tinha que fingir que enxergava. Se eu falasse, [&hellip;]<\/p>\n","protected":false},"author":5,"featured_media":41035,"comment_status":"open","ping_status":"open","sticky":false,"template":"","format":"standard","meta":{"_seopress_robots_primary_cat":"","_seopress_titles_title":"","_seopress_titles_desc":"","_seopress_robots_index":"","footnotes":""},"categories":[46],"tags":[],"class_list":["post-41034","post","type-post","status-publish","format-standard","has-post-thumbnail","hentry","category-saude"],"_links":{"self":[{"href":"https:\/\/mussicom.com\/noticias\/wp-json\/wp\/v2\/posts\/41034","targetHints":{"allow":["GET"]}}],"collection":[{"href":"https:\/\/mussicom.com\/noticias\/wp-json\/wp\/v2\/posts"}],"about":[{"href":"https:\/\/mussicom.com\/noticias\/wp-json\/wp\/v2\/types\/post"}],"author":[{"embeddable":true,"href":"https:\/\/mussicom.com\/noticias\/wp-json\/wp\/v2\/users\/5"}],"replies":[{"embeddable":true,"href":"https:\/\/mussicom.com\/noticias\/wp-json\/wp\/v2\/comments?post=41034"}],"version-history":[{"count":0,"href":"https:\/\/mussicom.com\/noticias\/wp-json\/wp\/v2\/posts\/41034\/revisions"}],"wp:featuredmedia":[{"embeddable":true,"href":"https:\/\/mussicom.com\/noticias\/wp-json\/wp\/v2\/media\/41035"}],"wp:attachment":[{"href":"https:\/\/mussicom.com\/noticias\/wp-json\/wp\/v2\/media?parent=41034"}],"wp:term":[{"taxonomy":"category","embeddable":true,"href":"https:\/\/mussicom.com\/noticias\/wp-json\/wp\/v2\/categories?post=41034"},{"taxonomy":"post_tag","embeddable":true,"href":"https:\/\/mussicom.com\/noticias\/wp-json\/wp\/v2\/tags?post=41034"}],"curies":[{"name":"wp","href":"https:\/\/api.w.org\/{rel}","templated":true}]}}