{"id":40983,"date":"2025-08-30T16:33:18","date_gmt":"2025-08-30T19:33:18","guid":{"rendered":"https:\/\/mussicom.com\/cardi-b-domina-tribunal-e-redes-com-respostas-virais\/"},"modified":"2025-08-30T16:33:18","modified_gmt":"2025-08-30T19:33:18","slug":"cardi-b-domina-tribunal-e-redes-com-respostas-virais","status":"publish","type":"post","link":"https:\/\/mussicom.com\/noticias\/cardi-b-domina-tribunal-e-redes-com-respostas-virais\/","title":{"rendered":"Cardi B domina tribunal e redes com respostas virais"},"content":{"rendered":"<p> <br \/>\n<\/p>\n<div>\n<p data-end=\"575\" data-start=\"314\"><strong>Cardi B<\/strong> transformou seu julgamento em entretenimento viral. A rapper enfrenta um processo de US$ 24 milh\u00f5es movido pela seguran\u00e7a <strong>Emani Ellis<\/strong>, que a acusa de agress\u00e3o em 2018. Mas s\u00e3o as respostas \u00e1cidas e as trocas de perucas de <strong>Cardi<\/strong> que dominaram as redes.<\/p>\n<p data-end=\"855\" data-start=\"577\"><strong>Ellis<\/strong> afirma que foi agredida em um corredor de um pr\u00e9dio m\u00e9dico em Beverly Hills, em fevereiro de 2018, quando <strong>Cardi<\/strong> estava gr\u00e1vida de seu primeiro filho. A seguran\u00e7a alega cortes no rosto e ofensas raciais. <strong>Cardi<\/strong> nega tudo, alegando que <strong>Ellis<\/strong> a filmava sem permiss\u00e3o durante sua gravidez secreta.<\/p>\n<p data-end=\"1163\" data-start=\"857\">No tribunal, a cantora arrancou risadas com respostas diretas e humor involunt\u00e1rio. Questionada se estava \u201cincapacitada\u201d na hora da suposta agress\u00e3o, disse: \u201cNaquele momento, quando voc\u00ea est\u00e1 gr\u00e1vida, eu estava muito incapacitada. N\u00e3o conseguia me proteger, mesmo se quisesse. Ela \u00e9 duas vezes maior que eu\u201d.<\/p>\n<p data-end=\"1396\" data-start=\"1165\">O momento mais viral veio quando explicou como sabia que <strong>Ellis<\/strong> era maior que ela: <strong>Cardi<\/strong> apontou para os pr\u00f3prios olhos e jogou o cabelo por cima do ombro, declarando: \u201cEu pesava 60 quilos naquela \u00e9poca\u201d. A frase virou meme instant\u00e2neo.<\/p>\n<p data-end=\"1627\" data-start=\"1398\">A confus\u00e3o com as perucas tamb\u00e9m repercutiu. Um advogado perguntou: \u201cQual \u00e9 seu cabelo verdadeiro? Ou ambos s\u00e3o reais?\u201d <strong>Cardi<\/strong> riu e explicou que eram perucas, e ele respondeu constrangido: \u201cOK, desculpe. \u00c9 uma boa peruca hoje\u201d.<\/p>\n<p data-end=\"1883\" data-start=\"1629\">As imagens de <strong>Cardi<\/strong> fazendo caretas, revirando os olhos e respondendo com sarcasmo viralizaram em todas as plataformas. Ela tamb\u00e9m surpreendeu ao revelar o valor do processo: \u201cEla est\u00e1 me processando por US$ 24 milh\u00f5es\u201d, disse, chocando at\u00e9 os jurados.<\/p>\n<p data-end=\"2078\" data-start=\"1885\">Algumas perguntas invasivas sobre unhas e perucas geraram cr\u00edticas nas redes por tom mis\u00f3gino e racista. <strong>Cardi<\/strong>, por\u00e9m, respondeu com humor \u00e1cido, transformando cada pergunta em momento viral.<\/p>\n<p data-end=\"2328\" data-start=\"2080\">Os f\u00e3s encheram o<strong> X\/Twitter<\/strong> com clipes das respostas afiadas e gestos marcantes de da cantora. Confira alguns:<\/p>\n<p class=\"whitespace-normal break-words\"><strong>+++ LEIA MAIS: Cardi B \u00e9 processada por mulher atingida por microfone em show<\/strong><\/p>\n<\/div>\n<p><br \/>\n<br \/>Fonte: <a href=\"https:\/\/rollingstone.com.br\/musica\/cardi-b-domina-tribunal-e-redes-com-respostas-virais\/\">rollingstone.com.br<\/a><\/p>\n","protected":false},"excerpt":{"rendered":"<p>Cardi B transformou seu julgamento em entretenimento viral. A rapper enfrenta um processo de US$ 24 milh\u00f5es movido pela seguran\u00e7a Emani Ellis, que a acusa de agress\u00e3o em 2018. Mas s\u00e3o as respostas \u00e1cidas e as trocas de perucas de Cardi que dominaram as redes. Ellis afirma que foi agredida em um corredor de um [&hellip;]<\/p>\n","protected":false},"author":5,"featured_media":40984,"comment_status":"open","ping_status":"open","sticky":false,"template":"","format":"standard","meta":{"_seopress_robots_primary_cat":"","_seopress_titles_title":"","_seopress_titles_desc":"","_seopress_robots_index":"","footnotes":""},"categories":[51],"tags":[],"class_list":["post-40983","post","type-post","status-publish","format-standard","has-post-thumbnail","hentry","category-musica"],"_links":{"self":[{"href":"https:\/\/mussicom.com\/noticias\/wp-json\/wp\/v2\/posts\/40983","targetHints":{"allow":["GET"]}}],"collection":[{"href":"https:\/\/mussicom.com\/noticias\/wp-json\/wp\/v2\/posts"}],"about":[{"href":"https:\/\/mussicom.com\/noticias\/wp-json\/wp\/v2\/types\/post"}],"author":[{"embeddable":true,"href":"https:\/\/mussicom.com\/noticias\/wp-json\/wp\/v2\/users\/5"}],"replies":[{"embeddable":true,"href":"https:\/\/mussicom.com\/noticias\/wp-json\/wp\/v2\/comments?post=40983"}],"version-history":[{"count":0,"href":"https:\/\/mussicom.com\/noticias\/wp-json\/wp\/v2\/posts\/40983\/revisions"}],"wp:featuredmedia":[{"embeddable":true,"href":"https:\/\/mussicom.com\/noticias\/wp-json\/wp\/v2\/media\/40984"}],"wp:attachment":[{"href":"https:\/\/mussicom.com\/noticias\/wp-json\/wp\/v2\/media?parent=40983"}],"wp:term":[{"taxonomy":"category","embeddable":true,"href":"https:\/\/mussicom.com\/noticias\/wp-json\/wp\/v2\/categories?post=40983"},{"taxonomy":"post_tag","embeddable":true,"href":"https:\/\/mussicom.com\/noticias\/wp-json\/wp\/v2\/tags?post=40983"}],"curies":[{"name":"wp","href":"https:\/\/api.w.org\/{rel}","templated":true}]}}