{"id":40973,"date":"2025-08-30T14:31:14","date_gmt":"2025-08-30T17:31:14","guid":{"rendered":"https:\/\/mussicom.com\/e-fake-que-donald-trump-morreu-presidente-dos-estados-unidos-foi-visto-publicamente\/"},"modified":"2025-08-30T14:31:14","modified_gmt":"2025-08-30T17:31:14","slug":"e-fake-que-donald-trump-morreu-presidente-dos-estados-unidos-foi-visto-publicamente","status":"publish","type":"post","link":"https:\/\/mussicom.com\/noticias\/e-fake-que-donald-trump-morreu-presidente-dos-estados-unidos-foi-visto-publicamente\/","title":{"rendered":"\u00c9 FAKE que Donald Trump morreu; presidente dos Estados Unidos foi visto publicamente"},"content":{"rendered":"<p> <br \/>\n<\/p>\n<div>\n<p data-end=\"422\" data-start=\"133\">O s\u00e1bado (30) come\u00e7ou com uma fake news \u00e9pica circulando nas redes sociais: <strong>Donald Trump<\/strong> teria morrido. O boato se espalhou rapidamente, fazendo com que as buscas por \u201c<strong>Donald Trump morreu<\/strong>?\u201d disparassem 1000% nas \u00faltimas 11 horas, liderando o <strong>Google Trends<\/strong> tanto no Brasil quanto nos EUA.<\/p>\n<p data-end=\"725\" data-start=\"424\">A resposta veio da forma mais trumpiana poss\u00edvel: o presidente deixou a Casa Branca para uma partida de golfe, provando que estava mais vivo e bem-disposto do que nunca. As imagens dele caminhando tranquilamente pelo campo se tornaram a melhor desmentida para os rumores que dominavam a internet.<\/p>\n<p data-end=\"994\" data-start=\"727\">O estopim para as especula\u00e7\u00f5es ocorreu ap\u00f3s dias sem apari\u00e7\u00f5es p\u00fablicas, alimentando d\u00favidas sobre o estado de sa\u00fade de <strong>Trump<\/strong>. A situa\u00e7\u00e3o se intensificou quando sua agenda oficial apareceu sem compromissos futuros, interpretada por muitos como um sinal preocupante.<\/p>\n<p data-end=\"1337\" data-start=\"996\">O epis\u00f3dio ganhou ainda mais for\u00e7a depois de uma entrevista do vice-presidente <strong>JD Vance<\/strong> ao <em data-end=\"1098\" data-start=\"1087\">USA Today<\/em>, na quarta-feira (27). <strong>Vance<\/strong> afirmou estar preparado para assumir em caso de \u201cuma trag\u00e9dia terr\u00edvel\u201d, mas destacou que <strong>Trump<\/strong> \u201cest\u00e1 em forma\u201d. A declara\u00e7\u00e3o, que tinha o objetivo de tranquilizar, acabou sendo distorcida nas redes sociais.<\/p>\n<p data-end=\"1655\" data-start=\"1339\">Para alimentar ainda mais as teorias conspirat\u00f3rias, usu\u00e1rios repararam em hematomas nas m\u00e3os de <strong>Trump<\/strong>, comparando-os com a \u00faltima foto da <strong>Rainha Elizabeth II<\/strong>, que faleceu dois dias depois de aparecer com marcas semelhantes. A apari\u00e7\u00e3o das manchas levou internautas a tra\u00e7ar paralelos m\u00f3rbidos entre os dois casos.<\/p>\n<p data-end=\"2057\" data-start=\"1657\">Depois de meses tentando cobrir os hematomas com maquiagem, <strong>Trump<\/strong> apareceu na segunda-feira (25) com as marcas totalmente vis\u00edveis. A Casa Branca explicou que se tratavam de hematomas causados por \u201capertos de m\u00e3o frequentes\u201d e pelo uso de aspirina. O m\u00e9dico <strong>Sean Barbarella<\/strong> confirmou que as manchas s\u00e3o \u201cconsistentes com irrita\u00e7\u00e3o dos tecidos moles\u201d e refor\u00e7ou que <strong>Trump<\/strong> est\u00e1 com \u201cexcelente sa\u00fade\u201d.<\/p>\n<p data-end=\"2351\" data-start=\"2059\">Em julho, foi revelado que o presidente havia sido diagnosticado com insufici\u00eancia venosa cr\u00f4nica, uma condi\u00e7\u00e3o que afeta o sistema venoso das pernas e dificulta o retorno do sangue ao cora\u00e7\u00e3o. O diagn\u00f3stico surgiu ap\u00f3s ele buscar avalia\u00e7\u00e3o m\u00e9dica devido a incha\u00e7o nas pernas e hematomas nas m\u00e3os.<\/p>\n<p data-end=\"2588\" data-start=\"2353\">Quanto ao boato de hoje, o l\u00edder estadounidense ainda n\u00e3o comentou diretamente, deixando que as imagens no campo de golfe falassem por si. E funcionou: v\u00ea-lo caminhando normalmente provou ser mais eficaz que qualquer pronunciamento oficial.<\/p>\n<p data-end=\"2825\" data-start=\"2590\">A ironia \u00e9 que <strong>Trump<\/strong>, que sempre criticou fake news contra si, desta vez foi beneficiado pelo pr\u00f3prio fen\u00f4meno da desinforma\u00e7\u00e3o. A onda de buscas sobre sua suposta morte acabou gerando ainda mais visibilidade para sua figura p\u00fablica.<\/p>\n<p class=\"whitespace-normal break-words\"><strong>+++ LEIA MAIS: Donald Trump: &#8216;Muita gente est\u00e1 dizendo que talvez gostar\u00edamos de um ditador&#8217;<\/strong><\/p>\n<p class=\"whitespace-normal break-words\"><strong>+++ LEIA MAIS: Equipe de Trump est\u00e1 realmente elaborando planos de ataque ao M\u00e9xico<\/strong><\/p>\n<p class=\"whitespace-normal break-words\"><strong>+++ LEIA MAIS: Stephen King compara a presid\u00eancia de Donald Trump a &#8216;Uma Hist\u00f3ria de Terror&#8217;<\/strong><\/p>\n<\/div>\n<p><br \/>\n<br \/>Fonte: <a href=\"https:\/\/rollingstone.com.br\/noticia\/e-fake-que-donald-trump-morreu-presidente-dos-estados-unidos-foi-visto-publicamente\/\">rollingstone.com.br<\/a><\/p>\n","protected":false},"excerpt":{"rendered":"<p>O s\u00e1bado (30) come\u00e7ou com uma fake news \u00e9pica circulando nas redes sociais: Donald Trump teria morrido. O boato se espalhou rapidamente, fazendo com que as buscas por \u201cDonald Trump morreu?\u201d disparassem 1000% nas \u00faltimas 11 horas, liderando o Google Trends tanto no Brasil quanto nos EUA. A resposta veio da forma mais trumpiana poss\u00edvel: [&hellip;]<\/p>\n","protected":false},"author":5,"featured_media":40974,"comment_status":"open","ping_status":"open","sticky":false,"template":"","format":"standard","meta":{"_seopress_robots_primary_cat":"","_seopress_titles_title":"","_seopress_titles_desc":"","_seopress_robots_index":"","footnotes":""},"categories":[51],"tags":[],"class_list":["post-40973","post","type-post","status-publish","format-standard","has-post-thumbnail","hentry","category-musica"],"_links":{"self":[{"href":"https:\/\/mussicom.com\/noticias\/wp-json\/wp\/v2\/posts\/40973","targetHints":{"allow":["GET"]}}],"collection":[{"href":"https:\/\/mussicom.com\/noticias\/wp-json\/wp\/v2\/posts"}],"about":[{"href":"https:\/\/mussicom.com\/noticias\/wp-json\/wp\/v2\/types\/post"}],"author":[{"embeddable":true,"href":"https:\/\/mussicom.com\/noticias\/wp-json\/wp\/v2\/users\/5"}],"replies":[{"embeddable":true,"href":"https:\/\/mussicom.com\/noticias\/wp-json\/wp\/v2\/comments?post=40973"}],"version-history":[{"count":0,"href":"https:\/\/mussicom.com\/noticias\/wp-json\/wp\/v2\/posts\/40973\/revisions"}],"wp:featuredmedia":[{"embeddable":true,"href":"https:\/\/mussicom.com\/noticias\/wp-json\/wp\/v2\/media\/40974"}],"wp:attachment":[{"href":"https:\/\/mussicom.com\/noticias\/wp-json\/wp\/v2\/media?parent=40973"}],"wp:term":[{"taxonomy":"category","embeddable":true,"href":"https:\/\/mussicom.com\/noticias\/wp-json\/wp\/v2\/categories?post=40973"},{"taxonomy":"post_tag","embeddable":true,"href":"https:\/\/mussicom.com\/noticias\/wp-json\/wp\/v2\/tags?post=40973"}],"curies":[{"name":"wp","href":"https:\/\/api.w.org\/{rel}","templated":true}]}}