{"id":40894,"date":"2025-08-30T04:18:16","date_gmt":"2025-08-30T07:18:16","guid":{"rendered":"https:\/\/mussicom.com\/setembro-continua-com-conta-de-luz-mais-cara-e-bandeira-vermelha\/"},"modified":"2025-08-30T04:18:16","modified_gmt":"2025-08-30T07:18:16","slug":"setembro-continua-com-conta-de-luz-mais-cara-e-bandeira-vermelha","status":"publish","type":"post","link":"https:\/\/mussicom.com\/noticias\/setembro-continua-com-conta-de-luz-mais-cara-e-bandeira-vermelha\/","title":{"rendered":"Setembro continua com conta de luz mais cara e bandeira vermelha"},"content":{"rendered":"<p> <br \/>\n<\/p>\n<div>\n<p><strong>As contas de energia el\u00e9trica permanecem com acr\u00e9scimo de\u00a0R$ 7,87 para cada 100 quilowatts-hora (kWh) consumidos em setembro.<\/strong> A Ag\u00eancia Nacional de Energia El\u00e9trica (Aneel) anunciou nesta sexta-feira (29) que ser\u00e1 mantida a bandeira vermelha patamar 2 devido \u00e0 necessidade de acionamento de usinas termel\u00e9tricas.\u00a0<img decoding=\"async\" src=\"https:\/\/agenciabrasil.ebc.com.br\/ebc.gif?id=1656396&amp;o=node\" style=\"width:1px; height:1px; display:inline;\"\/><\/p>\n<p><strong>Segundo a Aneel, o uso maior de t\u00e9rmicas \u00e9 necess\u00e1rio por causa da falta de chuvas nos reservat\u00f3rios das usinas hidrel\u00e9tricas.\u00a0<\/strong><\/p>\n<blockquote>\n<p>\u201cAs atuais condi\u00e7\u00f5es de aflu\u00eancia dos reservat\u00f3rios das usinas, abaixo da m\u00e9dia, n\u00e3o s\u00e3o favor\u00e1veis para a gera\u00e7\u00e3o hidrel\u00e9trica. Em consequ\u00eancia, h\u00e1 necessidade de maior acionamento de usinas termel\u00e9tricas, com elevados custos de gera\u00e7\u00e3o, o que justifica a manuten\u00e7\u00e3o da bandeira vermelha patamar 2 para setembro\u201d, explicou a ag\u00eancia.<\/p>\n<\/blockquote>\n<p>Em junho e julho, a bandeira tarif\u00e1ria esteve vermelha e, em agosto, passou para vermelho patamar 2.\u00a0<\/p>\n<h2>Bandeiras tarif\u00e1rias<\/h2>\n<p>Criado em 2015 pela Aneel, <strong>o sistema de bandeiras tarif\u00e1rias reflete os custos vari\u00e1veis da gera\u00e7\u00e3o de energia el\u00e9trica. <\/strong>Divididas em cores, as bandeiras indicam quanto est\u00e1 custando para o Sistema Interligado Nacional (SIN) gerar a energia usada nas resid\u00eancias, em estabelecimentos comerciais e nas ind\u00fastrias.\u00a0<\/p>\n<p>Quando a conta de luz \u00e9 calculada pela bandeira verde, n\u00e3o h\u00e1 nenhum acr\u00e9scimo. Quando s\u00e3o aplicadas as bandeiras vermelha ou amarela, a conta sofre acr\u00e9scimos a cada 100 quilowatts-hora (kWh) consumidos.<\/p>\n<p>      <!-- Relacionada --><\/p>\n<p>            <!-- Relacionada -->\n    <\/div>\n<p><br \/>\n<br \/>Fonte: <a href=\"https:\/\/agenciabrasil.ebc.com.br\/economia\/noticia\/2025-08\/setembro-continua-com-bandeira-tarifaria-mais-cara-na-conta-de-luz\">Gazeta do Povo<\/a><\/p>\n","protected":false},"excerpt":{"rendered":"<p>As contas de energia el\u00e9trica permanecem com acr\u00e9scimo de\u00a0R$ 7,87 para cada 100 quilowatts-hora (kWh) consumidos em setembro. A Ag\u00eancia Nacional de Energia El\u00e9trica (Aneel) anunciou nesta sexta-feira (29) que ser\u00e1 mantida a bandeira vermelha patamar 2 devido \u00e0 necessidade de acionamento de usinas termel\u00e9tricas.\u00a0 Segundo a Aneel, o uso maior de t\u00e9rmicas \u00e9 necess\u00e1rio [&hellip;]<\/p>\n","protected":false},"author":5,"featured_media":40895,"comment_status":"open","ping_status":"open","sticky":false,"template":"","format":"standard","meta":{"_seopress_robots_primary_cat":"","_seopress_titles_title":"","_seopress_titles_desc":"","_seopress_robots_index":"","footnotes":""},"categories":[45],"tags":[],"class_list":["post-40894","post","type-post","status-publish","format-standard","has-post-thumbnail","hentry","category-economia"],"_links":{"self":[{"href":"https:\/\/mussicom.com\/noticias\/wp-json\/wp\/v2\/posts\/40894","targetHints":{"allow":["GET"]}}],"collection":[{"href":"https:\/\/mussicom.com\/noticias\/wp-json\/wp\/v2\/posts"}],"about":[{"href":"https:\/\/mussicom.com\/noticias\/wp-json\/wp\/v2\/types\/post"}],"author":[{"embeddable":true,"href":"https:\/\/mussicom.com\/noticias\/wp-json\/wp\/v2\/users\/5"}],"replies":[{"embeddable":true,"href":"https:\/\/mussicom.com\/noticias\/wp-json\/wp\/v2\/comments?post=40894"}],"version-history":[{"count":0,"href":"https:\/\/mussicom.com\/noticias\/wp-json\/wp\/v2\/posts\/40894\/revisions"}],"wp:featuredmedia":[{"embeddable":true,"href":"https:\/\/mussicom.com\/noticias\/wp-json\/wp\/v2\/media\/40895"}],"wp:attachment":[{"href":"https:\/\/mussicom.com\/noticias\/wp-json\/wp\/v2\/media?parent=40894"}],"wp:term":[{"taxonomy":"category","embeddable":true,"href":"https:\/\/mussicom.com\/noticias\/wp-json\/wp\/v2\/categories?post=40894"},{"taxonomy":"post_tag","embeddable":true,"href":"https:\/\/mussicom.com\/noticias\/wp-json\/wp\/v2\/tags?post=40894"}],"curies":[{"name":"wp","href":"https:\/\/api.w.org\/{rel}","templated":true}]}}