{"id":40784,"date":"2025-08-29T18:04:25","date_gmt":"2025-08-29T21:04:25","guid":{"rendered":"https:\/\/mussicom.com\/reino-unido-veta-autoridades-de-israel-em-feira-de-armas\/"},"modified":"2025-08-29T18:04:25","modified_gmt":"2025-08-29T21:04:25","slug":"reino-unido-veta-autoridades-de-israel-em-feira-de-armas","status":"publish","type":"post","link":"https:\/\/mussicom.com\/noticias\/reino-unido-veta-autoridades-de-israel-em-feira-de-armas\/","title":{"rendered":"Reino Unido veta autoridades de Israel em feira de armas"},"content":{"rendered":"<p> <br \/>\n<\/p>\n<div>\n<p class=\"postParagraph_post-paragraph__juWZN\">O governo do Reino Unido proibiu autoridades de Israel de participar de uma feira da ind\u00fastria da defesa que ser\u00e1 realizada em Londres em setembro.<\/p>\n<p class=\"postParagraph_post-paragraph__juWZN\">\u201cA decis\u00e3o do governo israelense de intensificar ainda mais sua opera\u00e7\u00e3o militar em Gaza \u00e9 um erro. Como resultado, podemos confirmar que nenhuma delega\u00e7\u00e3o israelense ser\u00e1 convidada a participar da DSEI UK [sigla em ingl\u00eas para Feira Internacional de Equipamentos de Defesa e Seguran\u00e7a do Reino Unido] de 2025\u201d, disse um porta-voz do governo do premi\u00ea trabalhista Keir Starmer \u00e0 CNN.<\/p>\n<p class=\"postParagraph_post-paragraph__juWZN\">Um porta-voz do Minist\u00e9rio da Defesa de Israel criticou a decis\u00e3o do governo brit\u00e2nico em declara\u00e7\u00f5es \u00e0 emissora americana.<\/p>\n<p class=\"postParagraph_post-paragraph__juWZN\">\u201cEssas restri\u00e7\u00f5es constituem um ato deliberado e lament\u00e1vel de discrimina\u00e7\u00e3o contra os representantes de Israel\u201d, afirmou o porta-voz, que disse que Israel se retirar\u00e1 da exposi\u00e7\u00e3o e acusou o governo brit\u00e2nico de fazer \u201co jogo dos extremistas\u201d e introduzir \u201cconsidera\u00e7\u00f5es pol\u00edticas totalmente inadequadas para uma exposi\u00e7\u00e3o profissional da ind\u00fastria da defesa\u201d.<\/p>\n<p class=\"postParagraph_post-paragraph__juWZN\">O veto \u00e0 presen\u00e7a de autoridades israelenses na feira \u00e9 o mais recente cap\u00edtulo nas tens\u00f5es diplom\u00e1ticas com os brit\u00e2nicos.<\/p>\n<p class=\"postParagraph_post-paragraph-innerHtml__Q5vwc\">Em julho, Starmer anunciou que seu governo reconhecer\u00e1 um Estado palestino em setembro, caso Israel n\u00e3o resolva o que o premi\u00ea chamou de \u201ccatastr\u00f3fica situa\u00e7\u00e3o\u201d na Faixa de Gaza, promova um cessar-fogo e se comprometa com a solu\u00e7\u00e3o de dois Estados na regi\u00e3o.<\/p>\n<p class=\"postParagraph_post-paragraph-innerHtml__Q5vwc\">Em junho, os governos do Reino Unido, Austr\u00e1lia, Canad\u00e1, Nova Zel\u00e2ndia e Noruega haviam anunciado que Itamar Ben-Gvir, ministro da Seguran\u00e7a Nacional, e Bezalel Smotrich, ministro das Finan\u00e7as de Israel, foram proibidos de entrar nesses pa\u00edses e tiveram seus bens nessas na\u00e7\u00f5es bloqueados.<\/p>\n<p class=\"postParagraph_post-paragraph__juWZN\">Eles foram acusados de incita\u00e7\u00e3o \u00e0 \u201cviol\u00eancia extremista e graves abusos dos direitos humanos de palestinos\u201d na Cisjord\u00e2nia.<\/p>\n<\/div>\n<p><br \/>\n<br \/>Fonte: <a href=\"https:\/\/www.gazetadopovo.com.br\/mundo\/reino-unido-veta-autoridades-israel-feira-industria-defesa\/\">Revista Oeste<\/a><\/p>\n","protected":false},"excerpt":{"rendered":"<p>O governo do Reino Unido proibiu autoridades de Israel de participar de uma feira da ind\u00fastria da defesa que ser\u00e1 realizada em Londres em setembro. \u201cA decis\u00e3o do governo israelense de intensificar ainda mais sua opera\u00e7\u00e3o militar em Gaza \u00e9 um erro. Como resultado, podemos confirmar que nenhuma delega\u00e7\u00e3o israelense ser\u00e1 convidada a participar da [&hellip;]<\/p>\n","protected":false},"author":5,"featured_media":40785,"comment_status":"open","ping_status":"open","sticky":false,"template":"","format":"standard","meta":{"_seopress_robots_primary_cat":"","_seopress_titles_title":"","_seopress_titles_desc":"","_seopress_robots_index":"","footnotes":""},"categories":[48],"tags":[],"class_list":["post-40784","post","type-post","status-publish","format-standard","has-post-thumbnail","hentry","category-internacional"],"_links":{"self":[{"href":"https:\/\/mussicom.com\/noticias\/wp-json\/wp\/v2\/posts\/40784","targetHints":{"allow":["GET"]}}],"collection":[{"href":"https:\/\/mussicom.com\/noticias\/wp-json\/wp\/v2\/posts"}],"about":[{"href":"https:\/\/mussicom.com\/noticias\/wp-json\/wp\/v2\/types\/post"}],"author":[{"embeddable":true,"href":"https:\/\/mussicom.com\/noticias\/wp-json\/wp\/v2\/users\/5"}],"replies":[{"embeddable":true,"href":"https:\/\/mussicom.com\/noticias\/wp-json\/wp\/v2\/comments?post=40784"}],"version-history":[{"count":0,"href":"https:\/\/mussicom.com\/noticias\/wp-json\/wp\/v2\/posts\/40784\/revisions"}],"wp:featuredmedia":[{"embeddable":true,"href":"https:\/\/mussicom.com\/noticias\/wp-json\/wp\/v2\/media\/40785"}],"wp:attachment":[{"href":"https:\/\/mussicom.com\/noticias\/wp-json\/wp\/v2\/media?parent=40784"}],"wp:term":[{"taxonomy":"category","embeddable":true,"href":"https:\/\/mussicom.com\/noticias\/wp-json\/wp\/v2\/categories?post=40784"},{"taxonomy":"post_tag","embeddable":true,"href":"https:\/\/mussicom.com\/noticias\/wp-json\/wp\/v2\/tags?post=40784"}],"curies":[{"name":"wp","href":"https:\/\/api.w.org\/{rel}","templated":true}]}}