{"id":40774,"date":"2025-08-29T17:03:02","date_gmt":"2025-08-29T20:03:02","guid":{"rendered":"https:\/\/mussicom.com\/eua-negam-vistos-a-autoridades-palestinas-para-evento-da-onu\/"},"modified":"2025-08-29T17:03:02","modified_gmt":"2025-08-29T20:03:02","slug":"eua-negam-vistos-a-autoridades-palestinas-para-evento-da-onu","status":"publish","type":"post","link":"https:\/\/mussicom.com\/noticias\/eua-negam-vistos-a-autoridades-palestinas-para-evento-da-onu\/","title":{"rendered":"EUA negam vistos a autoridades palestinas para evento da ONU"},"content":{"rendered":"<p> <br \/>\n<\/p>\n<div>\n<p class=\"postParagraph_post-paragraph__juWZN\">O governo americano, atrav\u00e9s do secret\u00e1rio de Estado, Marco Rubio, anunciou nesta sexta-feira (29) que revogar\u00e3o vistos de membros da Organiza\u00e7\u00e3o para a Liberta\u00e7\u00e3o da Palestina (OLP) e da Autoridade Palestina (AP) antes da pr\u00f3xima Assembleia Geral da ONU, que ocorrer\u00e1 no final de setembro.<\/p>\n<p class=\"postParagraph_post-paragraph__juWZN\">No comunicado, Rubio diz atuar &#8220;de acordo com a lei americana&#8221; e que &#8220;\u00e9 de interesse nacional [dos EUA] pedir contas \u00e0 OLP e \u00e0 ANP por n\u00e3o cumprir seus compromissos e minar os esfor\u00e7os de paz&#8221;.<\/p>\n<p class=\"postParagraph_post-paragraph__juWZN\">O pr\u00f3prio presidente da Autoridade Palestina, Mahmoud Abbas, pretendia comparecer pessoalmente \u00e0 Assembleia Geral e discursar em nome de seu pa\u00eds, de acordo com o embaixador palestino na ONU, Riyad Mansour.<\/p>\n<p class=\"postParagraph_post-paragraph__juWZN\">Perguntado sobre as consequ\u00eancias exatas da medida americana, Mansour afirmou: &#8220;Vamos ver exatamente o que isso significa e como isso se aplica \u00e0 nossa delega\u00e7\u00e3o&#8221;.<\/p>\n<p class=\"postParagraph_post-paragraph__juWZN\">De acordo com informa\u00e7\u00f5es da Ag\u00eancia EFE, um porta-voz do Departamento de Estado dos EUA detalhou que a miss\u00e3o diplom\u00e1tica permanente chefiada por Mansour &#8220;ter\u00e1 uma isen\u00e7\u00e3o [da medida] devido ao acordo com a sede da ONU&#8221;, mas n\u00e3o comentou o caso do presidente Abbas.<\/p>\n<p class=\"postParagraph_post-paragraph__juWZN\">Este movimento dos EUA sobre os vistos palestinos ocorre em um momento em que pa\u00edses como Fran\u00e7a, Reino Unido, Austr\u00e1lia e Canad\u00e1 se disseram dispostos a reconhecer o Estado palestino.<\/p>\n<h2 class=\"postParagraph_post-paragraph__juWZN postParagraph_type-tag-h2__TtFkT\">Israel agradece aos EUA<\/h2>\n<p class=\"postParagraph_post-paragraph__juWZN\">O ministro de Rela\u00e7\u00f5es Exteriores de Israel, Gideon Saar, agradeceu, ainda  nesta sexta-feira, \u00e0s autoridades dos Estados Unidos pela decis\u00e3o de negar e revogar os vistos de diplomatas palestinos.<\/p>\n<p class=\"postParagraph_post-paragraph-innerHtml__Q5vwc\">&#8220;Obrigado secret\u00e1rio Rubio por exigir responsabilidades da \u2018OLP&#8217; (Organiza\u00e7\u00e3o para a Liberta\u00e7\u00e3o da Palestina) e da ANP (Autoridade Nacional Palestina) por recompensar o terrorismo, incitar e tentar usar a guerra legal contra Israel&#8221;, disse Saar em uma mensagem na rede social <em>X<\/em>.<\/p>\n<p class=\"postParagraph_post-paragraph__juWZN\">O ministro tamb\u00e9m agradeceu ao presidente dos EUA, Donald Trump, pelo apoio cont\u00ednuo ao pa\u00eds.<\/p>\n<\/div>\n<p><br \/>\n<br \/>Fonte: <a href=\"https:\/\/www.gazetadopovo.com.br\/mundo\/eua-nao-concederao-vistos-para-autoridades-palestinas-comparecerem-a-assembleia-geral-da-onu\/\">Revista Oeste<\/a><\/p>\n","protected":false},"excerpt":{"rendered":"<p>O governo americano, atrav\u00e9s do secret\u00e1rio de Estado, Marco Rubio, anunciou nesta sexta-feira (29) que revogar\u00e3o vistos de membros da Organiza\u00e7\u00e3o para a Liberta\u00e7\u00e3o da Palestina (OLP) e da Autoridade Palestina (AP) antes da pr\u00f3xima Assembleia Geral da ONU, que ocorrer\u00e1 no final de setembro. No comunicado, Rubio diz atuar &#8220;de acordo com a lei [&hellip;]<\/p>\n","protected":false},"author":5,"featured_media":40775,"comment_status":"open","ping_status":"open","sticky":false,"template":"","format":"standard","meta":{"_seopress_robots_primary_cat":"","_seopress_titles_title":"","_seopress_titles_desc":"","_seopress_robots_index":"","footnotes":""},"categories":[48],"tags":[],"class_list":["post-40774","post","type-post","status-publish","format-standard","has-post-thumbnail","hentry","category-internacional"],"_links":{"self":[{"href":"https:\/\/mussicom.com\/noticias\/wp-json\/wp\/v2\/posts\/40774","targetHints":{"allow":["GET"]}}],"collection":[{"href":"https:\/\/mussicom.com\/noticias\/wp-json\/wp\/v2\/posts"}],"about":[{"href":"https:\/\/mussicom.com\/noticias\/wp-json\/wp\/v2\/types\/post"}],"author":[{"embeddable":true,"href":"https:\/\/mussicom.com\/noticias\/wp-json\/wp\/v2\/users\/5"}],"replies":[{"embeddable":true,"href":"https:\/\/mussicom.com\/noticias\/wp-json\/wp\/v2\/comments?post=40774"}],"version-history":[{"count":0,"href":"https:\/\/mussicom.com\/noticias\/wp-json\/wp\/v2\/posts\/40774\/revisions"}],"wp:featuredmedia":[{"embeddable":true,"href":"https:\/\/mussicom.com\/noticias\/wp-json\/wp\/v2\/media\/40775"}],"wp:attachment":[{"href":"https:\/\/mussicom.com\/noticias\/wp-json\/wp\/v2\/media?parent=40774"}],"wp:term":[{"taxonomy":"category","embeddable":true,"href":"https:\/\/mussicom.com\/noticias\/wp-json\/wp\/v2\/categories?post=40774"},{"taxonomy":"post_tag","embeddable":true,"href":"https:\/\/mussicom.com\/noticias\/wp-json\/wp\/v2\/tags?post=40774"}],"curies":[{"name":"wp","href":"https:\/\/api.w.org\/{rel}","templated":true}]}}