{"id":40731,"date":"2025-08-29T13:39:38","date_gmt":"2025-08-29T16:39:38","guid":{"rendered":"https:\/\/mussicom.com\/pane-em-aviao-faz-comitiva-de-alckmin-atrasar-retorno-ao-brasil\/"},"modified":"2025-08-29T13:39:38","modified_gmt":"2025-08-29T16:39:38","slug":"pane-em-aviao-faz-comitiva-de-alckmin-atrasar-retorno-ao-brasil","status":"publish","type":"post","link":"https:\/\/mussicom.com\/noticias\/pane-em-aviao-faz-comitiva-de-alckmin-atrasar-retorno-ao-brasil\/","title":{"rendered":"Pane em avi\u00e3o faz comitiva de Alckmin atrasar retorno ao Brasil"},"content":{"rendered":"<p> <br \/>\n<\/p>\n<div>\n<p class=\"postParagraph_post-paragraph-innerHtml__Q5vwc\">O avi\u00e3o da For\u00e7a A\u00e9rea Brasileira (FAB) que transportou o vice-presidente Geraldo Alckmin (PSB) e ministros ao M\u00e9xico teve uma pane nesta sexta (29) que fez atrasar o retorno ao Brasil. A viagem, iniciada na \u00faltima ter\u00e7a (26), foi realizada para ampliar as rela\u00e7\u00f5es comerciais entre os dois pa\u00edses e teve a presenta dos ministros Simone Tebet (Planejamento e Or\u00e7amento) e Carlos F\u00e1varo (Agricultura).<\/p>\n<p class=\"postParagraph_post-paragraph__juWZN\">De acordo com um comunicado do Pal\u00e1cio do Planalto, a aeronave apresentou falhas em uma de suas mangueiras semi-hidr\u00e1ulicas durante uma parada em Cali, na Col\u00f4mbia, ap\u00f3s um pouso programado para reabastecimento.<\/p>\n<p class=\"postParagraph_post-paragraph__juWZN\">\u201cEmbora a aeronave apresentasse condi\u00e7\u00f5es de seguir em dire\u00e7\u00e3o ao Brasil, a For\u00e7a A\u00e9rea, como medida de cautela, recomendou que o vice-presidente estendesse sua parada at\u00e9 que outra aeronave fosse deslocada do Brasil para completar a miss\u00e3o. Uma nova aeronave decolou da Base A\u00e9rea de Bras\u00edlia \u00e0s 10h para busc\u00e1-los\u201d, afirmou o governo ressaltando que todos os membros da comitiva est\u00e3o bem e em seguran\u00e7a.<\/p>\n<div class=\"postViewMore_post-view-more-container___5wai\" data-mrf-recirculation=\"Post - Veja tamb\u00e9m\">\n<p class=\"gp-styles-module-size-small-afeYRa gp-styles-module-font-family2-afeYRa gp-styles-module-color-secondary-afeYRa gp-styles-module-weight-bold-afeYRa\">VEJA TAMB\u00c9M:<\/p>\n<ul class=\"postViewMore_post-view-more-list__CU_CE\">\n<li class=\"postViewMore_post-view-more-item__2MzRb\">\n<div class=\"postViewMore_post-view-more-image__5gUSe\"><picture class=\"imageDefault_image-container__XGd8_\"><\/picture><\/div>\n<p>Gazeta Revista: O \u201cex\u00e9rcito digital\u201d para limpar a barra do STF<\/li>\n<\/ul>\n<\/div>\n<p class=\"postParagraph_post-paragraph__juWZN\">O governo n\u00e3o informou a que horas a segunda aeronave da FAB chegar\u00e1 \u00e0 cidade colombiana, mas disse que o pouso em Bras\u00edlia est\u00e1 previsto para \u00e0s 21h.<\/p>\n<p class=\"postParagraph_post-paragraph-innerHtml__Q5vwc\">Uma apura\u00e7\u00e3o recente apontou que a FAB vem tendo dificuldades de realizar a manuten\u00e7\u00e3o da frota de avi\u00f5es por falta de dinheiro, principalmente ap\u00f3s o bloqueio de R$ 2,6 bilh\u00f5es do or\u00e7amento do Minist\u00e9rio da Defesa em junho. Informa\u00e7\u00f5es apontam que sete dos dez avi\u00f5es para uso oficial estava paradas por falta de combust\u00edvel e de manuten\u00e7\u00e3o, com apenas tr\u00eas em opera\u00e7\u00e3o.<\/p>\n<p class=\"postParagraph_post-paragraph__juWZN\">\u201cAs restri\u00e7\u00f5es or\u00e7ament\u00e1rias ora enfrentadas impactam n\u00e3o apenas o reabastecimento das aeronaves, mas todo o ciclo de opera\u00e7\u00e3o e manuten\u00e7\u00e3o da frota\u201d, afirmou a FAB em nota.<\/p>\n<p class=\"postParagraph_post-paragraph__juWZN\">Ainda segundo a FAB, esses efeitos \u201cincluem limita\u00e7\u00f5es na aquisi\u00e7\u00e3o de lubrificantes, pe\u00e7as de reposi\u00e7\u00e3o e na realiza\u00e7\u00e3o de reparos em motores, o que compromete a plena disponibilidade dos meios, trazendo dificuldades ao cumprimento da miss\u00e3o\u201d.<\/p>\n<p class=\"postParagraph_post-paragraph-innerHtml__Q5vwc\">Durante a visita ao M\u00e9xico, Alckmin se encontrou com a presidente Claudia Sheinbaum e assinou acordos de coopera\u00e7\u00e3o, mas n\u00e3o conseguiu um tratado de livre com\u00e9rcio entre os dois pa\u00edses. Entre eles, est\u00e1 o desenvolvimento e produ\u00e7\u00e3o de vacinas e terapias baseadas na tecnologia de RNA mensageiro. H\u00e1 a expectativa de se avan\u00e7ar em neg\u00f3cios com a Embraer e na produ\u00e7\u00e3o de etanol.<\/p>\n<p class=\"postParagraph_post-paragraph__juWZN\">A visita ao M\u00e9xico foi organizada pelo governo brasileiro como parte dos esfor\u00e7os para compensar a queda das exporta\u00e7\u00f5es brasileiras para os Estados Unidos ap\u00f3s a entrada em vigor do tarifa\u00e7o de 50% no come\u00e7o do m\u00eas, imposto pelo presidente Donald Trump.<\/p>\n<\/div>\n<p><br \/>\n<br \/>Fonte: <a href=\"https:\/\/www.gazetadopovo.com.br\/republica\/pane-aviao-comitiva-alckmin-atrasar-retorno-brasil\/\">Revista Oeste<\/a><\/p>\n","protected":false},"excerpt":{"rendered":"<p>O avi\u00e3o da For\u00e7a A\u00e9rea Brasileira (FAB) que transportou o vice-presidente Geraldo Alckmin (PSB) e ministros ao M\u00e9xico teve uma pane nesta sexta (29) que fez atrasar o retorno ao Brasil. A viagem, iniciada na \u00faltima ter\u00e7a (26), foi realizada para ampliar as rela\u00e7\u00f5es comerciais entre os dois pa\u00edses e teve a presenta dos ministros [&hellip;]<\/p>\n","protected":false},"author":5,"featured_media":40732,"comment_status":"open","ping_status":"open","sticky":false,"template":"","format":"standard","meta":{"_seopress_robots_primary_cat":"","_seopress_titles_title":"","_seopress_titles_desc":"","_seopress_robots_index":"","footnotes":""},"categories":[1],"tags":[],"class_list":["post-40731","post","type-post","status-publish","format-standard","has-post-thumbnail","hentry","category-ultimas-noticias"],"_links":{"self":[{"href":"https:\/\/mussicom.com\/noticias\/wp-json\/wp\/v2\/posts\/40731","targetHints":{"allow":["GET"]}}],"collection":[{"href":"https:\/\/mussicom.com\/noticias\/wp-json\/wp\/v2\/posts"}],"about":[{"href":"https:\/\/mussicom.com\/noticias\/wp-json\/wp\/v2\/types\/post"}],"author":[{"embeddable":true,"href":"https:\/\/mussicom.com\/noticias\/wp-json\/wp\/v2\/users\/5"}],"replies":[{"embeddable":true,"href":"https:\/\/mussicom.com\/noticias\/wp-json\/wp\/v2\/comments?post=40731"}],"version-history":[{"count":0,"href":"https:\/\/mussicom.com\/noticias\/wp-json\/wp\/v2\/posts\/40731\/revisions"}],"wp:featuredmedia":[{"embeddable":true,"href":"https:\/\/mussicom.com\/noticias\/wp-json\/wp\/v2\/media\/40732"}],"wp:attachment":[{"href":"https:\/\/mussicom.com\/noticias\/wp-json\/wp\/v2\/media?parent=40731"}],"wp:term":[{"taxonomy":"category","embeddable":true,"href":"https:\/\/mussicom.com\/noticias\/wp-json\/wp\/v2\/categories?post=40731"},{"taxonomy":"post_tag","embeddable":true,"href":"https:\/\/mussicom.com\/noticias\/wp-json\/wp\/v2\/tags?post=40731"}],"curies":[{"name":"wp","href":"https:\/\/api.w.org\/{rel}","templated":true}]}}