{"id":40710,"date":"2025-08-29T11:55:57","date_gmt":"2025-08-29T14:55:57","guid":{"rendered":"https:\/\/mussicom.com\/ei-armou-plano-para-matar-papa-francisco-em-2024-revela-jornal\/"},"modified":"2025-08-29T11:55:57","modified_gmt":"2025-08-29T14:55:57","slug":"ei-armou-plano-para-matar-papa-francisco-em-2024-revela-jornal","status":"publish","type":"post","link":"https:\/\/mussicom.com\/noticias\/ei-armou-plano-para-matar-papa-francisco-em-2024-revela-jornal\/","title":{"rendered":"EI armou plano para matar papa Francisco em 2024, revela jornal"},"content":{"rendered":"<p> <br \/>\n<\/p>\n<div>\n<p class=\"postParagraph_post-paragraph-innerHtml__Q5vwc\">O jornal italiano<em> Il Piccolo<\/em> revelou nesta sexta-feira (29) que uma c\u00e9lula turca ligada ao grupo terrorista Estado Isl\u00e2mico (EI) supostamente planejou um ataque contra o papa Francisco, que aconteceria durante sua visita a Trieste, no norte da It\u00e1lia, em 7 de julho de 2024.<\/p>\n<p class=\"postParagraph_post-paragraph__juWZN\">Uma investiga\u00e7\u00e3o do Minist\u00e9rio P\u00fablico de Trieste, em colabora\u00e7\u00e3o com o servi\u00e7o de intelig\u00eancia italiano e a Interpol, levou \u00e0 pris\u00e3o na Holanda de um cidad\u00e3o turco, que posteriormente foi extraditado para a It\u00e1lia.<\/p>\n<p class=\"postParagraph_post-paragraph__juWZN\">As investiga\u00e7\u00f5es tiveram in\u00edcio ap\u00f3s uma mala contendo uma pistola autom\u00e1tica, um carregador e 14 cartuchos ter sido encontrada no dia anterior \u00e0 chegada do pont\u00edfice argentino.<\/p>\n<p class=\"postParagraph_post-paragraph__juWZN\">A mala em quest\u00e3o havia sido abandonada no bar da esta\u00e7\u00e3o de trem de Trieste e as investiga\u00e7\u00f5es indicam que seria pega por outra pessoa.<\/p>\n<p class=\"postParagraph_post-paragraph__juWZN\">Como resultado das investiga\u00e7\u00f5es, Hassan Uzun, um cidad\u00e3o turco de 46 anos suspeito de liga\u00e7\u00f5es com o EI, foi preso na Holanda e atualmente est\u00e1 sendo mantido em confinamento solit\u00e1rio na pris\u00e3o de Coroneo, em Trieste, aponta o jornal.<\/p>\n<div class=\"postImage_post-content-image__2CJdu\"><picture class=\"imageDefault_image-container__XGd8_\"><source type=\"image\/webp\" srcset=\"https:\/\/media.gazetadopovo.com.br\/2025\/08\/29102008\/8022163414001-1280x720.jpg.webp 1280w, https:\/\/media.gazetadopovo.com.br\/2025\/08\/29102008\/8022163414001-960x540.jpg.webp 960w, https:\/\/media.gazetadopovo.com.br\/2025\/08\/29102008\/8022163414001-660x372.jpg.webp 660w, https:\/\/media.gazetadopovo.com.br\/2025\/08\/29102008\/8022163414001-540x360.jpg.webp 540w, https:\/\/media.gazetadopovo.com.br\/2025\/08\/29102008\/8022163414001-380x214.jpg.webp 380w, https:\/\/media.gazetadopovo.com.br\/2025\/08\/29102008\/8022163414001-720x720.jpg.webp 720w, https:\/\/media.gazetadopovo.com.br\/2025\/08\/29102008\/8022163414001-540x540.jpg.webp 540w, https:\/\/media.gazetadopovo.com.br\/2025\/08\/29102008\/8022163414001-372x372.jpg.webp 372w, https:\/\/media.gazetadopovo.com.br\/2025\/08\/29102008\/8022163414001-214x214.jpg.webp 214w, https:\/\/media.gazetadopovo.com.br\/2025\/08\/29102008\/8022163414001-scaled.jpg.webp 2560w\" sizes=\"(max-width: 767px) 328px, 638px\"\/><source type=\"image\/jpeg\" srcset=\"https:\/\/media.gazetadopovo.com.br\/2025\/08\/29102008\/8022163414001-1280x720.jpg.webp 1280w, https:\/\/media.gazetadopovo.com.br\/2025\/08\/29102008\/8022163414001-960x540.jpg.webp 960w, https:\/\/media.gazetadopovo.com.br\/2025\/08\/29102008\/8022163414001-660x372.jpg.webp 660w, https:\/\/media.gazetadopovo.com.br\/2025\/08\/29102008\/8022163414001-540x360.jpg.webp 540w, https:\/\/media.gazetadopovo.com.br\/2025\/08\/29102008\/8022163414001-380x214.jpg.webp 380w, https:\/\/media.gazetadopovo.com.br\/2025\/08\/29102008\/8022163414001-720x720.jpg.webp 720w, https:\/\/media.gazetadopovo.com.br\/2025\/08\/29102008\/8022163414001-540x540.jpg.webp 540w, https:\/\/media.gazetadopovo.com.br\/2025\/08\/29102008\/8022163414001-372x372.jpg.webp 372w, https:\/\/media.gazetadopovo.com.br\/2025\/08\/29102008\/8022163414001-214x214.jpg.webp 214w, https:\/\/media.gazetadopovo.com.br\/2025\/08\/29102008\/8022163414001-scaled.jpg.webp 2560w\" sizes=\"(max-width: 767px) 328px, 638px\"\/><\/picture><i class=\"postImage_post-image-caption__yoE82\">Papa Francisco durante missa em Triste, na It\u00e1lia. EFE\/EPA\/GABRIELE CROZZOLI<!-- --> <!-- -->(Foto: EFE)<\/i><\/div>\n<p class=\"postParagraph_post-paragraph__juWZN\">Lucrezia Chermaz, advogada de Uzun, afirma que as acusa\u00e7\u00f5es contra ele s\u00e3o uma &#8220;conspira\u00e7\u00e3o&#8221; por &#8220;portar e possuir uma arma comum&#8221; , e complementa que  &#8220;a investiga\u00e7\u00e3o est\u00e1 em andamento&#8221;.<\/p>\n<p class=\"postParagraph_post-paragraph__juWZN\">Imagens de circuito interno de TV gravaram Uzun deixando sua mala no bar e vagando pela esta\u00e7\u00e3o, antes de comprar um novo cart\u00e3o telef\u00f4nico italiano com dinheiro vivo e destruir o antigo.<\/p>\n<p class=\"postParagraph_post-paragraph__juWZN\">Em seguida, ele saiu de Trieste de trem para Mil\u00e3o e de l\u00e1 seguiu para a Su\u00ed\u00e7a, onde foi recusado na fronteira porque sua documenta\u00e7\u00e3o era inv\u00e1lida. Um homem de camisa azul clara foi gravado por c\u00e2meras de seguran\u00e7a acompanhando Uzun nas viagens.<\/p>\n<p class=\"postParagraph_post-paragraph__juWZN\">O jornal tamb\u00e9m aponta que um documento tido como confidencial pelas autoridades confirmou a hip\u00f3tese do poss\u00edvel atentado contra o papa Francisco, planejado pela c\u00e9lula terrorista turca afiliada ao EI.<\/p>\n<p class=\"postParagraph_post-paragraph-innerHtml__Q5vwc\">A investiga\u00e7\u00e3o continua em andamento e busca identificar poss\u00edveis c\u00famplices e verificar a exist\u00eancia de uma rede terrorista operando em territ\u00f3rio europeu.\u00a0<\/p>\n<p class=\"postParagraph_post-paragraph__juWZN\">O papa Francisco morreu no dia 21 de abril de 2025, em Roma, v\u00edtima de um AVC, segundo informa\u00e7\u00f5es oficiais fornecidas pelo Vaticano. O pont\u00edfice se recuperava de uma longa interna\u00e7\u00e3o causada por graves problemas respirat\u00f3rios.<\/p>\n<\/div>\n<p><br \/>\n<br \/>Fonte: <a href=\"https:\/\/www.gazetadopovo.com.br\/mundo\/estado-islamico-armou-plano-para-matar-papa-francisco-em-2024-revela-jornal-italiano\/\">Revista Oeste<\/a><\/p>\n","protected":false},"excerpt":{"rendered":"<p>O jornal italiano Il Piccolo revelou nesta sexta-feira (29) que uma c\u00e9lula turca ligada ao grupo terrorista Estado Isl\u00e2mico (EI) supostamente planejou um ataque contra o papa Francisco, que aconteceria durante sua visita a Trieste, no norte da It\u00e1lia, em 7 de julho de 2024. Uma investiga\u00e7\u00e3o do Minist\u00e9rio P\u00fablico de Trieste, em colabora\u00e7\u00e3o com [&hellip;]<\/p>\n","protected":false},"author":5,"featured_media":40711,"comment_status":"open","ping_status":"open","sticky":false,"template":"","format":"standard","meta":{"_seopress_robots_primary_cat":"","_seopress_titles_title":"","_seopress_titles_desc":"","_seopress_robots_index":"","footnotes":""},"categories":[48],"tags":[],"class_list":["post-40710","post","type-post","status-publish","format-standard","has-post-thumbnail","hentry","category-internacional"],"_links":{"self":[{"href":"https:\/\/mussicom.com\/noticias\/wp-json\/wp\/v2\/posts\/40710","targetHints":{"allow":["GET"]}}],"collection":[{"href":"https:\/\/mussicom.com\/noticias\/wp-json\/wp\/v2\/posts"}],"about":[{"href":"https:\/\/mussicom.com\/noticias\/wp-json\/wp\/v2\/types\/post"}],"author":[{"embeddable":true,"href":"https:\/\/mussicom.com\/noticias\/wp-json\/wp\/v2\/users\/5"}],"replies":[{"embeddable":true,"href":"https:\/\/mussicom.com\/noticias\/wp-json\/wp\/v2\/comments?post=40710"}],"version-history":[{"count":0,"href":"https:\/\/mussicom.com\/noticias\/wp-json\/wp\/v2\/posts\/40710\/revisions"}],"wp:featuredmedia":[{"embeddable":true,"href":"https:\/\/mussicom.com\/noticias\/wp-json\/wp\/v2\/media\/40711"}],"wp:attachment":[{"href":"https:\/\/mussicom.com\/noticias\/wp-json\/wp\/v2\/media?parent=40710"}],"wp:term":[{"taxonomy":"category","embeddable":true,"href":"https:\/\/mussicom.com\/noticias\/wp-json\/wp\/v2\/categories?post=40710"},{"taxonomy":"post_tag","embeddable":true,"href":"https:\/\/mussicom.com\/noticias\/wp-json\/wp\/v2\/tags?post=40710"}],"curies":[{"name":"wp","href":"https:\/\/api.w.org\/{rel}","templated":true}]}}