{"id":40690,"date":"2025-08-29T10:03:16","date_gmt":"2025-08-29T13:03:16","guid":{"rendered":"https:\/\/mussicom.com\/saga-crepusculo-voltara-aos-cinemas-nos-estados-unidos-mas-e-o-brasil\/"},"modified":"2025-08-29T10:03:16","modified_gmt":"2025-08-29T13:03:16","slug":"saga-crepusculo-voltara-aos-cinemas-nos-estados-unidos-mas-e-o-brasil","status":"publish","type":"post","link":"https:\/\/mussicom.com\/noticias\/saga-crepusculo-voltara-aos-cinemas-nos-estados-unidos-mas-e-o-brasil\/","title":{"rendered":"Saga &#8216;Crep\u00fasculo&#8217; voltar\u00e1 aos cinemas nos Estados Unidos \u2014 mas e o Brasil?"},"content":{"rendered":"<p> <br \/>\n<\/p>\n<div>\n<p data-end=\"430\" data-start=\"66\">Para celebrar os 20 anos da saga <em><strong>Crep\u00fasculo<\/strong><\/em>, os filmes da franquia ganhar\u00e3o sess\u00f5es especiais nos cinemas dos Estados Unidos. O marco faz refer\u00eancia ao lan\u00e7amento do primeiro livro, publicado em setembro de 2005.<\/p>\n<p data-end=\"430\" data-start=\"66\">Entre os dias 29 de outubro e 2 de novembro, os f\u00e3s poder\u00e3o reviver nas telonas o romance entre Edward, vivido por <strong>Robert Pattinson<\/strong> (<em>Batman<\/em>), e Bela, vivida por <strong>Kristen Stewart<\/strong> (<em>Love Lies Bleeding: O Amor Sangra<\/em>). Confira o an\u00fancio:<\/p>\n<h4 data-end=\"472\" data-start=\"169\"><strong>Sobre <em>Crep\u00fasculo<\/em><\/strong><\/h4>\n<p data-end=\"798\" data-start=\"474\">A saga baseada nos livros de <strong>Stephenie Meyer<\/strong> conquistou uma legi\u00e3o de f\u00e3s desde o lan\u00e7amento do primeiro filme em 2008. A hist\u00f3ria acompanha o romance entre a jovem humana Bella Swan (<strong>Stewart<\/strong>) e o vampiro Edward Cullen (<strong>Pattinson<\/strong>), com elementos de fantasia, a\u00e7\u00e3o e drama adolescente que marcaram uma gera\u00e7\u00e3o.<\/p>\n<p data-end=\"798\" data-start=\"474\">Al\u00e9m da trama central de amor sobrenatural, os filmes tamb\u00e9m s\u00e3o conhecidos por sua trilha sonora marcante, os conflitos entre vampiros e lobisomens, e o tri\u00e2ngulo amoroso entre Bella, Edward e Jacob (<strong>Taylor Lautner<\/strong>).\u00a0<\/p>\n<h4 data-end=\"1462\" data-start=\"1114\"><strong>Mas e o Brasil?<\/strong><\/h4>\n<p>A Paris Filmes, respons\u00e1vel pela distribui\u00e7\u00e3o dos filmes no Brasil, ainda n\u00e3o confirmou se os filmes tamb\u00e9m voltar\u00e3o aos cinemas por aqui.<\/p>\n<p><strong>LEIA TAMB\u00c9M:<\/strong>Diretora de &#8216;Crep\u00fasculo&#8217; revela presente simb\u00f3lico ap\u00f3s sucesso mundial do filme<\/p>\n<blockquote class=\"amdb-polls\" contenteditable=\"false\" data-sid=\"\/polls\/14\/embed\/\">\n<p>Qual foi o melhor filme de 2025 at\u00e9 agora? Vote no seu favorito!<\/p>\n<ul>\n<li>Anora<\/li>\n<li>Conclave<\/li>\n<li>Flow<\/li>\n<li>O Brutalista<\/li>\n<li>Mickey 17<\/li>\n<li>Vit\u00f3ria<\/li>\n<li>Pecadores<\/li>\n<li>Thunderbolts*<\/li>\n<li>Homem com H<\/li>\n<li>Karat\u00ea Kid: Lendas<\/li>\n<li>Premoni\u00e7\u00e3o 6: La\u00e7os de Sangue<\/li>\n<li>Miss\u00e3o: Imposs\u00edvel &#8211; O Acerto Final<\/li>\n<li>Como Treinar o Seu Drag\u00e3o<\/li>\n<li>Exterm\u00ednio: A Evolu\u00e7\u00e3o<\/li>\n<li>F1: O Filme<\/li>\n<li>Superman<\/li>\n<li>Eu Sei o que Voc\u00eas Fizeram no Ver\u00e3o Passado<\/li>\n<li>Cazuza, Boas Novas<\/li>\n<li>Cloud \u2013 Nuvem de Vingan\u00e7a<\/li>\n<li>Quarteto Fant\u00e1stico: Primeiros Passos<\/li>\n<\/ul>\n<\/blockquote>\n<\/div>\n<p><br \/>\n<br \/>Fonte: <a href=\"https:\/\/rollingstone.com.br\/cinema\/saga-crepusculo-voltara-aos-cinemas-nos-estados-unidos-mas-e-o-brasil\/\">rollingstone.com.br<\/a><\/p>\n","protected":false},"excerpt":{"rendered":"<p>Para celebrar os 20 anos da saga Crep\u00fasculo, os filmes da franquia ganhar\u00e3o sess\u00f5es especiais nos cinemas dos Estados Unidos. O marco faz refer\u00eancia ao lan\u00e7amento do primeiro livro, publicado em setembro de 2005. Entre os dias 29 de outubro e 2 de novembro, os f\u00e3s poder\u00e3o reviver nas telonas o romance entre Edward, vivido [&hellip;]<\/p>\n","protected":false},"author":5,"featured_media":40691,"comment_status":"open","ping_status":"open","sticky":false,"template":"","format":"standard","meta":{"_seopress_robots_primary_cat":"","_seopress_titles_title":"","_seopress_titles_desc":"","_seopress_robots_index":"","footnotes":""},"categories":[51],"tags":[],"class_list":["post-40690","post","type-post","status-publish","format-standard","has-post-thumbnail","hentry","category-musica"],"_links":{"self":[{"href":"https:\/\/mussicom.com\/noticias\/wp-json\/wp\/v2\/posts\/40690","targetHints":{"allow":["GET"]}}],"collection":[{"href":"https:\/\/mussicom.com\/noticias\/wp-json\/wp\/v2\/posts"}],"about":[{"href":"https:\/\/mussicom.com\/noticias\/wp-json\/wp\/v2\/types\/post"}],"author":[{"embeddable":true,"href":"https:\/\/mussicom.com\/noticias\/wp-json\/wp\/v2\/users\/5"}],"replies":[{"embeddable":true,"href":"https:\/\/mussicom.com\/noticias\/wp-json\/wp\/v2\/comments?post=40690"}],"version-history":[{"count":0,"href":"https:\/\/mussicom.com\/noticias\/wp-json\/wp\/v2\/posts\/40690\/revisions"}],"wp:featuredmedia":[{"embeddable":true,"href":"https:\/\/mussicom.com\/noticias\/wp-json\/wp\/v2\/media\/40691"}],"wp:attachment":[{"href":"https:\/\/mussicom.com\/noticias\/wp-json\/wp\/v2\/media?parent=40690"}],"wp:term":[{"taxonomy":"category","embeddable":true,"href":"https:\/\/mussicom.com\/noticias\/wp-json\/wp\/v2\/categories?post=40690"},{"taxonomy":"post_tag","embeddable":true,"href":"https:\/\/mussicom.com\/noticias\/wp-json\/wp\/v2\/tags?post=40690"}],"curies":[{"name":"wp","href":"https:\/\/api.w.org\/{rel}","templated":true}]}}