{"id":40669,"date":"2025-08-29T08:01:46","date_gmt":"2025-08-29T11:01:46","guid":{"rendered":"https:\/\/mussicom.com\/liniker-marina-sena-e-projeto-dominguinho-sao-destaques-no-festival-mada-2025\/"},"modified":"2025-08-29T08:01:46","modified_gmt":"2025-08-29T11:01:46","slug":"liniker-marina-sena-e-projeto-dominguinho-sao-destaques-no-festival-mada-2025","status":"publish","type":"post","link":"https:\/\/mussicom.com\/noticias\/liniker-marina-sena-e-projeto-dominguinho-sao-destaques-no-festival-mada-2025\/","title":{"rendered":"Liniker, Marina Sena e projeto Dominguinho s\u00e3o destaques no Festival MADA 2025"},"content":{"rendered":"<p> <br \/>\n<\/p>\n<div>\n<p>H\u00e1 tr\u00eas d\u00e9cadas alimentando a alma dos apaixonados por m\u00fasica, o <strong>Festival MADA<\/strong> \u2014 M\u00fasica Alimento da Alma \u2014 re\u00fane destaques do cen\u00e1rio musical brasileiro atual para a sua 27\u00aa edi\u00e7\u00e3o, marcada para outubro, na Arena das Dunas, em Natal (RN).<\/p>\n<p>Viajando pelo Brasil e o mundo para divulgar <strong>&#8220;CAJU&#8221;<\/strong>, o seu \u00e1lbum mais recente,\u00a0<strong>Liniker<\/strong> faz uma parada no festival para encantar com sucessos como <strong>&#8220;TUDO&#8221;<\/strong>, <strong>&#8220;ME AJUDE A SALVAR OS DOMINGOS&#8221;<\/strong>, <strong>&#8220;FEBRE&#8221;<\/strong> e\u00a0<strong>&#8220;VELUDO MARROM&#8221;<\/strong>.<\/p>\n<p>Destaque no <strong>Festival de Inverno do Rio<\/strong>, no Rio de Janeiro (RJ), e no <strong>Movimento Cidade<\/strong>, em Vila Velha (ES), <strong>Marina Sena<\/strong> tamb\u00e9m passa pelo MADA com a turn\u00ea de <strong>&#8220;Coisas Naturais&#8221;<\/strong>, o seu \u00faltimo \u2014 e aclamado \u2014 lan\u00e7amento.<\/p>\n<p>A nova edi\u00e7\u00e3o do <strong>Festival MADA<\/strong> ainda traz a estreia do projeto\u00a0<strong>Dominguinho<\/strong>, composto por\u00a0<strong>Jo\u00e3o Gomes<\/strong>,\u00a0<strong>Jota.p\u00ea<\/strong> e\u00a0<strong>Mestrinho<\/strong>, em festivais. No repert\u00f3rio, s\u00e3o esperados\u00a0<em>hits<\/em> como <strong>&#8220;Lembrei de N\u00f3s&#8221;<\/strong>, <strong>&#8220;Beija Flor&#8221;<\/strong>, <strong>&#8220;Some ou Me Assume&#8221;<\/strong>, <strong>&#8220;Mala e Cuia&#8221;<\/strong> e <strong>&#8220;Pontes Indestrut\u00edveis&#8221;<\/strong>, al\u00e9m de destaques nas discografias de cada um dos artistas.<\/p>\n<blockquote class=\"citacao\"><p><em>\u201cChegar aos 27 anos com uma programa\u00e7\u00e3o t\u00e3o conectada ao presente \u00e9 motivo de orgulho. O <strong>MADA<\/strong> nunca foi um festival preso \u00e0 nostalgia \u2014 nosso olhar est\u00e1 sempre voltado para o agora e para o que ainda est\u00e1 por vir&#8221;<\/em>, destaca <strong>Pedro Barreira<\/strong>, diretor art\u00edstico do festival.<\/p><\/blockquote>\n<p>O rapper brasiliense\u00a0<strong>Don L<\/strong>, as cantoras baianas <strong>Melly<\/strong> e <strong>Rachel Reis<\/strong>, e a banda goiana <strong>Boogarins<\/strong> tamb\u00e9m est\u00e3o confirmados no line up da 27\u00aa edi\u00e7\u00e3o do\u00a0<strong>Festival MADA<\/strong>, que acontece nos dias 17 e 18 de outubro. Os ingressos podem ser adquiridos clicando aqui.<\/p>\n<p><strong>LEIA TAMB\u00c9M:<\/strong>Lollapalooza Brasil 2026 anuncia lineup completo; veja atra\u00e7\u00f5es<\/p>\n<\/div>\n<p><br \/>\n<br \/>Fonte: <a href=\"https:\/\/rollingstone.com.br\/musica\/liniker-marina-sena-e-projeto-dominguinho-sao-destaques-no-festival-mada-2025\/\">rollingstone.com.br<\/a><\/p>\n","protected":false},"excerpt":{"rendered":"<p>H\u00e1 tr\u00eas d\u00e9cadas alimentando a alma dos apaixonados por m\u00fasica, o Festival MADA \u2014 M\u00fasica Alimento da Alma \u2014 re\u00fane destaques do cen\u00e1rio musical brasileiro atual para a sua 27\u00aa edi\u00e7\u00e3o, marcada para outubro, na Arena das Dunas, em Natal (RN). Viajando pelo Brasil e o mundo para divulgar &#8220;CAJU&#8221;, o seu \u00e1lbum mais recente,\u00a0Liniker [&hellip;]<\/p>\n","protected":false},"author":5,"featured_media":40670,"comment_status":"open","ping_status":"open","sticky":false,"template":"","format":"standard","meta":{"_seopress_robots_primary_cat":"","_seopress_titles_title":"","_seopress_titles_desc":"","_seopress_robots_index":"","footnotes":""},"categories":[51],"tags":[],"class_list":["post-40669","post","type-post","status-publish","format-standard","has-post-thumbnail","hentry","category-musica"],"_links":{"self":[{"href":"https:\/\/mussicom.com\/noticias\/wp-json\/wp\/v2\/posts\/40669","targetHints":{"allow":["GET"]}}],"collection":[{"href":"https:\/\/mussicom.com\/noticias\/wp-json\/wp\/v2\/posts"}],"about":[{"href":"https:\/\/mussicom.com\/noticias\/wp-json\/wp\/v2\/types\/post"}],"author":[{"embeddable":true,"href":"https:\/\/mussicom.com\/noticias\/wp-json\/wp\/v2\/users\/5"}],"replies":[{"embeddable":true,"href":"https:\/\/mussicom.com\/noticias\/wp-json\/wp\/v2\/comments?post=40669"}],"version-history":[{"count":0,"href":"https:\/\/mussicom.com\/noticias\/wp-json\/wp\/v2\/posts\/40669\/revisions"}],"wp:featuredmedia":[{"embeddable":true,"href":"https:\/\/mussicom.com\/noticias\/wp-json\/wp\/v2\/media\/40670"}],"wp:attachment":[{"href":"https:\/\/mussicom.com\/noticias\/wp-json\/wp\/v2\/media?parent=40669"}],"wp:term":[{"taxonomy":"category","embeddable":true,"href":"https:\/\/mussicom.com\/noticias\/wp-json\/wp\/v2\/categories?post=40669"},{"taxonomy":"post_tag","embeddable":true,"href":"https:\/\/mussicom.com\/noticias\/wp-json\/wp\/v2\/tags?post=40669"}],"curies":[{"name":"wp","href":"https:\/\/api.w.org\/{rel}","templated":true}]}}