{"id":40649,"date":"2025-08-29T05:57:47","date_gmt":"2025-08-29T08:57:47","guid":{"rendered":"https:\/\/mussicom.com\/capoeiras-minisserie-com-sergio-malheiros-e-raphael-logam-chega-ao-streaming\/"},"modified":"2025-08-29T05:57:47","modified_gmt":"2025-08-29T08:57:47","slug":"capoeiras-minisserie-com-sergio-malheiros-e-raphael-logam-chega-ao-streaming","status":"publish","type":"post","link":"https:\/\/mussicom.com\/noticias\/capoeiras-minisserie-com-sergio-malheiros-e-raphael-logam-chega-ao-streaming\/","title":{"rendered":"&#8216;Capoeiras&#8217;, miniss\u00e9rie com S\u00e9rgio Malheiros e Raphael Logam, chega ao streaming"},"content":{"rendered":"<p> <br \/>\n<\/p>\n<div>\n<p><em><strong>Capoeiras<\/strong><\/em>, miniss\u00e9rie inspirada no livro <em>A Balada de Noivo-da-Vida e Veneno-da-Madrugada<\/em>, de <strong>Nestor Capoeira<\/strong>, j\u00e1 est\u00e1 dispon\u00edvel no streaming. Saiba onde assistir \u00e0 novidade a seguir:<\/p>\n<h4><strong>Do que se trata?<\/strong><\/h4>\n<p>Veneno (<strong>Raphael Logam<\/strong>) e Noivo (<strong>S\u00e9rgio Malheiros<\/strong>, ambos de <em>Impuros<\/em>) cresceram juntos sob os ensinamentos do mestre Vendaval, mas uma batida policial que resulta em trag\u00e9dia e muda o destino de todos, levando cada um a escolhas opostas. Enquanto Veneno permanece para cuidar de Ventania, filha do mestre falecido, Noivo foge carregando a culpa. D\u00e9cadas depois, seus caminhos voltam a se cruzar com segredos do passado exigindo acertos.<\/p>\n<p>Veneno trabalha como faxineiro em uma boate e entra em um clube de lutas clandestinas, onde se torna o seu maior campe\u00e3o, sem saber que se aproxima dos verdadeiros culpados pela morte de Vendaval. Seu maior oponente ser\u00e1 Noivo, que retorna ao Rio para evitar uma nova trag\u00e9dia que viu em uma de suas vis\u00f5es.<\/p>\n<p><iframe title=\"Capoeiras | Trailer Oficial | Disney+\" width=\"800\" height=\"450\" src=\"https:\/\/www.youtube.com\/embed\/NHSrzhOmBSY?feature=oembed\" frameborder=\"0\" allow=\"accelerometer; autoplay; clipboard-write; encrypted-media; gyroscope; picture-in-picture; web-share\" referrerpolicy=\"strict-origin-when-cross-origin\" allowfullscreen><\/iframe><\/p>\n<h4><strong>Quem est\u00e1 na produ\u00e7\u00e3o e elenco?<\/strong><\/h4>\n<p>A miniss\u00e9rie \u00e9 uma cria\u00e7\u00e3o de <strong>Eliana Alves Cruz<\/strong> (roteirista de <em>Anderson Spider Silva<\/em>), e conta com dire\u00e7\u00e3o do cineasta <strong>Tom\u00e1s Portella<\/strong> (<em>Aumenta que \u00e9 Rock\u2019n\u2019Roll<\/em>). O elenco re\u00fane nomes como <strong>Juliana Alves<\/strong> (<em>Amor Perfeito<\/em>), <strong>Bruno Gissoni<\/strong> (<em>Rio Connection<\/em>), <strong>Fernanda de Freitas<\/strong> (<em>Tapas &amp; Beijos<\/em>), <strong>Rodrigo de Od\u00e9<\/strong> (<em>Negociador<\/em>), <strong>Dan Ferreira<\/strong> (<em>Maria e o Canga\u00e7o<\/em>) e <strong>Dhara Lopes<\/strong> (<em>Acampamento de Magia para Jovens Bruxos<\/em>). As cenas de luta foram coreografadas pelos pr\u00f3prios protagonistas, refor\u00e7ando a autenticidade dos movimentos da capoeira dentro da narrativa.<\/p>\n<h4><strong>Onde assistir e que horas estreia <em>Capoeiras<\/em> no streaming?<\/strong><\/h4>\n<p>A miniss\u00e9rie foca a trajet\u00f3ria de dois amigos marcados pela viol\u00eancia e pela heran\u00e7a cultural da capoeira no Rio de Janeiro dos anos 1970 e chega ao Disney+ nesta sexta-feira, 28 de agosto, entre 0h e 4h (hor\u00e1rio de Bras\u00edlia).<\/p>\n<p><strong>LEIA TAMB\u00c9M: <\/strong>&#8216;O Agente Secreto&#8217;, filme com Wagner Moura, ganha teaser oficial; assista<\/p>\n<blockquote class=\"amdb-polls\" contenteditable=\"false\" data-sid=\"\/polls\/14\/embed\/\">\n<p>Qual foi o melhor filme de 2025 at\u00e9 agora? Vote no seu favorito!<\/p>\n<ul>\n<li>Anora<\/li>\n<li>Conclave<\/li>\n<li>Flow<\/li>\n<li>Vit\u00f3ria<\/li>\n<li>Pecadores<\/li>\n<li>Thunderbolts*<\/li>\n<li>Homem com H<\/li>\n<li>Karat\u00ea Kid: Lendas<\/li>\n<li>Premoni\u00e7\u00e3o 6: La\u00e7os de Sangue<\/li>\n<li>Miss\u00e3o: Imposs\u00edvel &#8211; O Acerto Final<\/li>\n<li>Como Treinar o Seu Drag\u00e3o<\/li>\n<li>F1: O Filme<\/li>\n<li>Superman<\/li>\n<li>Quarteto Fant\u00e1stico: Primeiros Passos<\/li>\n<li>Amores Materialistas<\/li>\n<li>Uma Sexta-Feira Mais Louca Ainda<\/li>\n<li>A Hora do Mal<\/li>\n<li>Juntos<\/li>\n<li>Corra que a Pol\u00edcia Vem A\u00ed!<\/li>\n<li>Fa\u00e7a Ela Voltar<\/li>\n<\/ul>\n<\/blockquote>\n<\/div>\n<p><br \/>\n<br \/>Fonte: <a href=\"https:\/\/rollingstone.com.br\/entretenimento\/capoeiras-minisserie-com-sergio-malheiros-e-raphael-logam-chega-ao-streaming\/\">rollingstone.com.br<\/a><\/p>\n","protected":false},"excerpt":{"rendered":"<p>Capoeiras, miniss\u00e9rie inspirada no livro A Balada de Noivo-da-Vida e Veneno-da-Madrugada, de Nestor Capoeira, j\u00e1 est\u00e1 dispon\u00edvel no streaming. Saiba onde assistir \u00e0 novidade a seguir: Do que se trata? Veneno (Raphael Logam) e Noivo (S\u00e9rgio Malheiros, ambos de Impuros) cresceram juntos sob os ensinamentos do mestre Vendaval, mas uma batida policial que resulta em [&hellip;]<\/p>\n","protected":false},"author":5,"featured_media":40650,"comment_status":"open","ping_status":"open","sticky":false,"template":"","format":"standard","meta":{"_seopress_robots_primary_cat":"","_seopress_titles_title":"","_seopress_titles_desc":"","_seopress_robots_index":"","footnotes":""},"categories":[51],"tags":[],"class_list":["post-40649","post","type-post","status-publish","format-standard","has-post-thumbnail","hentry","category-musica"],"_links":{"self":[{"href":"https:\/\/mussicom.com\/noticias\/wp-json\/wp\/v2\/posts\/40649","targetHints":{"allow":["GET"]}}],"collection":[{"href":"https:\/\/mussicom.com\/noticias\/wp-json\/wp\/v2\/posts"}],"about":[{"href":"https:\/\/mussicom.com\/noticias\/wp-json\/wp\/v2\/types\/post"}],"author":[{"embeddable":true,"href":"https:\/\/mussicom.com\/noticias\/wp-json\/wp\/v2\/users\/5"}],"replies":[{"embeddable":true,"href":"https:\/\/mussicom.com\/noticias\/wp-json\/wp\/v2\/comments?post=40649"}],"version-history":[{"count":0,"href":"https:\/\/mussicom.com\/noticias\/wp-json\/wp\/v2\/posts\/40649\/revisions"}],"wp:featuredmedia":[{"embeddable":true,"href":"https:\/\/mussicom.com\/noticias\/wp-json\/wp\/v2\/media\/40650"}],"wp:attachment":[{"href":"https:\/\/mussicom.com\/noticias\/wp-json\/wp\/v2\/media?parent=40649"}],"wp:term":[{"taxonomy":"category","embeddable":true,"href":"https:\/\/mussicom.com\/noticias\/wp-json\/wp\/v2\/categories?post=40649"},{"taxonomy":"post_tag","embeddable":true,"href":"https:\/\/mussicom.com\/noticias\/wp-json\/wp\/v2\/tags?post=40649"}],"curies":[{"name":"wp","href":"https:\/\/api.w.org\/{rel}","templated":true}]}}