{"id":40525,"date":"2025-08-28T17:17:25","date_gmt":"2025-08-28T20:17:25","guid":{"rendered":"https:\/\/mussicom.com\/moraes-teria-decidido-destino-de-bolsonaro\/"},"modified":"2025-08-28T17:17:25","modified_gmt":"2025-08-28T20:17:25","slug":"moraes-teria-decidido-destino-de-bolsonaro","status":"publish","type":"post","link":"https:\/\/mussicom.com\/noticias\/moraes-teria-decidido-destino-de-bolsonaro\/","title":{"rendered":"Moraes teria decidido destino de Bolsonaro"},"content":{"rendered":"<p> <br \/>\n<\/p>\n<div>\n<p class=\"postParagraph_post-paragraph-innerHtml__Q5vwc\">No programa \u00daltima An\u00e1lise desta quarta-feira (27), os comentaristas analisaram a suposta condena\u00e7\u00e3o antecipada por Alexandre de Moraes do ex-presidente Jair Bolsonaro, a ser cumprida no pres\u00eddio da Papuda\/DF. Fontes pr\u00f3ximas ao Judici\u00e1rio teriam vazado que Alexandre de Moraes j\u00e1 definiu que o ex-presidente cumpriria pena em uma cela especial.<\/p>\n<p class=\"postParagraph_post-paragraph__juWZN\">&#8220;Estamos diante de uma politiza\u00e7\u00e3o total do processo. Inclusive, isso mostra que \u00e9 leg\u00edtima a posi\u00e7\u00e3o do Eduardo Bolsonaro, de ir l\u00e1 fora reclamar. O pr\u00f3prio ministro j\u00e1 est\u00e1 condenando&#8221;, disse o jurista Andr\u00e9 Marsiglia. Al\u00e9m disso, Moraes estaria passando por cima de seus colegas na sua busca pela condena\u00e7\u00e3o de Bolsonaro, ele avalia.<\/p>\n<p class=\"postParagraph_post-paragraph__juWZN\">A decis\u00e3o de enviar um ex-presidente para um pres\u00eddio considerado insalubre, como a Papuda, rompe com a tradi\u00e7\u00e3o da jurisprud\u00eancia do STF, que visa proteger a seguran\u00e7a de ex-chefes de estado em locais adequado. Assim, Bolsonaro n\u00e3o ficaria em uma depend\u00eancia do Ex\u00e9rcito Nacional, como alguns esperavam.<\/p>\n<p class=\"postParagraph_post-paragraph__juWZN\">O ex-procurador Deltan Dallagnol diz que isto \u00e9 uma evidente extrapola\u00e7\u00e3o dos limites do direito. &#8220;N\u00e3o existe imparcialidade. N\u00e3o existe desejo de conhecer as provas ou os fatos. \u00c9 simplesmente o desejo de prejudicar algu\u00e9m a partir de um resultado pr\u00e9-definido&#8221;, afirma ele.<\/p>\n<h2 class=\"postParagraph_post-paragraph__juWZN postParagraph_type-tag-h2__TtFkT\">Lindbergh: a mente por tr\u00e1s da PGR<\/h2>\n<p class=\"postParagraph_post-paragraph-innerHtml__Q5vwc\">O Procurador-Geral da Rep\u00fablica, Paulo Gonet, dever\u00e1 em breve ser reconduzido por Lula ao cargo, depois de passar pela sabatino no Senado Federal. No entanto, o que se observa \u00e9 que o papel de acusador, nos \u00faltimos anos, nas a\u00e7\u00f5es perante o STF, tem sido desempenhado, tamb\u00e9m, pelo deputado federal Lindbergh Farias (PT-RJ).<\/p>\n<p class=\"postParagraph_post-paragraph-innerHtml__Q5vwc\">Foi Lindbergh quem solicitou vigil\u00e2ncia\u00a0policial na casa de Bolsonaro, para prevenir uma fuga do ex-presidente. Tamb\u00e9m prop\u00f4s a abertura de inqu\u00e9rito para investigar os crimes de coa\u00e7\u00e3o no curso do processo, obstru\u00e7\u00e3o de investiga\u00e7\u00e3o e aboli\u00e7\u00e3o violenta do Estado Democr\u00e1tico de Direito, igualmente contra Bolsonaro. Ainda, o petista pediu que Moraes o monitorasse por tornozeleira eletr\u00f4nica.<\/p>\n<p class=\"postParagraph_post-paragraph__juWZN\">&#8220;H\u00e1 um claro alinhamento entre as a\u00e7\u00f5es de Lindbergh, da PGR e do STF. Se fosse uma converg\u00eancia baseada na Constitui\u00e7\u00e3o, n\u00e3o haveria nada de errado. Por\u00e9m, \u00e9 uma converg\u00eancia fora das quatro linhas&#8221;, explica Dallangol. Ele refor\u00e7a que, \u00e0 \u00e9poca da Lava Jato, isso teria sido um esc\u00e2ndalo, mas agora foi normalizado.<\/p>\n<p class=\"postParagraph_post-paragraph__juWZN\">J\u00e1 Marsiglia diz que o STF se aproveita da figura de Lindbergh em sua atua\u00e7\u00e3o. &#8220;Como ele vai sempre disparar pedidos, e consegue ser mais r\u00e1pido do que todo mundo, o STF usa disso para sair decidindo cada vez mais agressivamentes. Lindbergh \u00e9 \u00fatil&#8221;, afirma ele.<\/p>\n<p class=\"postParagraph_post-paragraph-innerHtml__Q5vwc\">O programa \u00daltima An\u00e1lise faz parte do conte\u00fado jornal\u00edstico ao vivo da Gazeta do Povo, no YouTube. O hor\u00e1rio de exibi\u00e7\u00e3o \u00e9 das 19h \u00e0s 20h30, de segunda a sexta-feira. A proposta \u00e9 discutir de forma racional, aprofundada e respeitosa alguns dos temas desafiadores para os rumos do pa\u00eds.<\/p>\n<p><iframe title=\"Condena\u00e7\u00e3o antes de julgar: Moraes vaza pres\u00eddio da Papuda como destino de Bolsonaro| \u00daLTIMA AN\u00c1LISE\" width=\"800\" height=\"450\" src=\"https:\/\/www.youtube.com\/embed\/KD5Mab6iQvY?feature=oembed\" frameborder=\"0\" allow=\"accelerometer; autoplay; clipboard-write; encrypted-media; gyroscope; picture-in-picture; web-share\" referrerpolicy=\"strict-origin-when-cross-origin\" allowfullscreen><\/iframe><\/p>\n<\/div>\n<p><br \/>\n<br \/>Fonte: <a href=\"https:\/\/www.gazetadopovo.com.br\/republica\/bolsonaro-na-papuda-moraes-teria-decidido-local-da-pena\/\">Revista Oeste<\/a><\/p>\n","protected":false},"excerpt":{"rendered":"<p>No programa \u00daltima An\u00e1lise desta quarta-feira (27), os comentaristas analisaram a suposta condena\u00e7\u00e3o antecipada por Alexandre de Moraes do ex-presidente Jair Bolsonaro, a ser cumprida no pres\u00eddio da Papuda\/DF. Fontes pr\u00f3ximas ao Judici\u00e1rio teriam vazado que Alexandre de Moraes j\u00e1 definiu que o ex-presidente cumpriria pena em uma cela especial. &#8220;Estamos diante de uma politiza\u00e7\u00e3o [&hellip;]<\/p>\n","protected":false},"author":5,"featured_media":40168,"comment_status":"open","ping_status":"open","sticky":false,"template":"","format":"standard","meta":{"_seopress_robots_primary_cat":"","_seopress_titles_title":"","_seopress_titles_desc":"","_seopress_robots_index":"","footnotes":""},"categories":[1],"tags":[],"class_list":["post-40525","post","type-post","status-publish","format-standard","has-post-thumbnail","hentry","category-ultimas-noticias"],"_links":{"self":[{"href":"https:\/\/mussicom.com\/noticias\/wp-json\/wp\/v2\/posts\/40525","targetHints":{"allow":["GET"]}}],"collection":[{"href":"https:\/\/mussicom.com\/noticias\/wp-json\/wp\/v2\/posts"}],"about":[{"href":"https:\/\/mussicom.com\/noticias\/wp-json\/wp\/v2\/types\/post"}],"author":[{"embeddable":true,"href":"https:\/\/mussicom.com\/noticias\/wp-json\/wp\/v2\/users\/5"}],"replies":[{"embeddable":true,"href":"https:\/\/mussicom.com\/noticias\/wp-json\/wp\/v2\/comments?post=40525"}],"version-history":[{"count":0,"href":"https:\/\/mussicom.com\/noticias\/wp-json\/wp\/v2\/posts\/40525\/revisions"}],"wp:featuredmedia":[{"embeddable":true,"href":"https:\/\/mussicom.com\/noticias\/wp-json\/wp\/v2\/media\/40168"}],"wp:attachment":[{"href":"https:\/\/mussicom.com\/noticias\/wp-json\/wp\/v2\/media?parent=40525"}],"wp:term":[{"taxonomy":"category","embeddable":true,"href":"https:\/\/mussicom.com\/noticias\/wp-json\/wp\/v2\/categories?post=40525"},{"taxonomy":"post_tag","embeddable":true,"href":"https:\/\/mussicom.com\/noticias\/wp-json\/wp\/v2\/tags?post=40525"}],"curies":[{"name":"wp","href":"https:\/\/api.w.org\/{rel}","templated":true}]}}