{"id":40523,"date":"2025-08-28T17:12:07","date_gmt":"2025-08-28T20:12:07","guid":{"rendered":"https:\/\/mussicom.com\/projeto-oferece-atendimento-oftalmologico-para-criancas-em-curitiba\/"},"modified":"2025-08-28T17:12:07","modified_gmt":"2025-08-28T20:12:07","slug":"projeto-oferece-atendimento-oftalmologico-para-criancas-em-curitiba","status":"publish","type":"post","link":"https:\/\/mussicom.com\/noticias\/projeto-oferece-atendimento-oftalmologico-para-criancas-em-curitiba\/","title":{"rendered":"Projeto oferece atendimento oftalmol\u00f3gico para crian\u00e7as em Curitiba"},"content":{"rendered":"<p> <br \/>\n<\/p>\n<div>\n<div class=\"dnd-widget-wrapper context-medio_4colunas type-image atom-align-right\">\n<div class=\"dnd-atom-rendered\"><!-- scald=435258:medio_4colunas {\"additionalClasses\":\"\"} --><br \/>\n            <br \/>\n        <img decoding=\"async\" src=\"https:\/\/imagens.ebc.com.br\/jAw6kg7WXIp3MxpsxluA6rytVeM=\/365x0\/smart\/https:\/\/agenciabrasil.ebc.com.br\/sites\/default\/files\/thumbnails\/image\/2025\/08\/28\/whatsapp_image_2025-08-28_at_16.13.12.jpeg?itok=1BRKcxuL\" alt=\"Curitiba (PR), 28\/08\/2025 - Projeto oferece atendimento oftalmol\u00f3gico gratuito para crian\u00e7a. Estudante Brenda Valenttina participa do projeto Pequenos Olhares. Foto: Paula Laboissi\u00e8re\/Ag\u00eancia Brasil\" title=\"Paula Laboissi\u00e8re\/Ag\u00eancia Brasil\"\/><br \/>\n    <!-- END scald=435258 --><\/div>\n<div class=\"dnd-caption-wrapper\">\n<p>Brenda Valenttina passa a fazer parte da turma dos que usam \u00f3culos\u00a0&#8211; <strong>Paula Laboissi\u00e8re\/Ag\u00eancia Brasil<\/strong><!--END copyright=435258--><\/p>\n<\/div>\n<\/div>\n<p>Aos 9 anos, a estudante Brenda Valenttina passou, pela primeira vez, por um exame completo de acuidade visual, popularmente conhecido como teste da vis\u00e3o. Enfrentou v\u00e1rios aparelhos e profissionais e, claro, precisou dilatar a pupila. \u201cN\u00e3o gostei muito do col\u00edrio. Ardeu um pouco. E a gente fica enxergando esquisito depois\u201d. Ao final, a aluna do 4\u00ba\u00a0ano da rede p\u00fablica de Curitiba descobriu que precisa usar \u00f3culos. No momento de escolher a arma\u00e7\u00e3o, preferiu a estampada de oncinha. \u201cTenho v\u00e1rias amigas que usam. A Khaleesi, a Sofia, a Lara, a Maria Helena. Agora, vou fazer parte da turma que usa \u00f3culos tamb\u00e9m\u201d.\u00a0<img decoding=\"async\" src=\"https:\/\/agenciabrasil.ebc.com.br\/ebc.png?id=1656273&amp;o=node\" style=\"width:1px; height:1px; display:inline;\"\/><img decoding=\"async\" src=\"https:\/\/agenciabrasil.ebc.com.br\/ebc.gif?id=1656273&amp;o=node\" style=\"width:1px; height:1px; display:inline;\"\/><\/p>\n<p>Ludmilla \u00a0Emanuely, 9 anos, n\u00e3o ficou t\u00e3o empolgada com a descoberta de que ter\u00e1 que usar \u00f3culos, mas admite que sentiu dificuldade para enxergar as letrinhas apontadas pelo m\u00e9dico de longe. \u201cN\u00e3o gosto muito da ideia de usar \u00f3culos. Mas tenho amigas que usam. A Maria Eduarda usa. E ela fica bonita de \u00f3culos\u201d. Como a colega de 4\u00ba\u00a0ano, essa tamb\u00e9m foi a primeira vez que Ludmilla passou por um teste de vis\u00e3o. Na hora de escolher a arma\u00e7\u00e3o, experimentou um, dois, tr\u00eas, quatro modelos. Tentou rosa, vermelho escuro. Ao final, preferiu uma arma\u00e7\u00e3o mais discreta, transparente.\u00a0<\/p>\n<div class=\"dnd-widget-wrapper context-medio_4colunas type-image atom-align-left\">\n<div class=\"dnd-atom-rendered\"><!-- scald=435260:medio_4colunas {\"additionalClasses\":\"\"} --><br \/>\n            <img decoding=\"async\" src=\"https:\/\/imagens.ebc.com.br\/ljWrmIKfR5cT3bvZBEreOpOvVy8=\/365x0\/smart\/https:\/\/agenciabrasil.ebc.com.br\/sites\/default\/files\/thumbnails\/image\/2025\/08\/28\/whatsapp_image_2025-08-28_at_16.14.16.jpeg?itok=mrIz8MEd\" alt=\"Curitiba (PR), 28\/08\/2025 - Projeto oferece atendimento oftalmol\u00f3gico gratuito para crian\u00e7a. Estudante Jo\u00e3o Lucas participa do projeto Pequenos Olhares.. Foto: Paula Laboissi\u00e8re\/Ag\u00eancia Brasil\" title=\"Paula Laboissi\u00e8re\/Ag\u00eancia Brasil\"\/><br \/>\n        <img decoding=\"async\" src=\"https:\/\/imagens.ebc.com.br\/ljWrmIKfR5cT3bvZBEreOpOvVy8=\/365x0\/smart\/https:\/\/agenciabrasil.ebc.com.br\/sites\/default\/files\/thumbnails\/image\/2025\/08\/28\/whatsapp_image_2025-08-28_at_16.14.16.jpeg?itok=mrIz8MEd\" alt=\"Curitiba (PR), 28\/08\/2025 - Projeto oferece atendimento oftalmol\u00f3gico gratuito para crian\u00e7a. Estudante Jo\u00e3o Lucas participa do projeto Pequenos Olhares.. Foto: Paula Laboissi\u00e8re\/Ag\u00eancia Brasil\" title=\"Paula Laboissi\u00e8re\/Ag\u00eancia Brasil\"\/><br \/>\n    <!-- END scald=435260 --><\/div>\n<p><h6 class=\"meta\">Jo\u00e3o Lucas escolhe os \u00f3culos que receber\u00e1 do projeto Pequenos Olhares\u00a0&#8211; <strong>Paula Laboissi\u00e8re\/Ag\u00eancia Brasil<\/strong><!--END copyright=435260--><\/h6>\n<\/p>\n<\/div>\n<p>Jo\u00e3o Lucas, 10 anos, tamb\u00e9m cursa o 4\u00ba ano em um col\u00e9gio da rede municipal de Curitiba. Depois de passar pelo primeiro teste de vis\u00e3o, como os demais colegas, descobriu que precisa usar \u00f3culos. \u201cEstava com medo. Achei que o exame ia doer. Mas estou animado pra usar \u00f3culos. Vai ser moleza\u201d. Na hora de escolher, Jo\u00e3o passou por arma\u00e7\u00f5es nas cores azul, verde, cinza. Mas acabou ficando com a preta. \u201cAcho que o pessoal de casa vai gostar do que eu escolhi. Meus pais e meus irm\u00e3os\u201d.\u00a0<\/p>\n<p>As tr\u00eas crian\u00e7as fazem parte de um grupo de cerca de mil alunos selecionados para participar do projeto Pequenos Olhares, organizado pelo Conselho Brasileiro de Oftalmologia (CBO) em parceria com a Sociedade Brasileira de Oftalmologia Pedi\u00e1trica com o apoio do Minist\u00e9rio P\u00fablico, da Secretaria de Educa\u00e7\u00e3o de Curitiba e da prefeitura.\u00a0<\/p>\n<p>Em entrevista \u00e0 <strong>Ag\u00eancia Brasil<\/strong>, a oftalmologista e coordenadora\u00a0do projeto, Bruna Ducca, destacou que a a\u00e7\u00e3o acontece todos os anos em cidades que sediam o Congresso Brasileiro de Oftalmologia, como \u00e9 o caso de Curitiba este ano. Os atendimentos acontecem entre esta quinta-feira (28) e sexta-feira (29).\u00a0<\/p>\n<blockquote>\n<p>\u201cAs crian\u00e7as s\u00e3o selecionadas pelas escolas da prefeitura. Os professores fazem essa sele\u00e7\u00e3o com base em falhas de testes de vis\u00e3o. S\u00e3o crian\u00e7as que j\u00e1 est\u00e3o h\u00e1 algum tempo com dificuldades, esperando e que n\u00e3o conseguiam uma consulta oftalmol\u00f3gica completa. Com esse projeto, elas t\u00eam essa chance\u201d, explicou a coordenadora.\u00a0<\/p>\n<\/blockquote>\n<p>\u201cPrimeiro, elas passam pelo exame de acuidade visual, a chamada medida da vis\u00e3o. Depois, pelo exame de estrabismo. Depois, se necess\u00e1rio, pingam col\u00edrio para dilatar a pupila, fazem o exame de fundo de olho, para mapeamento de retina, e fazem o teste da refra\u00e7\u00e3o ou teste de grau. E, se necess\u00e1rio, ganham os \u00f3culos. Elas mesmas escolhem uma arma\u00e7\u00e3o, que vai pra \u00f3tica e, alguns dias depois, \u00e9 entregue nas escolas\u201d, completou.\u00a0<\/p>\n<p>Os atendimentos do projeto est\u00e3o sendo realizados por m\u00e9dicos oftalmologistas que est\u00e3o em Curitiba para participar do congresso, com o apoio de alunos volunt\u00e1rios dos cursos de medicina. Al\u00e9m do atendimento oftalmol\u00f3gico, os alunos t\u00eam acesso a atividades l\u00fadicas com recreadores e lanche.\u00a0<\/p>\n<p><em>*A rep\u00f3rter viajou a convite do Conselho Brasileiro de Oftalmologia.\u00a0<\/em><\/p>\n<p>      <!-- Relacionada --><\/p>\n<p>            <!-- Relacionada -->\n    <\/div>\n<p><br \/>\n<br \/>Fonte: <a href=\"https:\/\/agenciabrasil.ebc.com.br\/saude\/noticia\/2025-08\/projeto-oferece-atendimento-oftalmologico-para-criancas-em-curitiba\">Ag\u00eancia Brasil<\/a><\/p>\n","protected":false},"excerpt":{"rendered":"<p>Brenda Valenttina passa a fazer parte da turma dos que usam \u00f3culos\u00a0&#8211; Paula Laboissi\u00e8re\/Ag\u00eancia Brasil Aos 9 anos, a estudante Brenda Valenttina passou, pela primeira vez, por um exame completo de acuidade visual, popularmente conhecido como teste da vis\u00e3o. Enfrentou v\u00e1rios aparelhos e profissionais e, claro, precisou dilatar a pupila. \u201cN\u00e3o gostei muito do col\u00edrio. [&hellip;]<\/p>\n","protected":false},"author":5,"featured_media":40524,"comment_status":"open","ping_status":"open","sticky":false,"template":"","format":"standard","meta":{"_seopress_robots_primary_cat":"","_seopress_titles_title":"","_seopress_titles_desc":"","_seopress_robots_index":"","footnotes":""},"categories":[46],"tags":[],"class_list":["post-40523","post","type-post","status-publish","format-standard","has-post-thumbnail","hentry","category-saude"],"_links":{"self":[{"href":"https:\/\/mussicom.com\/noticias\/wp-json\/wp\/v2\/posts\/40523","targetHints":{"allow":["GET"]}}],"collection":[{"href":"https:\/\/mussicom.com\/noticias\/wp-json\/wp\/v2\/posts"}],"about":[{"href":"https:\/\/mussicom.com\/noticias\/wp-json\/wp\/v2\/types\/post"}],"author":[{"embeddable":true,"href":"https:\/\/mussicom.com\/noticias\/wp-json\/wp\/v2\/users\/5"}],"replies":[{"embeddable":true,"href":"https:\/\/mussicom.com\/noticias\/wp-json\/wp\/v2\/comments?post=40523"}],"version-history":[{"count":0,"href":"https:\/\/mussicom.com\/noticias\/wp-json\/wp\/v2\/posts\/40523\/revisions"}],"wp:featuredmedia":[{"embeddable":true,"href":"https:\/\/mussicom.com\/noticias\/wp-json\/wp\/v2\/media\/40524"}],"wp:attachment":[{"href":"https:\/\/mussicom.com\/noticias\/wp-json\/wp\/v2\/media?parent=40523"}],"wp:term":[{"taxonomy":"category","embeddable":true,"href":"https:\/\/mussicom.com\/noticias\/wp-json\/wp\/v2\/categories?post=40523"},{"taxonomy":"post_tag","embeddable":true,"href":"https:\/\/mussicom.com\/noticias\/wp-json\/wp\/v2\/tags?post=40523"}],"curies":[{"name":"wp","href":"https:\/\/api.w.org\/{rel}","templated":true}]}}