{"id":40480,"date":"2025-08-28T13:32:09","date_gmt":"2025-08-28T16:32:09","guid":{"rendered":"https:\/\/mussicom.com\/chanceler-de-maduro-e-de-lula-falam-sobre-agressao-dos-eua\/"},"modified":"2025-08-28T13:32:09","modified_gmt":"2025-08-28T16:32:09","slug":"chanceler-de-maduro-e-de-lula-falam-sobre-agressao-dos-eua","status":"publish","type":"post","link":"https:\/\/mussicom.com\/noticias\/chanceler-de-maduro-e-de-lula-falam-sobre-agressao-dos-eua\/","title":{"rendered":"Chanceler de Maduro e de Lula falam sobre &#8220;agress\u00e3o&#8221; dos EUA"},"content":{"rendered":"<p> <br \/>\n<\/p>\n<div>\n<p class=\"postParagraph_post-paragraph__juWZN\">O chanceler venezuelano, Yv\u00e1n Gil, afirmou nesta quarta-feira (27) que se reuniu virtualmente com o ministro das Rela\u00e7\u00f5es Exteriores do Brasil, Mauro Vieira, ocasi\u00e3o em que concordaram sobre &#8220;os planos agressivos que a Venezuela e toda a Am\u00e9rica Latina e o Caribe enfrentam&#8221;.<\/p>\n<p class=\"postParagraph_post-paragraph__juWZN\">A mensagem \u00e9 direcionada ao governo americano, liderado por Donald Trump, que posicionou navios de guerra em \u00e1guas internacionais pr\u00f3ximas ao territ\u00f3rio venezuelano para combater o tr\u00e1fico de drogas.<\/p>\n<p class=\"postParagraph_post-paragraph__juWZN\">Al\u00e9m disso, os EUA enfatizaram que est\u00e3o preparados para \u201cusar todo o poder americano\u201d para levar \u00e0 Justi\u00e7a \u201cos respons\u00e1veis\u201d por trazer drogas ao pa\u00eds, numa refer\u00eancia ao ditador da Venezuela, Nicol\u00e1s Maduro.<\/p>\n<p class=\"postParagraph_post-paragraph__juWZN\">\u201cO regime de Maduro n\u00e3o \u00e9 o governo leg\u00edtimo da Venezuela, \u00e9 um cartel do narcoterrorismo. Maduro, na vis\u00e3o deste governo, n\u00e3o \u00e9 um presidente leg\u00edtimo. \u00c9 um chefe fugitivo de um cartel que foi indiciado nos EUA por tr\u00e1fico de drogas para o pa\u00eds\u201d, afirmaram os EUA.<\/p>\n<p class=\"postParagraph_post-paragraph__juWZN\">Para Yv\u00e1n Gil, &#8220;a presen\u00e7a de embarca\u00e7\u00f5es militares e at\u00e9 mesmo um submarino nuclear&#8221; \u00e9 uma &#8220;flagrante viola\u00e7\u00e3o da Zona de Paz proclamada pela Celac [Comunidade de Estados Latino-Americanos e Caribenhos] em 2014 e do Tratado de Tlatelolco de 1967, uma amea\u00e7a nunca antes vista em nossa regi\u00e3o&#8221;.<\/p>\n<p class=\"postParagraph_post-paragraph__juWZN\">Em uma postagem no Instagram, ele detalhou que Mauro Vieira concordou que &#8220;essas agress\u00f5es devem ser interrompidas imediatamente&#8221;.<\/p>\n<p class=\"postParagraph_post-paragraph__juWZN\">Segundo o venezuelano, o chanceler brasileiro &#8220;compartilhou a situa\u00e7\u00e3o que o Brasil enfrenta com medidas tarif\u00e1rias e guerras aplicadas com fins pol\u00edticos, uma forma de agress\u00e3o injustificada que tamb\u00e9m n\u00e3o contribui para o esp\u00edrito de paz e coopera\u00e7\u00e3o que defendemos na Am\u00e9rica Latina e no Caribe&#8221;.<\/p>\n<p class=\"postParagraph_post-paragraph-innerHtml__Q5vwc\">A <strong>Gazeta do Povo<\/strong> entrou em contato com o Itamaraty para confirmar o teor da conversa, mas ainda n\u00e3o obteve resposta.<\/p>\n<h2 class=\"postParagraph_post-paragraph__juWZN postParagraph_type-tag-h2__TtFkT\">Nos coment\u00e1rios da postagem, chavistas criticam Lula<\/h2>\n<p class=\"postParagraph_post-paragraph__juWZN\">No coment\u00e1rio da postagem de Yv\u00e1n Gil, que informa sobre a liga\u00e7\u00e3o com Mauro Vieira, alguns chavistas se queixam da postura da diplomacia brasileira e do presidente Luiz In\u00e1cio Lula da Silva (PT).<\/p>\n<p class=\"postParagraph_post-paragraph__juWZN\">&#8220;O Brasil j\u00e1 n\u00e3o \u00e9 mais confi\u00e1vel&#8221;, reclama uma usu\u00e1ria.<\/p>\n<p class=\"postParagraph_post-paragraph__juWZN\">&#8220;N\u00e3o confio mais no Brasil&#8221;, relata outro.<\/p>\n<p class=\"postParagraph_post-paragraph__juWZN\">Uma apoiadora do regime chavista cita, em tom de reclama\u00e7\u00e3o que &#8220;o bajulador do Lula junto a Petro N\u00c3O RECONHECERAM NICOL\u00c1S [como presidente leg\u00edtimo da Venezuela]&#8221;.<\/p>\n<p class=\"postParagraph_post-paragraph__juWZN\">As tens\u00f5es entre Lula e Maduro se intensificaram quando o mandat\u00e1rio brasileiro optou por n\u00e3o reconhecer vit\u00f3ria eleitoral de Maduro no \u00faltimo pleito nacional, afirmando ainda que ditador o deve explica\u00e7\u00f5es ao mundo.<\/p>\n<p class=\"postParagraph_post-paragraph-innerHtml__Q5vwc\">\u201cAinda n\u00e3o [reconhe\u00e7o], ele sabe que est\u00e1 devendo uma explica\u00e7\u00e3o para a sociedade brasileira e para o mundo. Ele sabe disso\u201d, disse Lula em uma entrevista \u00e0\u00a0<em>R\u00e1dio T<\/em>\u00a0de Curitiba em agosto do ano passado.<\/p>\n<p class=\"postParagraph_post-paragraph__juWZN\">O petista pontuou ainda que \u201cn\u00e3o \u00e9 f\u00e1cil e nem bom\u201d que um presidente de um pa\u00eds \u201cpalpite\u201d sobre o processo eleitoral de outro, e afirmou que tentou negociar com a Col\u00f4mbia e o M\u00e9xico. Na ocasi\u00e3o, os tr\u00eas pa\u00edses haviam se unido para cobrar do Conselho Nacional Eleitoral (CNE) da Venezuela a divulga\u00e7\u00e3o p\u00fablica das atas de vota\u00e7\u00e3o que comprovariam o vencedor do pleito.<\/p>\n<p class=\"postParagraph_post-paragraph__juWZN\">\u201cS\u00f3 tem uma coisa: tem que apresentar os dados, que seja confi\u00e1vel. O CNE, que tem gente da oposi\u00e7\u00e3o, poderia ser. Mas ele [Maduro] mandou para a Suprema Corte dele. N\u00e3o posso julgar a Suprema Corte de outro pa\u00eds\u201d, afirmou o presidente ano passado.<\/p>\n<p class=\"postParagraph_post-paragraph__juWZN\">Na ocasi\u00e3o, Lula tamb\u00e9m indicou sa\u00eddas para a situa\u00e7\u00e3o venezuelana como o estabelecimento de um governo de coaliz\u00e3o com a oposi\u00e7\u00e3o.<\/p>\n<p class=\"postParagraph_post-paragraph__juWZN\">\u201cEu n\u00e3o quero me comportar de forma apaixonada e precipitada, eu quero resultado. Se a gente tiver um resultado e esse resultado for fact\u00edvel, vamos tratar de saber o seguinte: o Maduro tem seis meses de mandato ainda, s\u00f3 termina em janeiro do ano que vem. Ele \u00e9 o presidente da Rep\u00fablica independentemente das elei\u00e7\u00f5es\u201d, disse, na \u00e9poca, quando o mandato do ditador estava por encerrar.<\/p>\n<\/div>\n<p><br \/>\n<br \/>Fonte: <a href=\"https:\/\/www.gazetadopovo.com.br\/mundo\/chanceler-da-venezuela-diz-ter-discutido-com-mauro-viera-agressao-dos-eua-a-america-latina\/\">Revista Oeste<\/a><\/p>\n","protected":false},"excerpt":{"rendered":"<p>O chanceler venezuelano, Yv\u00e1n Gil, afirmou nesta quarta-feira (27) que se reuniu virtualmente com o ministro das Rela\u00e7\u00f5es Exteriores do Brasil, Mauro Vieira, ocasi\u00e3o em que concordaram sobre &#8220;os planos agressivos que a Venezuela e toda a Am\u00e9rica Latina e o Caribe enfrentam&#8221;. A mensagem \u00e9 direcionada ao governo americano, liderado por Donald Trump, que [&hellip;]<\/p>\n","protected":false},"author":5,"featured_media":40481,"comment_status":"open","ping_status":"open","sticky":false,"template":"","format":"standard","meta":{"_seopress_robots_primary_cat":"","_seopress_titles_title":"","_seopress_titles_desc":"","_seopress_robots_index":"","footnotes":""},"categories":[48],"tags":[],"class_list":["post-40480","post","type-post","status-publish","format-standard","has-post-thumbnail","hentry","category-internacional"],"_links":{"self":[{"href":"https:\/\/mussicom.com\/noticias\/wp-json\/wp\/v2\/posts\/40480","targetHints":{"allow":["GET"]}}],"collection":[{"href":"https:\/\/mussicom.com\/noticias\/wp-json\/wp\/v2\/posts"}],"about":[{"href":"https:\/\/mussicom.com\/noticias\/wp-json\/wp\/v2\/types\/post"}],"author":[{"embeddable":true,"href":"https:\/\/mussicom.com\/noticias\/wp-json\/wp\/v2\/users\/5"}],"replies":[{"embeddable":true,"href":"https:\/\/mussicom.com\/noticias\/wp-json\/wp\/v2\/comments?post=40480"}],"version-history":[{"count":0,"href":"https:\/\/mussicom.com\/noticias\/wp-json\/wp\/v2\/posts\/40480\/revisions"}],"wp:featuredmedia":[{"embeddable":true,"href":"https:\/\/mussicom.com\/noticias\/wp-json\/wp\/v2\/media\/40481"}],"wp:attachment":[{"href":"https:\/\/mussicom.com\/noticias\/wp-json\/wp\/v2\/media?parent=40480"}],"wp:term":[{"taxonomy":"category","embeddable":true,"href":"https:\/\/mussicom.com\/noticias\/wp-json\/wp\/v2\/categories?post=40480"},{"taxonomy":"post_tag","embeddable":true,"href":"https:\/\/mussicom.com\/noticias\/wp-json\/wp\/v2\/tags?post=40480"}],"curies":[{"name":"wp","href":"https:\/\/api.w.org\/{rel}","templated":true}]}}