{"id":40479,"date":"2025-08-28T13:23:14","date_gmt":"2025-08-28T16:23:14","guid":{"rendered":"https:\/\/mussicom.com\/ippa-cai-32-em-julho-no-ano-alta-e-de-164\/"},"modified":"2025-08-28T13:23:14","modified_gmt":"2025-08-28T16:23:14","slug":"ippa-cai-32-em-julho-no-ano-alta-e-de-164","status":"publish","type":"post","link":"https:\/\/mussicom.com\/noticias\/ippa-cai-32-em-julho-no-ano-alta-e-de-164\/","title":{"rendered":"IPPA cai 3,2% em julho; no ano, alta \u00e9 de 16,4%"},"content":{"rendered":"<p> <br \/>\n<\/p>\n<div>\n<p style=\"text-align:justify\">Em julho, o \u00cdndice de Pre\u00e7os ao Produtor de Grupos de Produtos Agropecu\u00e1rios (IPPA\/CEPEA) apresentou queda nominal de 3,2% em rela\u00e7\u00e3o ao m\u00eas anterior, apontam levantamentos do Cepea. Segundo o Centro de Pesquisas, esse desempenho refletiu as baixas no IPPA-Gr\u00e3os, de 1,4%, no IPPA-Pecu\u00e1ria, de 3%, e no IPPA-Cana-Caf\u00e9, de 9,1%. Na contram\u00e3o, o IPPA Hortifrut\u00edcolas avan\u00e7ou 3,4%.&#13;\n<\/p>\n<p style=\"text-align:justify\">No mesmo per\u00edodo, o \u00cdndice de Pre\u00e7os por Atacado de Produtos Industriais (IPA-OG-DI), calculado pela FGV, subiu 0,8%, indicando que, de junho para julho, os pre\u00e7os agropecu\u00e1rios se desvalorizaram em rela\u00e7\u00e3o aos industriais na economia brasileira. No cen\u00e1rio internacional, os pre\u00e7os dos alimentos convertidos em Reais recuaram 2,3%, reflexo da combina\u00e7\u00e3o de queda do d\u00f3lar frente ao Real (-0,3%) e de retra\u00e7\u00e3o dos valores internacionais dos alimentos (-1,9%).&#13;\n<\/p>\n<p style=\"text-align:justify\">Comparando-se os sete primeiros meses deste ano com igual intervalo de 2024, levantamentos do Cepea mostram que o IPPA registrou expressivo avan\u00e7o de 16,4%, impulsionado pelas significativas altas nos grupos IPPA-Gr\u00e3os (7,4%), IPPA-Pecu\u00e1ria (25,8%) e IPPA-Cana-Caf\u00e9 (27,7%). Em sentido oposto, o IPPA-Hortifrut\u00edcolas caiu 13,4%. No per\u00edodo, o IPA-OG-DI teve aumento de 5%, enquanto os pre\u00e7os internacionais dos alimentos convertidos em Reais subiram 11%, resultado da valoriza\u00e7\u00e3o de 11,1% do d\u00f3lar, mesmo perante o ligeiro recuo de 0,2% nos pre\u00e7os internacionais dos alimentos.\u00a0&#13;\n<\/p>\n<\/p><\/div>\n<p><script data-cfasync=\"false\">\n    !function (f, b, e, v, n, t, s) {\n        if (f.fbq) return; n = f.fbq = function () {\n            n.callMethod ?\n                n.callMethod.apply(n, arguments) : n.queue.push(arguments)\n        };\n        if (!f._fbq) f._fbq = n; n.push = n; n.loaded = !0; n.version = '2.0';\n        n.queue = []; t = b.createElement(e); t.async = !0;\n        t.src = v; s = b.getElementsByTagName(e)[0];\n        s.parentNode.insertBefore(t, s)\n    }(window, document, 'script',\n        'https:\/\/connect.facebook.net\/en_US\/fbevents.js');\n    fbq('init', '522546078623747');\n    fbq('track', 'PageView');\n<\/script><br \/>\n<br \/><br \/>\n<br \/>Fonte: <a href=\"https:\/\/www.agrolink.com.br\/noticias\/ippa-cepea--ippa-cai-3-2--em-julho--no-ano--alta-e-de-16-4-_505397.html\">AGROLINK<\/a><\/p>\n","protected":false},"excerpt":{"rendered":"<p>Em julho, o \u00cdndice de Pre\u00e7os ao Produtor de Grupos de Produtos Agropecu\u00e1rios (IPPA\/CEPEA) apresentou queda nominal de 3,2% em rela\u00e7\u00e3o ao m\u00eas anterior, apontam levantamentos do Cepea. Segundo o Centro de Pesquisas, esse desempenho refletiu as baixas no IPPA-Gr\u00e3os, de 1,4%, no IPPA-Pecu\u00e1ria, de 3%, e no IPPA-Cana-Caf\u00e9, de 9,1%. Na contram\u00e3o, o IPPA [&hellip;]<\/p>\n","protected":false},"author":5,"featured_media":33055,"comment_status":"open","ping_status":"open","sticky":false,"template":"","format":"standard","meta":{"_seopress_robots_primary_cat":"","_seopress_titles_title":"","_seopress_titles_desc":"","_seopress_robots_index":"","footnotes":""},"categories":[53],"tags":[],"class_list":["post-40479","post","type-post","status-publish","format-standard","has-post-thumbnail","hentry","category-agronegocio"],"_links":{"self":[{"href":"https:\/\/mussicom.com\/noticias\/wp-json\/wp\/v2\/posts\/40479","targetHints":{"allow":["GET"]}}],"collection":[{"href":"https:\/\/mussicom.com\/noticias\/wp-json\/wp\/v2\/posts"}],"about":[{"href":"https:\/\/mussicom.com\/noticias\/wp-json\/wp\/v2\/types\/post"}],"author":[{"embeddable":true,"href":"https:\/\/mussicom.com\/noticias\/wp-json\/wp\/v2\/users\/5"}],"replies":[{"embeddable":true,"href":"https:\/\/mussicom.com\/noticias\/wp-json\/wp\/v2\/comments?post=40479"}],"version-history":[{"count":0,"href":"https:\/\/mussicom.com\/noticias\/wp-json\/wp\/v2\/posts\/40479\/revisions"}],"wp:featuredmedia":[{"embeddable":true,"href":"https:\/\/mussicom.com\/noticias\/wp-json\/wp\/v2\/media\/33055"}],"wp:attachment":[{"href":"https:\/\/mussicom.com\/noticias\/wp-json\/wp\/v2\/media?parent=40479"}],"wp:term":[{"taxonomy":"category","embeddable":true,"href":"https:\/\/mussicom.com\/noticias\/wp-json\/wp\/v2\/categories?post=40479"},{"taxonomy":"post_tag","embeddable":true,"href":"https:\/\/mussicom.com\/noticias\/wp-json\/wp\/v2\/tags?post=40479"}],"curies":[{"name":"wp","href":"https:\/\/api.w.org\/{rel}","templated":true}]}}