{"id":40477,"date":"2025-08-28T13:13:22","date_gmt":"2025-08-28T16:13:22","guid":{"rendered":"https:\/\/mussicom.com\/haddad-e-lewandowski-apelam-para-que-congresso-vote-pec-da-seguranca\/"},"modified":"2025-08-28T13:13:22","modified_gmt":"2025-08-28T16:13:22","slug":"haddad-e-lewandowski-apelam-para-que-congresso-vote-pec-da-seguranca","status":"publish","type":"post","link":"https:\/\/mussicom.com\/noticias\/haddad-e-lewandowski-apelam-para-que-congresso-vote-pec-da-seguranca\/","title":{"rendered":"Haddad e Lewandowski apelam para que Congresso vote PEC da Seguran\u00e7a"},"content":{"rendered":"<p> <br \/>\n<\/p>\n<div>\n<p class=\"postParagraph_post-paragraph-innerHtml__Q5vwc\">Os ministros Fernando Haddad, da Fazenda, e Ricardo Lewandowski, da Justi\u00e7a e Seguran\u00e7a P\u00fablica, fizeram um apelo nesta quinta (28) para que os deputados e senadores encaminhem e votem a PEC da Seguran\u00e7a, a Proposta de Emenda \u00e0 Constitui\u00e7\u00e3o proposta pelo governo que pode dar mais poder \u00e0 Uni\u00e3o para gerir a seguran\u00e7a p\u00fablica nos estados.<\/p>\n<p class=\"postParagraph_post-paragraph-innerHtml__Q5vwc\">O apelo foi feito durante uma entrevista coletiva que apresentou mais detalhes sobre as tr\u00eas opera\u00e7\u00f5es policiais realizadas mais cedo contra a atua\u00e7\u00e3o do PCC no setor de combust\u00edveis, com a opera\u00e7\u00e3o de mais de mil postos de combust\u00edveis de 10 estados e fintechs para adulterar gasolina e diesel e lavar o dinheiro do tr\u00e1fico de drogas. As a\u00e7\u00f5es foram realizadas por um trabalho conjunto da Pol\u00edcia Federal, Receita Federal e sedes estaduais do Minist\u00e9rio P\u00fablico.<\/p>\n<p class=\"postParagraph_post-paragraph__juWZN\">\u201cEu espero que essa coordena\u00e7\u00e3o entre n\u00f3s e com os estados subnacionais se intensifique, que agente deixe de lado as disputas menores para combater o crime un\u00edssono, de forma coordenada com pol\u00edtica de Estado. Vejo na PEC encaminhada pelo governo um caminho para que essa coordena\u00e7\u00e3o seja naturalizada, seja o dia a dia da nossa a\u00e7\u00e3o contra o crime\u201d, defendeu Haddad.<\/p>\n<div class=\"postViewMore_post-view-more-container___5wai\" data-mrf-recirculation=\"Post - Veja tamb\u00e9m\">\n<p class=\"gp-styles-module-size-small-afeYRa gp-styles-module-font-family2-afeYRa gp-styles-module-color-secondary-afeYRa gp-styles-module-weight-bold-afeYRa\">VEJA TAMB\u00c9M:<\/p>\n<ul class=\"postViewMore_post-view-more-list__CU_CE\">\n<li class=\"postViewMore_post-view-more-item__2MzRb\">\n<div class=\"postViewMore_post-view-more-image__5gUSe\"><picture class=\"imageDefault_image-container__XGd8_\"><\/picture><\/div>\n<p>PCC migrou criminalidade da \u201cilegalidade para a legalidade\u201d, diz governo<\/li>\n<\/ul>\n<\/div>\n<p class=\"postParagraph_post-paragraph__juWZN\">A PEC da Seguran\u00e7a vem sendo fortemente criticada desde que foi proposta no ano passado por, na vis\u00e3o da oposi\u00e7\u00e3o, retirar dos estados a prerrogativa constitucional de gerirem as pol\u00edticas de seguran\u00e7a p\u00fablica, provocando o que seria uma interfer\u00eancia nas pol\u00edcias locais. Embora o governo negue essa afirma\u00e7\u00e3o, a tramita\u00e7\u00e3o da proposta est\u00e1 parada na C\u00e2mara dos Deputados desde que o presidente da casa, Hugo Motta (Republicanos-PB), anunciou a cria\u00e7\u00e3o de uma comiss\u00e3o especial para analis\u00e1-la.<\/p>\n<p class=\"postParagraph_post-paragraph-innerHtml__Q5vwc\">O colegiado, no entanto, ainda n\u00e3o saiu do papel enquanto o governo v\u00ea a preocupa\u00e7\u00e3o dos brasileiros com a seguran\u00e7a p\u00fablica aumentar a cada nova pesquisa de avalia\u00e7\u00e3o do governo.<\/p>\n<p class=\"postParagraph_post-paragraph__juWZN\">\u201cA import\u00e2ncia da PEC da Seguran\u00e7a que est\u00e1 tramitando no Congresso Nacional. A proposta do governo do Brasil \u00e9 justamente \u00e9 que todas as for\u00e7as de seguran\u00e7a do pa\u00eds se entrosem, trabalhem num \u00fanico sentido, que as intelig\u00eancias sejam compartilhadas e as opera\u00e7\u00f5es coordenadas\u201d, apelou Lewandowski.<\/p>\n<p class=\"postParagraph_post-paragraph__juWZN\">De acordo com o ministro, foi preciso um trabalho de convencimento das for\u00e7as e ag\u00eancias envolvidas, mas que \u201cprecisamos institucionalizar isso\u201d.<\/p>\n<p class=\"postParagraph_post-paragraph__juWZN\">\u201cA PEC da Seguran\u00e7a, que esperamos seja aprovada em breve, tornar\u00e1 uma realidade estas opera\u00e7\u00f5es no cotidiano de combate \u00e0s opera\u00e7\u00f5es criminosas, sobretudo as fac\u00e7\u00f5es que hoje proliferam no Brasil\u201d, completou.<\/p>\n<p class=\"postParagraph_post-paragraph__juWZN\">Ricardo Lewandowski afirmou, ainda, que est\u00e1 ocorrendo um fen\u00f4meno no Brasil e em outros pa\u00edses de migra\u00e7\u00e3o do crime organizado da \u201cilegalidade para a legalidade\u201d e que \u00e9 preciso adotar uma estrat\u00e9gia conjunta de combate, e que apenas uma \u201cvis\u00e3o macro\u201d de governo sobre todos os estados \u00e9 que pode atuar sobre estes grupos.<\/p>\n<p class=\"postParagraph_post-paragraph__juWZN\">Haddad foi al\u00e9m e afirmou que este trabalho conjunto de diferentes \u00f3rg\u00e3os contra o PCC permitiu se chegar \u201cao andar de cima\u201d do crime organizado, diretamente no estrangulamento das finan\u00e7as. Com o bloqueio de bens e ativos, disse, as fac\u00e7\u00f5es t\u00eam suas atividades diretamente atingidas do que ocorre apenas quando alguns integrantes s\u00e3o presos.<\/p>\n<\/div>\n<p><br \/>\n<br \/>Fonte: <a href=\"https:\/\/www.gazetadopovo.com.br\/republica\/haddad-lewandowski-apelam-congresso-vote-pec-seguranca\/\">Revista Oeste<\/a><\/p>\n","protected":false},"excerpt":{"rendered":"<p>Os ministros Fernando Haddad, da Fazenda, e Ricardo Lewandowski, da Justi\u00e7a e Seguran\u00e7a P\u00fablica, fizeram um apelo nesta quinta (28) para que os deputados e senadores encaminhem e votem a PEC da Seguran\u00e7a, a Proposta de Emenda \u00e0 Constitui\u00e7\u00e3o proposta pelo governo que pode dar mais poder \u00e0 Uni\u00e3o para gerir a seguran\u00e7a p\u00fablica nos [&hellip;]<\/p>\n","protected":false},"author":5,"featured_media":40478,"comment_status":"open","ping_status":"open","sticky":false,"template":"","format":"standard","meta":{"_seopress_robots_primary_cat":"","_seopress_titles_title":"","_seopress_titles_desc":"","_seopress_robots_index":"","footnotes":""},"categories":[1],"tags":[],"class_list":["post-40477","post","type-post","status-publish","format-standard","has-post-thumbnail","hentry","category-ultimas-noticias"],"_links":{"self":[{"href":"https:\/\/mussicom.com\/noticias\/wp-json\/wp\/v2\/posts\/40477","targetHints":{"allow":["GET"]}}],"collection":[{"href":"https:\/\/mussicom.com\/noticias\/wp-json\/wp\/v2\/posts"}],"about":[{"href":"https:\/\/mussicom.com\/noticias\/wp-json\/wp\/v2\/types\/post"}],"author":[{"embeddable":true,"href":"https:\/\/mussicom.com\/noticias\/wp-json\/wp\/v2\/users\/5"}],"replies":[{"embeddable":true,"href":"https:\/\/mussicom.com\/noticias\/wp-json\/wp\/v2\/comments?post=40477"}],"version-history":[{"count":0,"href":"https:\/\/mussicom.com\/noticias\/wp-json\/wp\/v2\/posts\/40477\/revisions"}],"wp:featuredmedia":[{"embeddable":true,"href":"https:\/\/mussicom.com\/noticias\/wp-json\/wp\/v2\/media\/40478"}],"wp:attachment":[{"href":"https:\/\/mussicom.com\/noticias\/wp-json\/wp\/v2\/media?parent=40477"}],"wp:term":[{"taxonomy":"category","embeddable":true,"href":"https:\/\/mussicom.com\/noticias\/wp-json\/wp\/v2\/categories?post=40477"},{"taxonomy":"post_tag","embeddable":true,"href":"https:\/\/mussicom.com\/noticias\/wp-json\/wp\/v2\/tags?post=40477"}],"curies":[{"name":"wp","href":"https:\/\/api.w.org\/{rel}","templated":true}]}}