{"id":40439,"date":"2025-08-28T10:19:09","date_gmt":"2025-08-28T13:19:09","guid":{"rendered":"https:\/\/mussicom.com\/precos-da-arroba-estao-firmes-neste-encerramento-de-agosto\/"},"modified":"2025-08-28T10:19:09","modified_gmt":"2025-08-28T13:19:09","slug":"precos-da-arroba-estao-firmes-neste-encerramento-de-agosto","status":"publish","type":"post","link":"https:\/\/mussicom.com\/noticias\/precos-da-arroba-estao-firmes-neste-encerramento-de-agosto\/","title":{"rendered":"Pre\u00e7os da arroba est\u00e3o firmes neste encerramento de agosto"},"content":{"rendered":"<p> <br \/>\n<\/p>\n<div>\n<div class=\"row\">\n<div class=\"col-lg col-infos mt-0 mt-lg-0\">\n<div class=\"section-sub-title\">\n<p itemprop=\"description\">&#13;<br \/>\n                                Mercado do boi gordo segue aquecido em SP com alta nas exporta\u00e7\u00f5es e baixa oferta&#13;\n                            <\/p>\n<\/p><\/div>\n<div class=\"container\">\n<div class=\"row\">\n<div class=\"col-lg p-0 text-lg-end\">\n<div>\n<div id=\"mdEnviarPagina\" class=\"modal fade\" role=\"dialog\">\n<div class=\"modal-dialog\">\n<div class=\"modal-content\">\n<div class=\"modal-body\">\n<p><strong>Estimado usu\u00e1rio.<\/strong><br \/>Preencha o formul\u00e1rio abaixo para remeter a p\u00e1gina.<\/p>\n<\/p><\/div>\n<\/p><\/div>\n<\/p><\/div>\n<\/div><\/div>\n<\/p><\/div>\n<\/p><\/div>\n<\/p><\/div>\n<\/p><\/div>\n<\/p><\/div>\n<div class=\"row justify-content-md-center mt-3\">\n<div class=\"col-lg-auto col-image block-news-main-image\">\n<p>                                <br \/>\n                                                <span class=\"publicity-photo d-block mt-1\">Foto: Pixabay<\/span><\/p><\/div>\n<\/p><\/div>\n<div class=\"section-description section-description-noticias mt-3\">\n<p style=\"text-align:justify\">A baixa oferta de animais para abate tem dado suporte aos pre\u00e7os do boi gordo neste encerramento de agosto.\u00a0Segundo pesquisadores do Cepea, frigor\u00edficos de grande porte est\u00e3o interessados principalmente em animais para exporta\u00e7\u00e3o e, com isso, mant\u00eam firmes os pre\u00e7os pagos por novos lotes e\/ou concedem algum aumento, tanto para boi quanto para novilha.\u00a0&#13;\n<\/p>\n<p style=\"text-align:justify\">Ressalta-se que, desde julho, as exporta\u00e7\u00f5es brasileiras de carne bovina apresentam resultados recordes.\u00a0J\u00e1 pecuaristas consultados pelo Cepea seguem na expectativa de pre\u00e7os maiores, negociando aos poucos.\u00a0No estado de S\u00e3o Paulo, o boi gordo vem sendo comercializado na casa dos R$ 310.\u00a0&#13;\n<\/p>\n<\/p><\/div>\n<\/p><\/div>\n<p><script data-cfasync=\"false\">\n    !function (f, b, e, v, n, t, s) {\n        if (f.fbq) return; n = f.fbq = function () {\n            n.callMethod ?\n                n.callMethod.apply(n, arguments) : n.queue.push(arguments)\n        };\n        if (!f._fbq) f._fbq = n; n.push = n; n.loaded = !0; n.version = '2.0';\n        n.queue = []; t = b.createElement(e); t.async = !0;\n        t.src = v; s = b.getElementsByTagName(e)[0];\n        s.parentNode.insertBefore(t, s)\n    }(window, document, 'script',\n        'https:\/\/connect.facebook.net\/en_US\/fbevents.js');\n    fbq('init', '522546078623747');\n    fbq('track', 'PageView');\n<\/script><br \/>\n<br \/><br \/>\n<br \/>Fonte: <a href=\"https:\/\/www.agrolink.com.br\/noticias\/boi-cepea--precos-da-arroba-estao-firmes-neste-encerramento-de-agosto_505390.html\">AGROLINK<\/a><\/p>\n","protected":false},"excerpt":{"rendered":"<p>&#13; Mercado do boi gordo segue aquecido em SP com alta nas exporta\u00e7\u00f5es e baixa oferta&#13; Estimado usu\u00e1rio.Preencha o formul\u00e1rio abaixo para remeter a p\u00e1gina. Foto: Pixabay A baixa oferta de animais para abate tem dado suporte aos pre\u00e7os do boi gordo neste encerramento de agosto.\u00a0Segundo pesquisadores do Cepea, frigor\u00edficos de grande porte est\u00e3o interessados [&hellip;]<\/p>\n","protected":false},"author":5,"featured_media":35046,"comment_status":"open","ping_status":"open","sticky":false,"template":"","format":"standard","meta":{"_seopress_robots_primary_cat":"","_seopress_titles_title":"","_seopress_titles_desc":"","_seopress_robots_index":"","footnotes":""},"categories":[53],"tags":[],"class_list":["post-40439","post","type-post","status-publish","format-standard","has-post-thumbnail","hentry","category-agronegocio"],"_links":{"self":[{"href":"https:\/\/mussicom.com\/noticias\/wp-json\/wp\/v2\/posts\/40439","targetHints":{"allow":["GET"]}}],"collection":[{"href":"https:\/\/mussicom.com\/noticias\/wp-json\/wp\/v2\/posts"}],"about":[{"href":"https:\/\/mussicom.com\/noticias\/wp-json\/wp\/v2\/types\/post"}],"author":[{"embeddable":true,"href":"https:\/\/mussicom.com\/noticias\/wp-json\/wp\/v2\/users\/5"}],"replies":[{"embeddable":true,"href":"https:\/\/mussicom.com\/noticias\/wp-json\/wp\/v2\/comments?post=40439"}],"version-history":[{"count":0,"href":"https:\/\/mussicom.com\/noticias\/wp-json\/wp\/v2\/posts\/40439\/revisions"}],"wp:featuredmedia":[{"embeddable":true,"href":"https:\/\/mussicom.com\/noticias\/wp-json\/wp\/v2\/media\/35046"}],"wp:attachment":[{"href":"https:\/\/mussicom.com\/noticias\/wp-json\/wp\/v2\/media?parent=40439"}],"wp:term":[{"taxonomy":"category","embeddable":true,"href":"https:\/\/mussicom.com\/noticias\/wp-json\/wp\/v2\/categories?post=40439"},{"taxonomy":"post_tag","embeddable":true,"href":"https:\/\/mussicom.com\/noticias\/wp-json\/wp\/v2\/tags?post=40439"}],"curies":[{"name":"wp","href":"https:\/\/api.w.org\/{rel}","templated":true}]}}