{"id":40395,"date":"2025-08-28T06:15:09","date_gmt":"2025-08-28T09:15:09","guid":{"rendered":"https:\/\/mussicom.com\/semeato-celebra-60-anos-e-reforca-legado-de-pioneirismo-no-plantio-direto-durante-a-expointer-2025\/"},"modified":"2025-08-28T06:15:09","modified_gmt":"2025-08-28T09:15:09","slug":"semeato-celebra-60-anos-e-reforca-legado-de-pioneirismo-no-plantio-direto-durante-a-expointer-2025","status":"publish","type":"post","link":"https:\/\/mussicom.com\/noticias\/semeato-celebra-60-anos-e-reforca-legado-de-pioneirismo-no-plantio-direto-durante-a-expointer-2025\/","title":{"rendered":"Semeato celebra 60 anos e refor\u00e7a legado de pioneirismo no plantio direto durante a Expointer 2025"},"content":{"rendered":"<p> <br \/>\n<\/p>\n<div>\n<p style=\"text-align:justify\">A Semeato, uma das marcas mais emblem\u00e1ticas do agroneg\u00f3cio brasileiro, chega \u00e0 Expointer 2025 \u2013 de 30 de agosto a 7 de setembro, em Esteio (RS) \u2013 em clima de celebra\u00e7\u00e3o. A empresa, que completa 60 anos em 2025, construiu sua trajet\u00f3ria aliando tradi\u00e7\u00e3o e inova\u00e7\u00e3o, sendo reconhecida como pioneira no desenvolvimento de tecnologias voltadas ao sistema de plantio direto, pr\u00e1tica que revolucionou a agricultura mundial.&#13;\n<\/p>\n<p style=\"text-align:justify\">Na feira, a Semeato levar\u00e1 ao p\u00fablico suas principais solu\u00e7\u00f5es e equipamentos para semeadura, reafirmando o compromisso de estar ao lado do produtor rural em diferentes cen\u00e1rios. Mais do que m\u00e1quinas, a marca se consolidou como s\u00edmbolo de transforma\u00e7\u00e3o tecnol\u00f3gica e de sustentabilidade, ajudando a colocar o Brasil na vanguarda do agroneg\u00f3cio.<\/p>\n<p style=\"text-align:justify\">O legado da Semeato \u00e9 indissoci\u00e1vel do avan\u00e7o do plantio direto no pa\u00eds. Desde as primeiras semeadoras projetadas para atender a essa t\u00e9cnica, a empresa esteve presente no campo, levando efici\u00eancia, precis\u00e3o e rentabilidade para os agricultores. Esse pioneirismo permitiu \u00e0 agricultura brasileira aumentar a produtividade e, ao mesmo tempo, preservar o solo e os recursos naturais \u2013 ganhos que at\u00e9 hoje fazem parte da ess\u00eancia da companhia.<\/p>\n<p style=\"text-align:justify\">\u201cCompletar 60 anos na Expointer tem um significado especial. Nosso compromisso desde o in\u00edcio foi oferecer ao agricultor brasileiro solu\u00e7\u00f5es que transformassem sua forma de produzir. O plantio direto \u00e9 parte da nossa hist\u00f3ria e da nossa identidade, e seguimos avan\u00e7ando com inova\u00e7\u00e3o para garantir que o produtor continue colhendo resultados sustent\u00e1veis e competitivos\u201d, afirma a diretora da Semeato, Carolina Rossato.&#13;\n<\/p>\n<p style=\"text-align:justify\">Com mais de 30 anos de experi\u00eancia no mercado internacional, a Semeato exporta m\u00e1quinas, implementos e pe\u00e7as para mais de 40 pa\u00edses, incluindo os Estados Unidos. Mesmo diante de desafios como as tarifas impostas pelo governo norte-americano, a empresa mant\u00e9m sua estrat\u00e9gia de expans\u00e3o, apoiada em tecnologia, robustez e efici\u00eancia.<\/p>\n<p style=\"text-align:justify\">\u201cEstar presente em mais de 40 pa\u00edses comprova que a tecnologia e a qualidade desenvolvidas aqui s\u00e3o reconhecidas no mundo todo. Mesmo diante de barreiras comerciais, seguimos firmes na miss\u00e3o de oferecer solu\u00e7\u00f5es que ajudem produtores em diferentes continentes a semear com mais efici\u00eancia e sustentabilidade\u201d, refor\u00e7a Carolina Rossato.<\/p>\n<p style=\"text-align:justify\">Ela complementa: \u201cO trabalho e o investimento nos canais de exporta\u00e7\u00e3o s\u00e3o de longu\u00edssimo prazo, e demoram muitos anos at\u00e9 que se alcance um volume m\u00ednimo consistente. A Semeato foi uma das pioneiras nesse movimento, e hoje n\u00e3o exporta apenas m\u00e1quinas e implementos, mas tamb\u00e9m leva o conceito do plantio direto e da agricultura de conserva\u00e7\u00e3o, transformando a forma de produzir em diferentes partes do mundo\u201d.&#13;\n<\/p>\n<p style=\"text-align:justify\">Na edi\u00e7\u00e3o 2025 da Expointer, a Semeato apresentar\u00e1 ao mercado sua linha completa de semeadoras, com equipamentos projetados para diferentes culturas e realidades, mantendo o DNA de robustez, durabilidade e inova\u00e7\u00e3o que tornou a marca uma refer\u00eancia internacional.<\/p>\n<p style=\"text-align:justify\">A presen\u00e7a da empresa no maior evento do agroneg\u00f3cio ga\u00facho refor\u00e7a o elo hist\u00f3rico da Semeato com o campo e sua capacidade de continuar evoluindo junto com o agricultor, sem abrir m\u00e3o da tradi\u00e7\u00e3o que a consolidou como uma das protagonistas da hist\u00f3ria do plantio direto no Brasil.<\/p>\n<\/p><\/div>\n<p><script data-cfasync=\"false\">\n    !function (f, b, e, v, n, t, s) {\n        if (f.fbq) return; n = f.fbq = function () {\n            n.callMethod ?\n                n.callMethod.apply(n, arguments) : n.queue.push(arguments)\n        };\n        if (!f._fbq) f._fbq = n; n.push = n; n.loaded = !0; n.version = '2.0';\n        n.queue = []; t = b.createElement(e); t.async = !0;\n        t.src = v; s = b.getElementsByTagName(e)[0];\n        s.parentNode.insertBefore(t, s)\n    }(window, document, 'script',\n        'https:\/\/connect.facebook.net\/en_US\/fbevents.js');\n    fbq('init', '522546078623747');\n    fbq('track', 'PageView');\n<\/script><br \/>\n<br \/><br \/>\n<br \/>Fonte: <a href=\"https:\/\/www.agrolink.com.br\/noticias\/semeato-celebra-60-anos-e-reforca-legado-de-pioneirismo-no-plantio-direto-durante-a-expointer-2025_505366.html\">AGROLINK<\/a><\/p>\n","protected":false},"excerpt":{"rendered":"<p>A Semeato, uma das marcas mais emblem\u00e1ticas do agroneg\u00f3cio brasileiro, chega \u00e0 Expointer 2025 \u2013 de 30 de agosto a 7 de setembro, em Esteio (RS) \u2013 em clima de celebra\u00e7\u00e3o. A empresa, que completa 60 anos em 2025, construiu sua trajet\u00f3ria aliando tradi\u00e7\u00e3o e inova\u00e7\u00e3o, sendo reconhecida como pioneira no desenvolvimento de tecnologias voltadas [&hellip;]<\/p>\n","protected":false},"author":5,"featured_media":40396,"comment_status":"open","ping_status":"open","sticky":false,"template":"","format":"standard","meta":{"_seopress_robots_primary_cat":"","_seopress_titles_title":"","_seopress_titles_desc":"","_seopress_robots_index":"","footnotes":""},"categories":[53],"tags":[],"class_list":["post-40395","post","type-post","status-publish","format-standard","has-post-thumbnail","hentry","category-agronegocio"],"_links":{"self":[{"href":"https:\/\/mussicom.com\/noticias\/wp-json\/wp\/v2\/posts\/40395","targetHints":{"allow":["GET"]}}],"collection":[{"href":"https:\/\/mussicom.com\/noticias\/wp-json\/wp\/v2\/posts"}],"about":[{"href":"https:\/\/mussicom.com\/noticias\/wp-json\/wp\/v2\/types\/post"}],"author":[{"embeddable":true,"href":"https:\/\/mussicom.com\/noticias\/wp-json\/wp\/v2\/users\/5"}],"replies":[{"embeddable":true,"href":"https:\/\/mussicom.com\/noticias\/wp-json\/wp\/v2\/comments?post=40395"}],"version-history":[{"count":0,"href":"https:\/\/mussicom.com\/noticias\/wp-json\/wp\/v2\/posts\/40395\/revisions"}],"wp:featuredmedia":[{"embeddable":true,"href":"https:\/\/mussicom.com\/noticias\/wp-json\/wp\/v2\/media\/40396"}],"wp:attachment":[{"href":"https:\/\/mussicom.com\/noticias\/wp-json\/wp\/v2\/media?parent=40395"}],"wp:term":[{"taxonomy":"category","embeddable":true,"href":"https:\/\/mussicom.com\/noticias\/wp-json\/wp\/v2\/categories?post=40395"},{"taxonomy":"post_tag","embeddable":true,"href":"https:\/\/mussicom.com\/noticias\/wp-json\/wp\/v2\/tags?post=40395"}],"curies":[{"name":"wp","href":"https:\/\/api.w.org\/{rel}","templated":true}]}}