{"id":40195,"date":"2025-08-27T13:49:09","date_gmt":"2025-08-27T16:49:09","guid":{"rendered":"https:\/\/mussicom.com\/lula-reconduz-gonet-a-pgr-as-vesperas-do-julgamento-de-bolsonaro\/"},"modified":"2025-08-27T13:49:09","modified_gmt":"2025-08-27T16:49:09","slug":"lula-reconduz-gonet-a-pgr-as-vesperas-do-julgamento-de-bolsonaro","status":"publish","type":"post","link":"https:\/\/mussicom.com\/noticias\/lula-reconduz-gonet-a-pgr-as-vesperas-do-julgamento-de-bolsonaro\/","title":{"rendered":"Lula reconduz Gonet \u00e0 PGR \u00e0s v\u00e9speras do julgamento de Bolsonaro"},"content":{"rendered":"<p> <br \/>\n<\/p>\n<div>\n<p class=\"postParagraph_post-paragraph-innerHtml__Q5vwc\">O presidente Luiz In\u00e1cio Lula da Silva (PT) reconduziu o procurador-geral da Rep\u00fablica, Paulo Gonet, ao cargo por mais dois anos \u00e0 frente do Minist\u00e9rio P\u00fablico Federal (MPF). A recondu\u00e7\u00e3o foi assinada na manh\u00e3 desta quarta (27) e ocorre \u00e0s v\u00e9speras do in\u00edcio do julgamento do ex-presidente Jair Bolsonaro (PL), marcado para come\u00e7ar no pr\u00f3ximo dia 2 de setembro.<\/p>\n<p class=\"postParagraph_post-paragraph-innerHtml__Q5vwc\">Gonet ocupa o cargo desde o final de 2023 e a oficializa\u00e7\u00e3o da recondu\u00e7\u00e3o ainda depende de confirma\u00e7\u00e3o do Senado para ser publicada no Di\u00e1rio Oficial da Uni\u00e3o (DOU).<\/p>\n<p class=\"postParagraph_post-paragraph__juWZN\">O procurador-geral da Rep\u00fablica se reuniu com Lula mais cedo, no Pal\u00e1cio do Planalto, quando foi informado da decis\u00e3o.<\/p>\n<div class=\"postViewMore_post-view-more-container___5wai\" data-mrf-recirculation=\"Post - Veja tamb\u00e9m\">\n<p class=\"gp-styles-module-size-small-afeYRa gp-styles-module-font-family2-afeYRa gp-styles-module-color-secondary-afeYRa gp-styles-module-weight-bold-afeYRa\">VEJA TAMB\u00c9M:<\/p>\n<ul class=\"postViewMore_post-view-more-list__CU_CE\">\n<li class=\"postViewMore_post-view-more-item__2MzRb\">\n<div class=\"postViewMore_post-view-more-image__5gUSe\"><picture class=\"imageDefault_image-container__XGd8_\"><\/picture><\/div>\n<p>Justi\u00e7a italiana pede mais tempo para analisar pedido de soltura de Carla Zambelli<\/li>\n<\/ul>\n<\/div>\n<p class=\"postParagraph_post-paragraph-innerHtml__Q5vwc\">Paulo Gonet foi o respons\u00e1vel por analisar e denunciar ao Supremo Tribunal Federal (STF) a investiga\u00e7\u00e3o da Pol\u00edcia Federal sobre os atos de 8 de janeiro de 2023 e os envolvidos na suposta tentativa de golpe de Estado ap\u00f3s as elei\u00e7\u00f5es de 2022.<\/p>\n<p class=\"postParagraph_post-paragraph-innerHtml__Q5vwc\">Os pareceres incluem, al\u00e9m de cidad\u00e3os comuns apontados como participantes das a\u00e7\u00f5es de vandalismo contra as sedes dos Tr\u00eas Poderes, tamb\u00e9m autoridades do governo de Bolsonaro e militares que supostamente teriam planejado e executado o alegado golpe.<\/p>\n<p class=\"postParagraph_post-paragraph-innerHtml__Q5vwc\">Mais recentemente, nesta semana, Gonet defendeu o refor\u00e7o no monitoramento policial de Bolsonaro ao chancelar um pedido da Pol\u00edcia Federal para que equipes policiais acompanhem em tempo real o cumprimento de medidas cautelares pelo ex-presidente por um suposto risco de fuga.<\/p>\n<p class=\"postParagraph_post-paragraph-innerHtml__Q5vwc\">O procurador-geral da Rep\u00fablica tamb\u00e9m foi alvo de san\u00e7\u00f5es dos Estados Unidos, em julho, como a revoga\u00e7\u00e3o do seu visto americano como press\u00e3o do governo de Donald Trump para que o STF suspenda o julgamento de Bolsonaro.<\/p>\n<\/div>\n<p><br \/>\n<br \/>Fonte: <a href=\"https:\/\/www.gazetadopovo.com.br\/republica\/lula-reconduz-gonet-pgr-vesperas-julgamento-bolsonaro\/\">Revista Oeste<\/a><\/p>\n","protected":false},"excerpt":{"rendered":"<p>O presidente Luiz In\u00e1cio Lula da Silva (PT) reconduziu o procurador-geral da Rep\u00fablica, Paulo Gonet, ao cargo por mais dois anos \u00e0 frente do Minist\u00e9rio P\u00fablico Federal (MPF). A recondu\u00e7\u00e3o foi assinada na manh\u00e3 desta quarta (27) e ocorre \u00e0s v\u00e9speras do in\u00edcio do julgamento do ex-presidente Jair Bolsonaro (PL), marcado para come\u00e7ar no pr\u00f3ximo [&hellip;]<\/p>\n","protected":false},"author":5,"featured_media":40196,"comment_status":"open","ping_status":"open","sticky":false,"template":"","format":"standard","meta":{"_seopress_robots_primary_cat":"","_seopress_titles_title":"","_seopress_titles_desc":"","_seopress_robots_index":"","footnotes":""},"categories":[1],"tags":[],"class_list":["post-40195","post","type-post","status-publish","format-standard","has-post-thumbnail","hentry","category-ultimas-noticias"],"_links":{"self":[{"href":"https:\/\/mussicom.com\/noticias\/wp-json\/wp\/v2\/posts\/40195","targetHints":{"allow":["GET"]}}],"collection":[{"href":"https:\/\/mussicom.com\/noticias\/wp-json\/wp\/v2\/posts"}],"about":[{"href":"https:\/\/mussicom.com\/noticias\/wp-json\/wp\/v2\/types\/post"}],"author":[{"embeddable":true,"href":"https:\/\/mussicom.com\/noticias\/wp-json\/wp\/v2\/users\/5"}],"replies":[{"embeddable":true,"href":"https:\/\/mussicom.com\/noticias\/wp-json\/wp\/v2\/comments?post=40195"}],"version-history":[{"count":0,"href":"https:\/\/mussicom.com\/noticias\/wp-json\/wp\/v2\/posts\/40195\/revisions"}],"wp:featuredmedia":[{"embeddable":true,"href":"https:\/\/mussicom.com\/noticias\/wp-json\/wp\/v2\/media\/40196"}],"wp:attachment":[{"href":"https:\/\/mussicom.com\/noticias\/wp-json\/wp\/v2\/media?parent=40195"}],"wp:term":[{"taxonomy":"category","embeddable":true,"href":"https:\/\/mussicom.com\/noticias\/wp-json\/wp\/v2\/categories?post=40195"},{"taxonomy":"post_tag","embeddable":true,"href":"https:\/\/mussicom.com\/noticias\/wp-json\/wp\/v2\/tags?post=40195"}],"curies":[{"name":"wp","href":"https:\/\/api.w.org\/{rel}","templated":true}]}}