{"id":40108,"date":"2025-08-27T06:33:38","date_gmt":"2025-08-27T09:33:38","guid":{"rendered":"https:\/\/mussicom.com\/mais-medicos-quase-15-mil-selecionados-comecam-a-partir-desta-quarta\/"},"modified":"2025-08-27T06:33:38","modified_gmt":"2025-08-27T09:33:38","slug":"mais-medicos-quase-15-mil-selecionados-comecam-a-partir-desta-quarta","status":"publish","type":"post","link":"https:\/\/mussicom.com\/noticias\/mais-medicos-quase-15-mil-selecionados-comecam-a-partir-desta-quarta\/","title":{"rendered":"Mais M\u00e9dicos: quase 1,5 mil selecionados come\u00e7am a partir desta quarta"},"content":{"rendered":"<p> <br \/>\n<\/p>\n<div>\n<p>Quase 1,5 mil profissionais que fazem parte do programa Mais M\u00e9dicos come\u00e7am a atuar a partir desta quarta-feira (27)\u00a0em 987 munic\u00edpios e 23 Distritos Sanit\u00e1rios Especiais Ind\u00edgenas (DSEIs). Selecionados na segunda chamada do 41\u00b0 ciclo\u00a0do programa,<strong> os profissionais ir\u00e3o refor\u00e7ar o acesso \u00e0 aten\u00e7\u00e3o prim\u00e1ria e \u00e0 sa\u00fade da fam\u00edlia nessas localidades.\u00a0<\/strong><img decoding=\"async\" src=\"https:\/\/agenciabrasil.ebc.com.br\/ebc.gif?id=1655926&amp;o=node\" style=\"width:1px; height:1px; display:inline;\"\/><\/p>\n<p>Do total, s\u00e3o 1.446 m\u00e9dicos para equipes de Sa\u00fade da Fam\u00edlia e 53 m\u00e9dicos para os DSEIs. Entre esses profissionais, 443 m\u00e9dicos v\u00e3o para a regi\u00e3o Nordeste;\u00a0235, para o Norte;\u00a0100, para o Centro-Oeste;\u00a0461, para o Sudeste; e 259, para o Sul. \u00a0<\/p>\n<p><strong>Atualmente, cerca de 26,4 mil profissionais j\u00e1\u00a0atuam em 4,5 mil munic\u00edpios por meio do programa.<\/strong> A meta \u00e9 alcan\u00e7ar 28 mil profissionais at\u00e9 2027. \u00a0<\/p>\n<h2>Intercambistas\u00a0<\/h2>\n<p>A maioria dos profissionais \u2500\u00a01.139 \u2500\u00a0\u00a0tem registro em\u00a0Conselho\u00a0Regional\u00a0de Medicina (CRM) e poder\u00e1 iniciar a jornada de trabalho entre esta quarta (27)\u00a0e 5 de setembro.<\/p>\n<p>J\u00e1 os 359 profissionais intercambistas, grupo formado por brasileiros graduados no exterior ou estrangeiros com licen\u00e7a para atuar em outros pa\u00edses, dever\u00e3o\u00a0participar do M\u00f3dulo de Acolhimento e Avalia\u00e7\u00e3o (MAAv), a partir de novembro.<\/p>\n<p>O MAAv \u00e9 um treinamento espec\u00edfico para que possam trabalhar em situa\u00e7\u00f5es de urg\u00eancia, emerg\u00eancia e no enfrentamento de doen\u00e7as prevalentes nas regi\u00f5es de atua\u00e7\u00e3o no contexto do Sistema \u00danico de Sa\u00fade (SUS).\u00a0<\/p>\n<p>\u00a0<\/p>\n<p>      <!-- Relacionada --><\/p>\n<p>            <!-- Relacionada -->\n    <\/div>\n<p><br \/>\n<br \/>Fonte: <a href=\"https:\/\/agenciabrasil.ebc.com.br\/saude\/noticia\/2025-08\/mais-medicos-quase-15-mil-selecionados-comecam-partir-desta-quarta\">Ag\u00eancia Brasil<\/a><\/p>\n","protected":false},"excerpt":{"rendered":"<p>Quase 1,5 mil profissionais que fazem parte do programa Mais M\u00e9dicos come\u00e7am a atuar a partir desta quarta-feira (27)\u00a0em 987 munic\u00edpios e 23 Distritos Sanit\u00e1rios Especiais Ind\u00edgenas (DSEIs). Selecionados na segunda chamada do 41\u00b0 ciclo\u00a0do programa, os profissionais ir\u00e3o refor\u00e7ar o acesso \u00e0 aten\u00e7\u00e3o prim\u00e1ria e \u00e0 sa\u00fade da fam\u00edlia nessas localidades.\u00a0 Do total, s\u00e3o [&hellip;]<\/p>\n","protected":false},"author":5,"featured_media":40109,"comment_status":"open","ping_status":"open","sticky":false,"template":"","format":"standard","meta":{"_seopress_robots_primary_cat":"","_seopress_titles_title":"","_seopress_titles_desc":"","_seopress_robots_index":"","footnotes":""},"categories":[46],"tags":[],"class_list":["post-40108","post","type-post","status-publish","format-standard","has-post-thumbnail","hentry","category-saude"],"_links":{"self":[{"href":"https:\/\/mussicom.com\/noticias\/wp-json\/wp\/v2\/posts\/40108","targetHints":{"allow":["GET"]}}],"collection":[{"href":"https:\/\/mussicom.com\/noticias\/wp-json\/wp\/v2\/posts"}],"about":[{"href":"https:\/\/mussicom.com\/noticias\/wp-json\/wp\/v2\/types\/post"}],"author":[{"embeddable":true,"href":"https:\/\/mussicom.com\/noticias\/wp-json\/wp\/v2\/users\/5"}],"replies":[{"embeddable":true,"href":"https:\/\/mussicom.com\/noticias\/wp-json\/wp\/v2\/comments?post=40108"}],"version-history":[{"count":0,"href":"https:\/\/mussicom.com\/noticias\/wp-json\/wp\/v2\/posts\/40108\/revisions"}],"wp:featuredmedia":[{"embeddable":true,"href":"https:\/\/mussicom.com\/noticias\/wp-json\/wp\/v2\/media\/40109"}],"wp:attachment":[{"href":"https:\/\/mussicom.com\/noticias\/wp-json\/wp\/v2\/media?parent=40108"}],"wp:term":[{"taxonomy":"category","embeddable":true,"href":"https:\/\/mussicom.com\/noticias\/wp-json\/wp\/v2\/categories?post=40108"},{"taxonomy":"post_tag","embeddable":true,"href":"https:\/\/mussicom.com\/noticias\/wp-json\/wp\/v2\/tags?post=40108"}],"curies":[{"name":"wp","href":"https:\/\/api.w.org\/{rel}","templated":true}]}}