{"id":40106,"date":"2025-08-27T06:10:12","date_gmt":"2025-08-27T09:10:12","guid":{"rendered":"https:\/\/mussicom.com\/que-horas-estreia-thunderbolts-da-marvel-nas-plataformas-digitais\/"},"modified":"2025-08-27T06:10:12","modified_gmt":"2025-08-27T09:10:12","slug":"que-horas-estreia-thunderbolts-da-marvel-nas-plataformas-digitais","status":"publish","type":"post","link":"https:\/\/mussicom.com\/noticias\/que-horas-estreia-thunderbolts-da-marvel-nas-plataformas-digitais\/","title":{"rendered":"Que horas estreia &#8216;Thunderbolts*&#8217;, da Marvel, nas plataformas digitais?"},"content":{"rendered":"<p> <br \/>\n<\/p>\n<div>\n<p>Uma das maiores bilheterias do ano, <strong><em>Thunderbolts*<\/em><\/strong>, que introduz um novo grupo de super-her\u00f3is no Universo Cinematogr\u00e1fico da Marvel, chega em breve \u00e0s plataformas digitais. Mas que horas estreia a novidade estrelada por\u00a0<strong>Sebastian Stan<\/strong>(<em>O Aprendiz<\/em>),\u00a0<strong>Florence Pugh<\/strong>(<em>Todo Tempo que Temos<\/em>) e\u00a0<strong>David Harbour<\/strong>(<em>Stranger Things<\/em>)?<\/p>\n<h4><strong>Qual \u00e9 a hist\u00f3ria de\u00a0<em>Thunderbolts*<\/em>?<\/strong><\/h4>\n<p>Em\u00a0<strong><em>Thunderbolts*<\/em><\/strong>, somos apresentados a uma equipe bastante incomum de anti-her\u00f3is formada por <strong>Bucky Barnes<\/strong>, o <strong>Soldado Invernal<\/strong> (<strong>Sebastian Stan<\/strong>); <strong>Yelena Belova<\/strong>, a <strong>Vi\u00fava Negra<\/strong> (<strong>Florence Pugh<\/strong>); <strong>John Walker<\/strong>, o <strong>Agente Americano<\/strong> (<strong>Wyatt Russell<\/strong>, <em>Monarch: Legado de Monstros<\/em>); <strong>Alexei Shostakov<\/strong>, o <strong>Guardi\u00e3o Vermelho<\/strong> (<strong>David Harbour<\/strong>); <strong>Antonia Dreykov<\/strong>, a <strong>Treinadora<\/strong> (<strong>Olga Kurylenko<\/strong>, <em>Oblivion<\/em>); e <strong>Ava Starr<\/strong>, a <strong>Fantasma<\/strong> (<strong>Hannah John-Kamen<\/strong>, <em>Resident Evil<\/em>).<\/p>\n<p>Na hist\u00f3ria, ap\u00f3s se verem presos em uma armadilha mortal armada por <strong>Valentina Allegra de Fontaine<\/strong> (<strong>Julia Louis-Dreyfus<\/strong>, <em>Seinfeld<\/em>), o grupo embarca em uma miss\u00e3o para parar os desejos de grandeza da condessa, mas \u00e9 for\u00e7ado a encarar as lembran\u00e7as mais sombrias do seu passado ao cruzar o seu caminho com o do misterioso\u00a0<strong>Bob\u00a0<\/strong>(<strong>Lewis Pullman<\/strong>, <em>Top Gun: Maverick<\/em>).<\/p>\n<h4><strong>Que horas estreia <em>Thunderbolts*<\/em>\u00a0nas plataformas digitais?<\/strong><\/h4>\n<p><strong><em>Thunderbolts*<\/em><\/strong> chega ao cat\u00e1logo do Disney+ <strong>nesta quarta-feira, dia 27 de agosto, a partir das 4h <\/strong>(pelo hor\u00e1rio de Bras\u00edlia), sem custos adicionais para os assinantes do servi\u00e7o de streaming da Disney. Assista ao trailer da novidade a seguir:<\/p>\n<p><iframe title=\"Thunderbolts* | Trailer Oficial Final\" width=\"800\" height=\"450\" src=\"https:\/\/www.youtube.com\/embed\/K1vsrRTgW44?feature=oembed\" frameborder=\"0\" allow=\"accelerometer; autoplay; clipboard-write; encrypted-media; gyroscope; picture-in-picture; web-share\" referrerpolicy=\"strict-origin-when-cross-origin\" allowfullscreen><\/iframe><\/p>\n<p><strong>LEIA TAMB\u00c9M:<\/strong><em>Thunderbolts*<\/em>, novidade da Marvel, n\u00e3o \u00e9 nada do que parece \u2014 e isso \u00e9 maravilhoso; confira a cr\u00edtica<\/p>\n<blockquote class=\"amdb-polls\" contenteditable=\"false\" data-sid=\"\/polls\/14\/embed\/\">\n<p>Qual foi o melhor filme de 2025 at\u00e9 agora? Vote no seu favorito!<\/p>\n<ul>\n<li>Baby<\/li>\n<li>Babygirl<\/li>\n<li>MMA &#8211; Meu Melhor Amigo<\/li>\n<li>Anora<\/li>\n<li>Conclave<\/li>\n<li>Acompanhante Perfeita<\/li>\n<li>Capit\u00e3o Am\u00e9rica: Admir\u00e1vel Mundo Novo<\/li>\n<li>Flow<\/li>\n<li>O Brutalista<\/li>\n<li>Um Completo Desconhecido<\/li>\n<li>Mickey 17<\/li>\n<li>Vit\u00f3ria<\/li>\n<li>O Melhor Amigo<\/li>\n<li>Mar\u00e9 Alta<\/li>\n<li>Branca de Neve<\/li>\n<li>Oeste Outra Vez<\/li>\n<li>Um Filme Minecraft<\/li>\n<li>Presen\u00e7a<\/li>\n<li>G20<\/li>\n<li>Pecadores<\/li>\n<\/ul>\n<\/blockquote>\n<\/div>\n<p><br \/>\n<br \/>Fonte: <a href=\"https:\/\/rollingstone.com.br\/cinema\/que-horas-estreia-thunderbolts-nas-plataformas-digitais\/\">rollingstone.com.br<\/a><\/p>\n","protected":false},"excerpt":{"rendered":"<p>Uma das maiores bilheterias do ano, Thunderbolts*, que introduz um novo grupo de super-her\u00f3is no Universo Cinematogr\u00e1fico da Marvel, chega em breve \u00e0s plataformas digitais. Mas que horas estreia a novidade estrelada por\u00a0Sebastian Stan(O Aprendiz),\u00a0Florence Pugh(Todo Tempo que Temos) e\u00a0David Harbour(Stranger Things)? Qual \u00e9 a hist\u00f3ria de\u00a0Thunderbolts*? Em\u00a0Thunderbolts*, somos apresentados a uma equipe bastante incomum [&hellip;]<\/p>\n","protected":false},"author":5,"featured_media":40107,"comment_status":"open","ping_status":"open","sticky":false,"template":"","format":"standard","meta":{"_seopress_robots_primary_cat":"","_seopress_titles_title":"","_seopress_titles_desc":"","_seopress_robots_index":"","footnotes":""},"categories":[51],"tags":[],"class_list":["post-40106","post","type-post","status-publish","format-standard","has-post-thumbnail","hentry","category-musica"],"_links":{"self":[{"href":"https:\/\/mussicom.com\/noticias\/wp-json\/wp\/v2\/posts\/40106","targetHints":{"allow":["GET"]}}],"collection":[{"href":"https:\/\/mussicom.com\/noticias\/wp-json\/wp\/v2\/posts"}],"about":[{"href":"https:\/\/mussicom.com\/noticias\/wp-json\/wp\/v2\/types\/post"}],"author":[{"embeddable":true,"href":"https:\/\/mussicom.com\/noticias\/wp-json\/wp\/v2\/users\/5"}],"replies":[{"embeddable":true,"href":"https:\/\/mussicom.com\/noticias\/wp-json\/wp\/v2\/comments?post=40106"}],"version-history":[{"count":0,"href":"https:\/\/mussicom.com\/noticias\/wp-json\/wp\/v2\/posts\/40106\/revisions"}],"wp:featuredmedia":[{"embeddable":true,"href":"https:\/\/mussicom.com\/noticias\/wp-json\/wp\/v2\/media\/40107"}],"wp:attachment":[{"href":"https:\/\/mussicom.com\/noticias\/wp-json\/wp\/v2\/media?parent=40106"}],"wp:term":[{"taxonomy":"category","embeddable":true,"href":"https:\/\/mussicom.com\/noticias\/wp-json\/wp\/v2\/categories?post=40106"},{"taxonomy":"post_tag","embeddable":true,"href":"https:\/\/mussicom.com\/noticias\/wp-json\/wp\/v2\/tags?post=40106"}],"curies":[{"name":"wp","href":"https:\/\/api.w.org\/{rel}","templated":true}]}}