{"id":40100,"date":"2025-08-27T05:41:17","date_gmt":"2025-08-27T08:41:17","guid":{"rendered":"https:\/\/mussicom.com\/moraes-vai-definir-sobre-aumento-do-policiamento-a-bolsonaro\/"},"modified":"2025-08-27T05:41:17","modified_gmt":"2025-08-27T08:41:17","slug":"moraes-vai-definir-sobre-aumento-do-policiamento-a-bolsonaro","status":"publish","type":"post","link":"https:\/\/mussicom.com\/noticias\/moraes-vai-definir-sobre-aumento-do-policiamento-a-bolsonaro\/","title":{"rendered":"Moraes vai definir sobre aumento do policiamento a Bolsonaro"},"content":{"rendered":"<p> <br \/>\n<\/p>\n<div>\n<p class=\"postParagraph_post-paragraph__juWZN\">O ministro Alexandre de Moraes, do Supremo Tribunal Federal (STF), deve se manifestar nos pr\u00f3ximos dias sobre o pedido da Procuradoria-Geral da Rep\u00fablica (PGR) para que a Pol\u00edcia Federal (PF) amplie o monitoramento de Jair Bolsonaro (PL). No documento enviado \u00e0 Corte, o Minist\u00e9rio P\u00fablico Federal (MPF) defende que a corpora\u00e7\u00e3o mantenha uma equipe em tempo integral no endere\u00e7o do ex-presidente.<\/p>\n<p class=\"postParagraph_post-paragraph-innerHtml__Q5vwc\">Segundo o procurador-geral da Rep\u00fablica, Paulo Gonet, o STF deve recomendar &#8220;formalmente \u00e0 Pol\u00edcia que destaque equipes de prontid\u00e3o em tempo integral para que se efetue o monitoramento em tempo real das medidas de cautela adotadas\u201d. A manifesta\u00e7\u00e3o do PGR acontece \u00e0s v\u00e9speras do in\u00edcio do julgamento de Bolsonaro no caso da suposta tentativa de golpe de Estado, marcado para 2 de setembro.<\/p>\n<p class=\"postParagraph_post-paragraph__juWZN\">A solicita\u00e7\u00e3o foi feita ap\u00f3s pedido do l\u00edder do PT na C\u00e2mara, deputado Lindbergh Farias (RJ), que chegou a pedir a pris\u00e3o preventiva do ex-presidente. Segundo o petista, ele tem informa\u00e7\u00f5es &#8220;seguras&#8221; de que Bolsonaro planeja pedir asilo pol\u00edtico \u00e0 Embaixada dos EUA.<\/p>\n<p class=\"postParagraph_post-paragraph__juWZN\">Ainda de acordo com Lindbergh, o uso da tornozeleira n\u00e3o impediria isso porque ele conseguiria chegar em pouco tempo \u00e0 unidade diplom\u00e1tica antes que a Pol\u00edcia Federal pudesse intercept\u00e1-lo. Bolsonaro cumpre pris\u00e3o domiciliar desde o come\u00e7o de agosto.<\/p>\n<p class=\"postParagraph_post-paragraph__juWZN\">Ap\u00f3s a manifesta\u00e7\u00e3o de Paulo Gonet, o ministro Alexandre de Moraes deve decidir qual procedimento ser\u00e1 adotado. Desde que a pris\u00e3o domiciliar de Bolsonaro foi decretada, as visitas ao ex-presidente est\u00e3o restritas a familiares e advogados, e qualquer outra visita depende de autoriza\u00e7\u00e3o judicial.<\/p>\n<\/div>\n<p><br \/>\n<br \/>Fonte: <a href=\"https:\/\/www.gazetadopovo.com.br\/republica\/moraes-vai-definir-sobre-aumento-do-policiamento-a-bolsonaro\/\">Revista Oeste<\/a><\/p>\n","protected":false},"excerpt":{"rendered":"<p>O ministro Alexandre de Moraes, do Supremo Tribunal Federal (STF), deve se manifestar nos pr\u00f3ximos dias sobre o pedido da Procuradoria-Geral da Rep\u00fablica (PGR) para que a Pol\u00edcia Federal (PF) amplie o monitoramento de Jair Bolsonaro (PL). No documento enviado \u00e0 Corte, o Minist\u00e9rio P\u00fablico Federal (MPF) defende que a corpora\u00e7\u00e3o mantenha uma equipe em [&hellip;]<\/p>\n","protected":false},"author":5,"featured_media":40101,"comment_status":"open","ping_status":"open","sticky":false,"template":"","format":"standard","meta":{"_seopress_robots_primary_cat":"","_seopress_titles_title":"","_seopress_titles_desc":"","_seopress_robots_index":"","footnotes":""},"categories":[1],"tags":[],"class_list":["post-40100","post","type-post","status-publish","format-standard","has-post-thumbnail","hentry","category-ultimas-noticias"],"_links":{"self":[{"href":"https:\/\/mussicom.com\/noticias\/wp-json\/wp\/v2\/posts\/40100","targetHints":{"allow":["GET"]}}],"collection":[{"href":"https:\/\/mussicom.com\/noticias\/wp-json\/wp\/v2\/posts"}],"about":[{"href":"https:\/\/mussicom.com\/noticias\/wp-json\/wp\/v2\/types\/post"}],"author":[{"embeddable":true,"href":"https:\/\/mussicom.com\/noticias\/wp-json\/wp\/v2\/users\/5"}],"replies":[{"embeddable":true,"href":"https:\/\/mussicom.com\/noticias\/wp-json\/wp\/v2\/comments?post=40100"}],"version-history":[{"count":0,"href":"https:\/\/mussicom.com\/noticias\/wp-json\/wp\/v2\/posts\/40100\/revisions"}],"wp:featuredmedia":[{"embeddable":true,"href":"https:\/\/mussicom.com\/noticias\/wp-json\/wp\/v2\/media\/40101"}],"wp:attachment":[{"href":"https:\/\/mussicom.com\/noticias\/wp-json\/wp\/v2\/media?parent=40100"}],"wp:term":[{"taxonomy":"category","embeddable":true,"href":"https:\/\/mussicom.com\/noticias\/wp-json\/wp\/v2\/categories?post=40100"},{"taxonomy":"post_tag","embeddable":true,"href":"https:\/\/mussicom.com\/noticias\/wp-json\/wp\/v2\/tags?post=40100"}],"curies":[{"name":"wp","href":"https:\/\/api.w.org\/{rel}","templated":true}]}}