{"id":40013,"date":"2025-08-26T21:42:23","date_gmt":"2025-08-27T00:42:23","guid":{"rendered":"https:\/\/mussicom.com\/oleo-de-algodao-sobe-com-demanda-de-biocombustiveis\/"},"modified":"2025-08-26T21:42:23","modified_gmt":"2025-08-27T00:42:23","slug":"oleo-de-algodao-sobe-com-demanda-de-biocombustiveis","status":"publish","type":"post","link":"https:\/\/mussicom.com\/noticias\/oleo-de-algodao-sobe-com-demanda-de-biocombustiveis\/","title":{"rendered":"\u00d3leo de algod\u00e3o sobe com demanda de biocombust\u00edveis"},"content":{"rendered":"<p> <br \/>\n<\/p>\n<div>\n<div class=\"row\">\n<div class=\"col-lg col-infos mt-0 mt-lg-0\">\n<div class=\"section-sub-title\">\n<p itemprop=\"description\">&#13;<br \/>\n                                Cota\u00e7\u00e3o do caro\u00e7o de algod\u00e3o recua em Mato Grosso&#13;\n                            <\/p>\n<\/p><\/div>\n<div class=\"container\">\n<div class=\"row\">\n<div class=\"col-lg p-0\">\n<div>\n<div class=\"block-news-main-infos mt-3 text-start\">\n<p>                                            <strong class=\"fn\" itemprop=\"author\" style=\"color: rgb(112, 112, 112); \">&#13;<br \/>\n                                                Agrolink&#13;<br \/>\n&#13;<br \/>\n                                                    &#8211; Seane Lennon&#13;<br \/>\n&#13;<br \/>\n                                            <\/strong><br \/>\n                                        <\/p>\n<p>                                            <abbr><time datetime=\"2025-08-26T18:26\" itemprop=\"datePublished dateModified\">Publicado em 26\/08\/2025 \u00e0s 18:26h.<\/time><\/abbr><br \/>\n                                            <\/p><\/div>\n<\/p><\/div>\n<\/p><\/div>\n<div class=\"col-lg p-0 text-lg-end\">\n<div>\n<div id=\"mdEnviarPagina\" class=\"modal fade\" role=\"dialog\">\n<div class=\"modal-dialog\">\n<div class=\"modal-content\">\n<div class=\"modal-body\">\n<p><strong>Estimado usu\u00e1rio.<\/strong><br \/>Preencha o formul\u00e1rio abaixo para remeter a p\u00e1gina.<\/p>\n<\/p><\/div>\n<\/p><\/div>\n<\/p><\/div>\n<\/div><\/div>\n<\/p><\/div>\n<\/p><\/div>\n<\/p><\/div>\n<\/p><\/div>\n<\/p><\/div>\n<div class=\"row justify-content-md-center mt-3\">\n<div class=\"col-lg-auto col-image block-news-main-image\">\n<p>                                <br \/>\n                                                <span class=\"publicity-photo d-block mt-1\">Foto: Canva<\/span><\/p><\/div>\n<\/p><\/div>\n<div class=\"section-description section-description-noticias mt-3\">\n<p style=\"text-align:justify\">Segundo a an\u00e1lise semanal do Instituto Mato-grossense de Economia Agropecu\u00e1ria (Imea), divulgada nesta segunda-feira (25), o pre\u00e7o do caro\u00e7o de algod\u00e3o dispon\u00edvel em Mato Grosso foi cotado a R$ 905,27 por tonelada, o que representa uma queda de 3,78% em rela\u00e7\u00e3o \u00e0 semana anterior e de 12,46% frente ao mesmo per\u00edodo do m\u00eas passado.&#13;\n<\/p>\n<p style=\"text-align:justify\">O instituto explicou que \u201co movimento \u00e9 pautado pelo avan\u00e7o da colheita no estado, de modo que a disponibilidade tem aumentado e, consequentemente, pressionado os pre\u00e7os\u201d.<\/p>\n<p style=\"text-align:justify\">Por outro lado, o pre\u00e7o do \u00f3leo de algod\u00e3o apresentou valoriza\u00e7\u00e3o de 1,10% no comparativo semanal, alcan\u00e7ando R$ 5.571,43 por tonelada. O Imea destacou que \u201cparte desse incremento \u00e9 atribu\u00eddo ao aumento da demanda das ind\u00fastrias de biocombust\u00edveis, ligado \u00e0 maior procura de \u00f3leo para a produ\u00e7\u00e3o de biodiesel\u201d.&#13;\n<\/p>\n<p style=\"text-align:justify\">Dessa forma, o instituto avaliou que, \u201capesar da tend\u00eancia de queda nos pre\u00e7os do caro\u00e7o conforme o avan\u00e7o da colheita e a maior oferta, o \u00f3leo deve continuar encontrando suporte na demanda por parte das ind\u00fastrias\u201d.<\/p>\n<\/p><\/div>\n<\/p><\/div>\n<p><script data-cfasync=\"false\">\n    !function (f, b, e, v, n, t, s) {\n        if (f.fbq) return; n = f.fbq = function () {\n            n.callMethod ?\n                n.callMethod.apply(n, arguments) : n.queue.push(arguments)\n        };\n        if (!f._fbq) f._fbq = n; n.push = n; n.loaded = !0; n.version = '2.0';\n        n.queue = []; t = b.createElement(e); t.async = !0;\n        t.src = v; s = b.getElementsByTagName(e)[0];\n        s.parentNode.insertBefore(t, s)\n    }(window, document, 'script',\n        'https:\/\/connect.facebook.net\/en_US\/fbevents.js');\n    fbq('init', '522546078623747');\n    fbq('track', 'PageView');\n<\/script><br \/>\n<br \/><br \/>\n<br \/>Fonte: <a href=\"https:\/\/www.agrolink.com.br\/noticias\/oleo-de-algodao-sobe-com-demanda-de-biocombustiveis_505332.html\">AGROLINK<\/a><\/p>\n","protected":false},"excerpt":{"rendered":"<p>&#13; Cota\u00e7\u00e3o do caro\u00e7o de algod\u00e3o recua em Mato Grosso&#13; &#13; Agrolink&#13; &#13; &#8211; Seane Lennon&#13; &#13; Publicado em 26\/08\/2025 \u00e0s 18:26h. Estimado usu\u00e1rio.Preencha o formul\u00e1rio abaixo para remeter a p\u00e1gina. Foto: Canva Segundo a an\u00e1lise semanal do Instituto Mato-grossense de Economia Agropecu\u00e1ria (Imea), divulgada nesta segunda-feira (25), o pre\u00e7o do caro\u00e7o de algod\u00e3o dispon\u00edvel [&hellip;]<\/p>\n","protected":false},"author":5,"featured_media":33466,"comment_status":"open","ping_status":"open","sticky":false,"template":"","format":"standard","meta":{"_seopress_robots_primary_cat":"","_seopress_titles_title":"","_seopress_titles_desc":"","_seopress_robots_index":"","footnotes":""},"categories":[53],"tags":[],"class_list":["post-40013","post","type-post","status-publish","format-standard","has-post-thumbnail","hentry","category-agronegocio"],"_links":{"self":[{"href":"https:\/\/mussicom.com\/noticias\/wp-json\/wp\/v2\/posts\/40013","targetHints":{"allow":["GET"]}}],"collection":[{"href":"https:\/\/mussicom.com\/noticias\/wp-json\/wp\/v2\/posts"}],"about":[{"href":"https:\/\/mussicom.com\/noticias\/wp-json\/wp\/v2\/types\/post"}],"author":[{"embeddable":true,"href":"https:\/\/mussicom.com\/noticias\/wp-json\/wp\/v2\/users\/5"}],"replies":[{"embeddable":true,"href":"https:\/\/mussicom.com\/noticias\/wp-json\/wp\/v2\/comments?post=40013"}],"version-history":[{"count":0,"href":"https:\/\/mussicom.com\/noticias\/wp-json\/wp\/v2\/posts\/40013\/revisions"}],"wp:featuredmedia":[{"embeddable":true,"href":"https:\/\/mussicom.com\/noticias\/wp-json\/wp\/v2\/media\/33466"}],"wp:attachment":[{"href":"https:\/\/mussicom.com\/noticias\/wp-json\/wp\/v2\/media?parent=40013"}],"wp:term":[{"taxonomy":"category","embeddable":true,"href":"https:\/\/mussicom.com\/noticias\/wp-json\/wp\/v2\/categories?post=40013"},{"taxonomy":"post_tag","embeddable":true,"href":"https:\/\/mussicom.com\/noticias\/wp-json\/wp\/v2\/tags?post=40013"}],"curies":[{"name":"wp","href":"https:\/\/api.w.org\/{rel}","templated":true}]}}