{"id":39957,"date":"2025-08-26T17:47:08","date_gmt":"2025-08-26T20:47:08","guid":{"rendered":"https:\/\/mussicom.com\/trump-diz-que-pedira-pena-de-morte-por-homicidio-em-washington\/"},"modified":"2025-08-26T17:47:08","modified_gmt":"2025-08-26T20:47:08","slug":"trump-diz-que-pedira-pena-de-morte-por-homicidio-em-washington","status":"publish","type":"post","link":"https:\/\/mussicom.com\/noticias\/trump-diz-que-pedira-pena-de-morte-por-homicidio-em-washington\/","title":{"rendered":"Trump diz que pedir\u00e1 pena de morte por homic\u00eddio em Washington"},"content":{"rendered":"<p> <br \/>\n<\/p>\n<div>\n<p class=\"postParagraph_post-paragraph__juWZN\">O presidente dos Estados Unidos, Donald Trump, disse nesta ter\u00e7a-feira (26) que seu governo buscar\u00e1 a pena de morte para qualquer pessoa que cometer assassinato em Washington, como parte de seu plano para reprimir o crime na capital.<\/p>\n<p class=\"postParagraph_post-paragraph__juWZN\">\u201cSe algu\u00e9m assassinar algu\u00e9m na capital, pena de morte\u201d, declarou Trump durante a s\u00e9tima reuni\u00e3o de seu gabinete.<\/p>\n<p class=\"postParagraph_post-paragraph__juWZN\">De acordo com o mandat\u00e1rio, essa \u201c\u00e9 uma medida preventiva muito forte\u201d, mas garantiu que todo o governo concorda.<\/p>\n<p class=\"postParagraph_post-paragraph__juWZN\">\u201cN\u00e3o sei se estamos preparados para isso neste pa\u00eds. Mas n\u00e3o temos escolha. Se algu\u00e9m matar algu\u00e9m, a pena ser\u00e1 a pena de morte\u201d, insistiu o republicano.<\/p>\n<p class=\"postParagraph_post-paragraph__juWZN\">No dia 11 de agosto, Trump assumiu o controle da seguran\u00e7a de Washington, inicialmente por 30 dias, de acordo com a lei que lhe permite intervir na autoridade da cidade sob a alega\u00e7\u00e3o de que h\u00e1 uma emerg\u00eancia devido \u00e0 alta criminalidade.<\/p>\n<p class=\"postParagraph_post-paragraph__juWZN\">Al\u00e9m dos 800 membros da Guarda Nacional de Washington mobilizados, seis estados governados por republicanos (Virg\u00ednia Ocidental, Carolina do Sul, Ohio, Mississippi, Louisiana e Tennessee) decidiram enviar mais efetivos.<\/p>\n<p class=\"postParagraph_post-paragraph__juWZN\">Ap\u00f3s a chegada desses agentes, o n\u00famero aumentou para cerca de 2 mil efetivos da Guarda Nacional. Tamb\u00e9m est\u00e3o patrulhando a cidade a Pol\u00edcia Metropolitana e agentes federais do FBI (pol\u00edcia federal), da Ag\u00eancia Antidrogas (DEA) e do servi\u00e7o de Imigra\u00e7\u00e3o e Alf\u00e2ndega (ICE).<\/p>\n<p class=\"postParagraph_post-paragraph__juWZN\">De acordo com a procuradora-geral, Pam Bondi, 1.094 pessoas j\u00e1 foram presas em Washington e 115 armas ilegais foram apreendidas desde o in\u00edcio da interven\u00e7\u00e3o.<\/p>\n<\/div>\n<p><br \/>\n<br \/>Fonte: <a href=\"https:\/\/www.gazetadopovo.com.br\/mundo\/trump-pena-de-morte-homicidio-washington\/\">Revista Oeste<\/a><\/p>\n","protected":false},"excerpt":{"rendered":"<p>O presidente dos Estados Unidos, Donald Trump, disse nesta ter\u00e7a-feira (26) que seu governo buscar\u00e1 a pena de morte para qualquer pessoa que cometer assassinato em Washington, como parte de seu plano para reprimir o crime na capital. \u201cSe algu\u00e9m assassinar algu\u00e9m na capital, pena de morte\u201d, declarou Trump durante a s\u00e9tima reuni\u00e3o de seu [&hellip;]<\/p>\n","protected":false},"author":5,"featured_media":39958,"comment_status":"open","ping_status":"open","sticky":false,"template":"","format":"standard","meta":{"_seopress_robots_primary_cat":"","_seopress_titles_title":"","_seopress_titles_desc":"","_seopress_robots_index":"","footnotes":""},"categories":[48],"tags":[],"class_list":["post-39957","post","type-post","status-publish","format-standard","has-post-thumbnail","hentry","category-internacional"],"_links":{"self":[{"href":"https:\/\/mussicom.com\/noticias\/wp-json\/wp\/v2\/posts\/39957","targetHints":{"allow":["GET"]}}],"collection":[{"href":"https:\/\/mussicom.com\/noticias\/wp-json\/wp\/v2\/posts"}],"about":[{"href":"https:\/\/mussicom.com\/noticias\/wp-json\/wp\/v2\/types\/post"}],"author":[{"embeddable":true,"href":"https:\/\/mussicom.com\/noticias\/wp-json\/wp\/v2\/users\/5"}],"replies":[{"embeddable":true,"href":"https:\/\/mussicom.com\/noticias\/wp-json\/wp\/v2\/comments?post=39957"}],"version-history":[{"count":0,"href":"https:\/\/mussicom.com\/noticias\/wp-json\/wp\/v2\/posts\/39957\/revisions"}],"wp:featuredmedia":[{"embeddable":true,"href":"https:\/\/mussicom.com\/noticias\/wp-json\/wp\/v2\/media\/39958"}],"wp:attachment":[{"href":"https:\/\/mussicom.com\/noticias\/wp-json\/wp\/v2\/media?parent=39957"}],"wp:term":[{"taxonomy":"category","embeddable":true,"href":"https:\/\/mussicom.com\/noticias\/wp-json\/wp\/v2\/categories?post=39957"},{"taxonomy":"post_tag","embeddable":true,"href":"https:\/\/mussicom.com\/noticias\/wp-json\/wp\/v2\/tags?post=39957"}],"curies":[{"name":"wp","href":"https:\/\/api.w.org\/{rel}","templated":true}]}}