{"id":39873,"date":"2025-08-26T11:46:15","date_gmt":"2025-08-26T14:46:15","guid":{"rendered":"https:\/\/mussicom.com\/neoenergia-elektro-e-premiada-no-great-place-to-work-sp-2025\/"},"modified":"2025-08-26T11:46:15","modified_gmt":"2025-08-26T14:46:15","slug":"neoenergia-elektro-e-premiada-no-great-place-to-work-sp-2025","status":"publish","type":"post","link":"https:\/\/mussicom.com\/noticias\/neoenergia-elektro-e-premiada-no-great-place-to-work-sp-2025\/","title":{"rendered":"Neoenergia Elektro \u00e9 premiada no Great Place To Work SP 2025"},"content":{"rendered":"<p> <br \/>\n<\/p>\n<div>\n<p class=\"postParagraph_post-paragraph-innerHtml__Q5vwc\">A <strong>Neoenergia Elektro<\/strong> atinge milh\u00f5es de pessoas com seu trabalho essencial de distribuir energia el\u00e9trica. E isso n\u00e3o \u00e9 feito com equipamentos, instala\u00e7\u00f5es ou cabos, e sim com uma equipe diversa e capacitada. Uma equipe que levou a companhia a ser considerada a melhor empresa para trabalhar no Interior Paulista, na categoria Grandes Empresas, do <strong>Great Place To Work (GPTW) S\u00e3o Paulo 2025<\/strong>.<\/p>\n<p class=\"postParagraph_post-paragraph-innerHtml__Q5vwc\">Essa n\u00e3o \u00e9 a primeira vez que a empresa fica no topo da premia\u00e7\u00e3o regional. No ano passado, a Neoenergia Elektro j\u00e1 havia levado o primeiro lugar e percorre agora o mesmo caminho de sua empresa-m\u00e3e, a Neoenergia, multicampe\u00e3 do ranking nacional do GPTW.<\/p>\n<p class=\"postParagraph_post-paragraph__juWZN\">Com sede em Campinas, a Neoenergia Elektra emprega mais de 4 mil colaboradores no estado paulista. E entre eles h\u00e1 pessoas com diferentes perfis, ideias e culturas. N\u00e3o \u00e9 por acaso, \u00e9 uma escolha da empresa de promover a diversidade e a inclus\u00e3o. No fim, o que a companhia consegue \u00e9 criar equipes mais criativas, inovadoras e din\u00e2micas.<\/p>\n<p class=\"postParagraph_post-paragraph__juWZN\">Uma das principais bandeiras da empresa \u00e9 ampliar a participa\u00e7\u00e3o da mulher no ambiente de trabalho. Hoje elas representam cerca de 35% da for\u00e7a de trabalho, um n\u00famero que vem aumentando ano ap\u00f3s ano. E junto com isso, a companhia est\u00e1 comprometida em reduzir a disparidade salarial entre homens e mulheres, inclusive com a publica\u00e7\u00e3o de relat\u00f3rios semestrais de transpar\u00eancia.<\/p>\n<div class=\"postImage_post-content-image__2CJdu\"><picture class=\"imageDefault_image-container__XGd8_\"><source type=\"image\/webp\" srcset=\"https:\/\/media.gazetadopovo.com.br\/2025\/08\/25221113\/WM20356-1280x720.jpg.webp 1280w, https:\/\/media.gazetadopovo.com.br\/2025\/08\/25221113\/WM20356-960x540.jpg.webp 960w, https:\/\/media.gazetadopovo.com.br\/2025\/08\/25221113\/WM20356-660x372.jpg.webp 660w, https:\/\/media.gazetadopovo.com.br\/2025\/08\/25221113\/WM20356-540x359.jpg.webp 540w, https:\/\/media.gazetadopovo.com.br\/2025\/08\/25221113\/WM20356-380x214.jpg.webp 380w, https:\/\/media.gazetadopovo.com.br\/2025\/08\/25221113\/WM20356-720x720.jpg.webp 720w, https:\/\/media.gazetadopovo.com.br\/2025\/08\/25221113\/WM20356-540x540.jpg.webp 540w, https:\/\/media.gazetadopovo.com.br\/2025\/08\/25221113\/WM20356-372x372.jpg.webp 372w, https:\/\/media.gazetadopovo.com.br\/2025\/08\/25221113\/WM20356-214x214.jpg.webp 214w, https:\/\/media.gazetadopovo.com.br\/2025\/08\/25221113\/WM20356.jpg.webp 1571w\" sizes=\"(max-width: 767px) 328px, 638px\"\/><source type=\"image\/jpeg\" srcset=\"https:\/\/media.gazetadopovo.com.br\/2025\/08\/25221113\/WM20356-1280x720.jpg.webp 1280w, https:\/\/media.gazetadopovo.com.br\/2025\/08\/25221113\/WM20356-960x540.jpg.webp 960w, https:\/\/media.gazetadopovo.com.br\/2025\/08\/25221113\/WM20356-660x372.jpg.webp 660w, https:\/\/media.gazetadopovo.com.br\/2025\/08\/25221113\/WM20356-540x359.jpg.webp 540w, https:\/\/media.gazetadopovo.com.br\/2025\/08\/25221113\/WM20356-380x214.jpg.webp 380w, https:\/\/media.gazetadopovo.com.br\/2025\/08\/25221113\/WM20356-720x720.jpg.webp 720w, https:\/\/media.gazetadopovo.com.br\/2025\/08\/25221113\/WM20356-540x540.jpg.webp 540w, https:\/\/media.gazetadopovo.com.br\/2025\/08\/25221113\/WM20356-372x372.jpg.webp 372w, https:\/\/media.gazetadopovo.com.br\/2025\/08\/25221113\/WM20356-214x214.jpg.webp 214w, https:\/\/media.gazetadopovo.com.br\/2025\/08\/25221113\/WM20356.jpg.webp 1571w\" sizes=\"(max-width: 767px) 328px, 638px\"\/><\/picture><i class=\"postImage_post-image-caption__yoE82\">Com sede em Campinas, a Neoenergia Elektra emprega mais de 4 mil colaboradores no estado paulista.<!-- --> <!-- -->(Foto: William Mota\/Divulga\u00e7\u00e3o GPTW)<\/i><\/div>\n<p class=\"postParagraph_post-paragraph__juWZN\">Seja homem ou mulher, a companhia oferece um card\u00e1pio de possibilidades de crescimento profissional para seus colaboradores, com uma universidade corporativa, programas de mentoria e cursos de idiomas. Al\u00e9m disso, abre espa\u00e7o para oportunidades de trabalho fora do Brasil nas empresas do Grupo Iberdrola na Europa e nos Estados Unidos. No exterior, a Neoenergia Elektro ainda oferece um programa internacional de bolsas de mestrado em v\u00e1rias universidades do mundo.<\/p>\n<div class=\"postViewMore_post-view-more-container___5wai\" data-mrf-recirculation=\"Post - Veja tamb\u00e9m\">\n<p class=\"gp-styles-module-size-small-afeYRa gp-styles-module-font-family2-afeYRa gp-styles-module-color-secondary-afeYRa gp-styles-module-weight-bold-afeYRa\">VEJA TAMB\u00c9M:<\/p>\n<ul class=\"postViewMore_post-view-more-list__CU_CE\">\n<li class=\"postViewMore_post-view-more-item__2MzRb\">\n<div class=\"postViewMore_post-view-more-image__5gUSe\"><picture class=\"imageDefault_image-container__XGd8_\"><img decoding=\"async\" class=\"imageDefault_image-item__lU2Dk\" src=\"https:\/\/media.gazetadopovo.com.br\/2025\/08\/20064025\/great-place-to-work-2025-sp-380x214.jpg.webp\" alt=\"GPTW S\u00e3o Paulo 2025\" width=\"72\" height=\"72\"\/><\/picture><\/div>\n<p>Great Place To Work 2025: as 100 melhores empresas para trabalhar em S\u00e3o Paulo<\/li>\n<\/ul>\n<\/div>\n<\/div>\n<p><br \/>\n<br \/>Fonte: <a href=\"https:\/\/www.gazetadopovo.com.br\/economia\/diversidade-inclusao-e-crescimento-profissional-sao-essenciais-para-a-neoenergia-elektro\/\">Gazeta do Povo<\/a><\/p>\n","protected":false},"excerpt":{"rendered":"<p>A Neoenergia Elektro atinge milh\u00f5es de pessoas com seu trabalho essencial de distribuir energia el\u00e9trica. E isso n\u00e3o \u00e9 feito com equipamentos, instala\u00e7\u00f5es ou cabos, e sim com uma equipe diversa e capacitada. Uma equipe que levou a companhia a ser considerada a melhor empresa para trabalhar no Interior Paulista, na categoria Grandes Empresas, do [&hellip;]<\/p>\n","protected":false},"author":5,"featured_media":39874,"comment_status":"open","ping_status":"open","sticky":false,"template":"","format":"standard","meta":{"_seopress_robots_primary_cat":"","_seopress_titles_title":"","_seopress_titles_desc":"","_seopress_robots_index":"","footnotes":""},"categories":[45],"tags":[],"class_list":["post-39873","post","type-post","status-publish","format-standard","has-post-thumbnail","hentry","category-economia"],"_links":{"self":[{"href":"https:\/\/mussicom.com\/noticias\/wp-json\/wp\/v2\/posts\/39873","targetHints":{"allow":["GET"]}}],"collection":[{"href":"https:\/\/mussicom.com\/noticias\/wp-json\/wp\/v2\/posts"}],"about":[{"href":"https:\/\/mussicom.com\/noticias\/wp-json\/wp\/v2\/types\/post"}],"author":[{"embeddable":true,"href":"https:\/\/mussicom.com\/noticias\/wp-json\/wp\/v2\/users\/5"}],"replies":[{"embeddable":true,"href":"https:\/\/mussicom.com\/noticias\/wp-json\/wp\/v2\/comments?post=39873"}],"version-history":[{"count":0,"href":"https:\/\/mussicom.com\/noticias\/wp-json\/wp\/v2\/posts\/39873\/revisions"}],"wp:featuredmedia":[{"embeddable":true,"href":"https:\/\/mussicom.com\/noticias\/wp-json\/wp\/v2\/media\/39874"}],"wp:attachment":[{"href":"https:\/\/mussicom.com\/noticias\/wp-json\/wp\/v2\/media?parent=39873"}],"wp:term":[{"taxonomy":"category","embeddable":true,"href":"https:\/\/mussicom.com\/noticias\/wp-json\/wp\/v2\/categories?post=39873"},{"taxonomy":"post_tag","embeddable":true,"href":"https:\/\/mussicom.com\/noticias\/wp-json\/wp\/v2\/tags?post=39873"}],"curies":[{"name":"wp","href":"https:\/\/api.w.org\/{rel}","templated":true}]}}