{"id":39847,"date":"2025-08-26T10:22:07","date_gmt":"2025-08-26T13:22:07","guid":{"rendered":"https:\/\/mussicom.com\/zema-afirma-que-stf-persegue-politicos-de-direita\/"},"modified":"2025-08-26T10:22:07","modified_gmt":"2025-08-26T13:22:07","slug":"zema-afirma-que-stf-persegue-politicos-de-direita","status":"publish","type":"post","link":"https:\/\/mussicom.com\/noticias\/zema-afirma-que-stf-persegue-politicos-de-direita\/","title":{"rendered":"Zema afirma que STF persegue pol\u00edticos de direita"},"content":{"rendered":"<p> <br \/>\n<\/p>\n<div>\n<p class=\"postParagraph_post-paragraph__juWZN\">O governador de Minas Gerais, Romeu Zema (Novo), afirmou nesta segunda-feira (25) que o Supremo Tribunal Federal (STF) persegue pol\u00edticos de direita e defendeu anistia ao ex-presidente Jair Bolsonaro (PL).<\/p>\n<p class=\"postParagraph_post-paragraph__juWZN\">\u201cEu quero um Brasil pacificado. N\u00f3s precisamos pacificar o Brasil, j\u00e1 demos anistia para assassinos, para sequestradores, e agora n\u00e3o vamos dar anistia nesse caso?\u201d, disse no programa Roda Viva, da TV Cultura.<\/p>\n<p class=\"postParagraph_post-paragraph__juWZN\">Ele refor\u00e7ou a acusa\u00e7\u00e3o de persegui\u00e7\u00e3o. \u201cOnde est\u00e3o os presos do Mensal\u00e3o e do Petrol\u00e3o? Est\u00e3o todos soltos porque s\u00e3o da esquerda\u201d, afirmou.<\/p>\n<p class=\"postParagraph_post-paragraph__juWZN\">O governador negou divis\u00e3o entre lideran\u00e7as conservadoras. \u201cN\u00e3o h\u00e1 divis\u00e3o, inclusive h\u00e1 cerca de 30 dias atr\u00e1s eu fui a Bras\u00edlia para uma s\u00e9rie de compromissos, dentre eles, encontrar com o presidente Bolsonaro.\u201d<\/p>\n<p class=\"postParagraph_post-paragraph__juWZN\">Zema tamb\u00e9m citou o impasse sobre o Imposto sobre Opera\u00e7\u00f5es Financeiras (IOF) para criticar o Judici\u00e1rio. \u201cTemos que resolver a quest\u00e3o de um Congresso que decide, representando o povo, e um STF que muitas vezes toma outra dire\u00e7\u00e3o.\u201d<\/p>\n<h2 class=\"postParagraph_post-paragraph__juWZN postParagraph_type-tag-h2__TtFkT\">Zema projeta uni\u00e3o da direita no 2\u00ba turno em 2026<\/h2>\n<p class=\"postParagraph_post-paragraph__juWZN\">A pr\u00e9-candidatura de Zema \u00e0 Presid\u00eancia foi lan\u00e7ada em 16 de agosto. Segundo o governador mineiro, Bolsonaro reagiu positivamente e afirmou que \u201cquanto mais candidatos \u00e0 direita, melhor\u201d.<\/p>\n<p class=\"postParagraph_post-paragraph__juWZN\">Zema citou tamb\u00e9m Ronaldo Caiado (Uni\u00e3o Brasil). Ele disse que candidaturas m\u00faltiplas podem fortalecer o campo conservador no segundo turno.<\/p>\n<p class=\"postParagraph_post-paragraph__juWZN\">\u201cEm Minas, a minha candidatura trar\u00e1 mais votos para a direita e isso pode acontecer em outros estados. A direita estar\u00e1 unida no 2\u00ba turno\u201d, afirmou.<\/p>\n<p class=\"postParagraph_post-paragraph__juWZN\">As falas de Zema ocorreram ap\u00f3s cr\u00edticas de Carlos Bolsonaro (PL). O vereador do Rio de Janeiro chamou governadores de direita de \u201cratos\u201d e \u201coportunistas\u201d no dia seguinte ao an\u00fancio da candidatura mineira.<\/p>\n<p class=\"postParagraph_post-paragraph__juWZN\">Zema respondeu. \u201cInfelizes e feitas no calor do momento, respondendo ao pai em processo\u201d, declarou. Ele tamb\u00e9m expressou solidariedade. \u201cN\u00f3s, de direita, estamos muito cientes de que isso foi feito num momento em que a press\u00e3o est\u00e1 muito grande.\u201d<\/p>\n<div class=\"postViewMore_post-view-more-container___5wai\" data-mrf-recirculation=\"Post - Veja tamb\u00e9m\">\n<p class=\"gp-styles-module-size-small-afeYRa gp-styles-module-font-family2-afeYRa gp-styles-module-color-secondary-afeYRa gp-styles-module-weight-bold-afeYRa\">VEJA TAMB\u00c9M:<\/p>\n<ul class=\"postViewMore_post-view-more-list__CU_CE\">\n<li class=\"postViewMore_post-view-more-item__2MzRb\"><span class=\"postViewMore_post-view-more-link-icon___stPC\"><svg xmlns=\"http:\/\/www.w3.org\/2000\/svg\" width=\"16\" height=\"16\" viewbox=\"0 0 16 16\"><rect width=\"16\" height=\"16\" fill=\"none\"\/><g transform=\"translate(3 3)\"><path d=\"M22.5,15l3.4,3.4-3.4,3.4\" transform=\"translate(-15.896 -11.793)\" fill=\"none\" stroke=\"#717171\" stroke-linecap=\"round\" stroke-width=\"1.4\"\/><path d=\"M6,6v4.2a2.452,2.452,0,0,0,2.5,2.4H16\" transform=\"translate(-6 -6)\" fill=\"none\" stroke=\"#717171\" stroke-linecap=\"round\" stroke-width=\"1.4\"\/><\/g><\/svg><\/span><span class=\"postViewMore_post-view-more-link-text__hO_kM\">Idealismo da fam\u00edlia Bolsonaro e pragmatismo do Centr\u00e3o acirram tens\u00f5es na direita<\/span><\/li>\n<li class=\"postViewMore_post-view-more-item__2MzRb\"><span class=\"postViewMore_post-view-more-link-icon___stPC\"><svg xmlns=\"http:\/\/www.w3.org\/2000\/svg\" width=\"16\" height=\"16\" viewbox=\"0 0 16 16\"><rect width=\"16\" height=\"16\" fill=\"none\"\/><g transform=\"translate(3 3)\"><path d=\"M22.5,15l3.4,3.4-3.4,3.4\" transform=\"translate(-15.896 -11.793)\" fill=\"none\" stroke=\"#717171\" stroke-linecap=\"round\" stroke-width=\"1.4\"\/><path d=\"M6,6v4.2a2.452,2.452,0,0,0,2.5,2.4H16\" transform=\"translate(-6 -6)\" fill=\"none\" stroke=\"#717171\" stroke-linecap=\"round\" stroke-width=\"1.4\"\/><\/g><\/svg><\/span><span class=\"postViewMore_post-view-more-link-text__hO_kM\">Julgamento de Bolsonaro intensifica articula\u00e7\u00e3o do Centr\u00e3o com governadores presidenci\u00e1veis<\/span><\/li>\n<\/ul>\n<\/div>\n<\/div>\n<p><br \/>\n<br \/>Fonte: <a href=\"https:\/\/www.gazetadopovo.com.br\/republica\/zema-diz-que-stf-persegue-a-direita-e-que-anistia-e-o-caminho-para-pacificar-o-brasil\/\">Revista Oeste<\/a><\/p>\n","protected":false},"excerpt":{"rendered":"<p>O governador de Minas Gerais, Romeu Zema (Novo), afirmou nesta segunda-feira (25) que o Supremo Tribunal Federal (STF) persegue pol\u00edticos de direita e defendeu anistia ao ex-presidente Jair Bolsonaro (PL). \u201cEu quero um Brasil pacificado. N\u00f3s precisamos pacificar o Brasil, j\u00e1 demos anistia para assassinos, para sequestradores, e agora n\u00e3o vamos dar anistia nesse caso?\u201d, [&hellip;]<\/p>\n","protected":false},"author":5,"featured_media":39848,"comment_status":"open","ping_status":"open","sticky":false,"template":"","format":"standard","meta":{"_seopress_robots_primary_cat":"","_seopress_titles_title":"","_seopress_titles_desc":"","_seopress_robots_index":"","footnotes":""},"categories":[1],"tags":[],"class_list":["post-39847","post","type-post","status-publish","format-standard","has-post-thumbnail","hentry","category-ultimas-noticias"],"_links":{"self":[{"href":"https:\/\/mussicom.com\/noticias\/wp-json\/wp\/v2\/posts\/39847","targetHints":{"allow":["GET"]}}],"collection":[{"href":"https:\/\/mussicom.com\/noticias\/wp-json\/wp\/v2\/posts"}],"about":[{"href":"https:\/\/mussicom.com\/noticias\/wp-json\/wp\/v2\/types\/post"}],"author":[{"embeddable":true,"href":"https:\/\/mussicom.com\/noticias\/wp-json\/wp\/v2\/users\/5"}],"replies":[{"embeddable":true,"href":"https:\/\/mussicom.com\/noticias\/wp-json\/wp\/v2\/comments?post=39847"}],"version-history":[{"count":0,"href":"https:\/\/mussicom.com\/noticias\/wp-json\/wp\/v2\/posts\/39847\/revisions"}],"wp:featuredmedia":[{"embeddable":true,"href":"https:\/\/mussicom.com\/noticias\/wp-json\/wp\/v2\/media\/39848"}],"wp:attachment":[{"href":"https:\/\/mussicom.com\/noticias\/wp-json\/wp\/v2\/media?parent=39847"}],"wp:term":[{"taxonomy":"category","embeddable":true,"href":"https:\/\/mussicom.com\/noticias\/wp-json\/wp\/v2\/categories?post=39847"},{"taxonomy":"post_tag","embeddable":true,"href":"https:\/\/mussicom.com\/noticias\/wp-json\/wp\/v2\/tags?post=39847"}],"curies":[{"name":"wp","href":"https:\/\/api.w.org\/{rel}","templated":true}]}}