{"id":39785,"date":"2025-08-26T03:15:07","date_gmt":"2025-08-26T06:15:07","guid":{"rendered":"https:\/\/mussicom.com\/trump-agora-mira-o-crime-organizado\/"},"modified":"2025-08-26T03:15:07","modified_gmt":"2025-08-26T06:15:07","slug":"trump-agora-mira-o-crime-organizado","status":"publish","type":"post","link":"https:\/\/mussicom.com\/noticias\/trump-agora-mira-o-crime-organizado\/","title":{"rendered":"Trump agora mira o crime organizado"},"content":{"rendered":"<p> <br \/>\n<\/p>\n<div>\n<p class=\"postParagraph_post-paragraph-innerHtml__Q5vwc\">Esse epis\u00f3dio do Podcast 15 Minutos, explora a crescente influ\u00eancia de <strong>organiza\u00e7\u00f5es criminosas no Brasil<\/strong>, destacando que <strong>26% da popula\u00e7\u00e3o<\/strong> vive sob influ\u00eancia desses grupos. O \u00edndice \u00e9 o mais alto da Am\u00e9rica Latina. As <strong>san\u00e7\u00f5es impostas pelos EUA<\/strong> ao PCC, como a aplica\u00e7\u00e3o da <strong>Lei Internacional de Poderes Econ\u00f4micos de 1977<\/strong>, e a inten\u00e7\u00e3o americana de classificar essas fac\u00e7\u00f5es como terroristas tamb\u00e9m s\u00e3o discutidas.\u00a0<\/p>\n<p>O programa aborda ainda a <strong>fragilidade da soberania estatal<\/strong> em \u00e1reas dominadas pelo crime e critica a percep\u00e7\u00e3o de que o <strong>Supremo Tribunal Federal seria leniente<\/strong> no combate a essas organiza\u00e7\u00f5es em compara\u00e7\u00e3o com a repress\u00e3o a manifesta\u00e7\u00f5es pol\u00edticas. Finalmente, a discuss\u00e3o revela um <strong>ponto de tens\u00e3o entre os governos brasileiro e americano<\/strong> devido a essas quest\u00f5es.<\/p>\n<\/div>\n<p><br \/>\n<br \/>Fonte: <a href=\"https:\/\/www.gazetadopovo.com.br\/republica\/crime-organizado-no-brasil-pode-agravar-a-tensao-com-donald-trump\/\">Revista Oeste<\/a><\/p>\n","protected":false},"excerpt":{"rendered":"<p>Esse epis\u00f3dio do Podcast 15 Minutos, explora a crescente influ\u00eancia de organiza\u00e7\u00f5es criminosas no Brasil, destacando que 26% da popula\u00e7\u00e3o vive sob influ\u00eancia desses grupos. O \u00edndice \u00e9 o mais alto da Am\u00e9rica Latina. As san\u00e7\u00f5es impostas pelos EUA ao PCC, como a aplica\u00e7\u00e3o da Lei Internacional de Poderes Econ\u00f4micos de 1977, e a inten\u00e7\u00e3o [&hellip;]<\/p>\n","protected":false},"author":5,"featured_media":25852,"comment_status":"open","ping_status":"open","sticky":false,"template":"","format":"standard","meta":{"_seopress_robots_primary_cat":"","_seopress_titles_title":"","_seopress_titles_desc":"","_seopress_robots_index":"","footnotes":""},"categories":[1],"tags":[],"class_list":["post-39785","post","type-post","status-publish","format-standard","has-post-thumbnail","hentry","category-ultimas-noticias"],"_links":{"self":[{"href":"https:\/\/mussicom.com\/noticias\/wp-json\/wp\/v2\/posts\/39785","targetHints":{"allow":["GET"]}}],"collection":[{"href":"https:\/\/mussicom.com\/noticias\/wp-json\/wp\/v2\/posts"}],"about":[{"href":"https:\/\/mussicom.com\/noticias\/wp-json\/wp\/v2\/types\/post"}],"author":[{"embeddable":true,"href":"https:\/\/mussicom.com\/noticias\/wp-json\/wp\/v2\/users\/5"}],"replies":[{"embeddable":true,"href":"https:\/\/mussicom.com\/noticias\/wp-json\/wp\/v2\/comments?post=39785"}],"version-history":[{"count":0,"href":"https:\/\/mussicom.com\/noticias\/wp-json\/wp\/v2\/posts\/39785\/revisions"}],"wp:featuredmedia":[{"embeddable":true,"href":"https:\/\/mussicom.com\/noticias\/wp-json\/wp\/v2\/media\/25852"}],"wp:attachment":[{"href":"https:\/\/mussicom.com\/noticias\/wp-json\/wp\/v2\/media?parent=39785"}],"wp:term":[{"taxonomy":"category","embeddable":true,"href":"https:\/\/mussicom.com\/noticias\/wp-json\/wp\/v2\/categories?post=39785"},{"taxonomy":"post_tag","embeddable":true,"href":"https:\/\/mussicom.com\/noticias\/wp-json\/wp\/v2\/tags?post=39785"}],"curies":[{"name":"wp","href":"https:\/\/api.w.org\/{rel}","templated":true}]}}