{"id":39700,"date":"2025-08-25T19:07:09","date_gmt":"2025-08-25T22:07:09","guid":{"rendered":"https:\/\/mussicom.com\/chiquinho-brazao-tenta-reaver-mandato-de-deputado\/"},"modified":"2025-08-25T19:07:09","modified_gmt":"2025-08-25T22:07:09","slug":"chiquinho-brazao-tenta-reaver-mandato-de-deputado","status":"publish","type":"post","link":"https:\/\/mussicom.com\/noticias\/chiquinho-brazao-tenta-reaver-mandato-de-deputado\/","title":{"rendered":"Chiquinho Braz\u00e3o tenta reaver mandato de deputado"},"content":{"rendered":"<p> <br \/>\n<\/p>\n<div>\n<p class=\"postParagraph_post-paragraph-innerHtml__Q5vwc\">Preso desde mar\u00e7o de 2024, Chiquinho Braz\u00e3o apresentou um recurso junto ao Supremo Tribunal Federal (STF) para tentar reaver o seu mandato de deputado federal. Ele r\u00e9u na Corte por suspeita de ter sido o mandante do assassinato da vereadora Marielle Franco (Psol) e foi cassado em abril deste ano por conta do excesso de faltas nas sess\u00f5es da C\u00e2mara.<\/p>\n<p class=\"postParagraph_post-paragraph__juWZN\">Os advogados de Chiquinho Braz\u00e3o apresentaram ao pr\u00f3prio Supremo um mandado de seguran\u00e7a para suspender e anular o ato da Mesa Diretora da C\u00e2mara que declarou a perda do mandato parlamentar dele. O pedido foi despachado para relatoria do ministro Fl\u00e1vio Dino na \u00faltima sexta-feira (22).<\/p>\n<p class=\"postParagraph_post-paragraph__juWZN\">As principais alega\u00e7\u00f5es s\u00e3o que as faltas causadas por uma pris\u00e3o preventiva n\u00e3o s\u00e3o equivalentes a faltas injustificadas e deliberadas. A legisla\u00e7\u00e3o  prev\u00ea a cassa\u00e7\u00e3o de parlamentares que faltarem a um ter\u00e7o das sess\u00f5es da C\u00e2mara, salvo em caso de \u201clicen\u00e7a ou miss\u00e3o por esta autorizada\u201d.<\/p>\n<p class=\"postParagraph_post-paragraph__juWZN\">A defesa alega ainda que o ato da C\u00e2mara cassou indiretamente o mandato de Chiquinho Braz\u00e3o sem que ele tenha sido condenado. \u201cO parlamentar n\u00e3o foi condenado definitivamente, encontrando-se apenas preso preventivamente. Transformar essa situa\u00e7\u00e3o provis\u00f3ria em fundamento para a perda definitiva do mandato equivale a atribuir-lhe, desde logo, os efeitos de uma condena\u00e7\u00e3o transitada em julgado\u201d, disse a defesa.<\/p>\n<p class=\"postParagraph_post-paragraph__juWZN\">Chiquinho foi preso preventivamente em mar\u00e7o de 2024, por decis\u00e3o do ministro Alexandre de Moraes, relator da a\u00e7\u00e3o penal do caso Marielle no STF. A C\u00e2mara ratificou a decis\u00e3o no m\u00eas seguinte.<\/p>\n<p class=\"postParagraph_post-paragraph__juWZN\">Em abril deste ano, dias antes da cassa\u00e7\u00e3o por faltas na C\u00e2mara, o Supremo autorizou a ida de Chiquinho para pris\u00e3o domiciliar. \u00c0 \u00e9poca, a defesa do ent\u00e3o deputado alegou que ele tinha um quadro de \u201cm\u00faltiplas comorbidades graves\u201d.<\/p>\n<div class=\"postViewMore_post-view-more-container___5wai\" data-mrf-recirculation=\"Post - Veja tamb\u00e9m\">\n<p class=\"gp-styles-module-size-small-afeYRa gp-styles-module-font-family2-afeYRa gp-styles-module-color-secondary-afeYRa gp-styles-module-weight-bold-afeYRa\">VEJA TAMB\u00c9M:<\/p>\n<ul class=\"postViewMore_post-view-more-list__CU_CE\">\n<li class=\"postViewMore_post-view-more-item__2MzRb\"><span class=\"postViewMore_post-view-more-link-icon___stPC\"><svg xmlns=\"http:\/\/www.w3.org\/2000\/svg\" width=\"16\" height=\"16\" viewbox=\"0 0 16 16\"><rect width=\"16\" height=\"16\" fill=\"none\"\/><g transform=\"translate(3 3)\"><path d=\"M22.5,15l3.4,3.4-3.4,3.4\" transform=\"translate(-15.896 -11.793)\" fill=\"none\" stroke=\"#717171\" stroke-linecap=\"round\" stroke-width=\"1.4\"\/><path d=\"M6,6v4.2a2.452,2.452,0,0,0,2.5,2.4H16\" transform=\"translate(-6 -6)\" fill=\"none\" stroke=\"#717171\" stroke-linecap=\"round\" stroke-width=\"1.4\"\/><\/g><\/svg><\/span><span class=\"postViewMore_post-view-more-link-text__hO_kM\">Por que deputados deixam o PL e migram para PP e Republicanos<\/span><\/li>\n<li class=\"postViewMore_post-view-more-item__2MzRb\"><span class=\"postViewMore_post-view-more-link-icon___stPC\"><svg xmlns=\"http:\/\/www.w3.org\/2000\/svg\" width=\"16\" height=\"16\" viewbox=\"0 0 16 16\"><rect width=\"16\" height=\"16\" fill=\"none\"\/><g transform=\"translate(3 3)\"><path d=\"M22.5,15l3.4,3.4-3.4,3.4\" transform=\"translate(-15.896 -11.793)\" fill=\"none\" stroke=\"#717171\" stroke-linecap=\"round\" stroke-width=\"1.4\"\/><path d=\"M6,6v4.2a2.452,2.452,0,0,0,2.5,2.4H16\" transform=\"translate(-6 -6)\" fill=\"none\" stroke=\"#717171\" stroke-linecap=\"round\" stroke-width=\"1.4\"\/><\/g><\/svg><\/span><span class=\"postViewMore_post-view-more-link-text__hO_kM\">Esquerda e direita mobilizam para o 7 de setembro em meio ao julgamento de Bolsonaro<\/span><\/li>\n<\/ul>\n<\/div>\n<p class=\"postParagraph_post-paragraph__juWZN\">Chiquinho Braz\u00e3o e o irm\u00e3o, o ex-deputado estadual e conselheiro do Tribunal de Contas do Rio (TCE-RJ) Domingos Braz\u00e3o, se tornaram r\u00e9us no STF em junho do ano passado. A Procuradoria-Geral da Rep\u00fablica (PGR) denunciou os irm\u00e3os Braz\u00e3o como mandantes do homic\u00eddio de Marielle e do motorista Anderson Gomes, ocorrido em mar\u00e7o de 2018. Ambos negam as acusa\u00e7\u00f5es.<\/p>\n<\/div>\n<p><br \/>\n<br \/>Fonte: <a href=\"https:\/\/www.gazetadopovo.com.br\/republica\/chiquinho-brazao-tenta-reaver-mandato-de-deputado\/\">Revista Oeste<\/a><\/p>\n","protected":false},"excerpt":{"rendered":"<p>Preso desde mar\u00e7o de 2024, Chiquinho Braz\u00e3o apresentou um recurso junto ao Supremo Tribunal Federal (STF) para tentar reaver o seu mandato de deputado federal. Ele r\u00e9u na Corte por suspeita de ter sido o mandante do assassinato da vereadora Marielle Franco (Psol) e foi cassado em abril deste ano por conta do excesso de [&hellip;]<\/p>\n","protected":false},"author":5,"featured_media":39701,"comment_status":"open","ping_status":"open","sticky":false,"template":"","format":"standard","meta":{"_seopress_robots_primary_cat":"","_seopress_titles_title":"","_seopress_titles_desc":"","_seopress_robots_index":"","footnotes":""},"categories":[1],"tags":[],"class_list":["post-39700","post","type-post","status-publish","format-standard","has-post-thumbnail","hentry","category-ultimas-noticias"],"_links":{"self":[{"href":"https:\/\/mussicom.com\/noticias\/wp-json\/wp\/v2\/posts\/39700","targetHints":{"allow":["GET"]}}],"collection":[{"href":"https:\/\/mussicom.com\/noticias\/wp-json\/wp\/v2\/posts"}],"about":[{"href":"https:\/\/mussicom.com\/noticias\/wp-json\/wp\/v2\/types\/post"}],"author":[{"embeddable":true,"href":"https:\/\/mussicom.com\/noticias\/wp-json\/wp\/v2\/users\/5"}],"replies":[{"embeddable":true,"href":"https:\/\/mussicom.com\/noticias\/wp-json\/wp\/v2\/comments?post=39700"}],"version-history":[{"count":0,"href":"https:\/\/mussicom.com\/noticias\/wp-json\/wp\/v2\/posts\/39700\/revisions"}],"wp:featuredmedia":[{"embeddable":true,"href":"https:\/\/mussicom.com\/noticias\/wp-json\/wp\/v2\/media\/39701"}],"wp:attachment":[{"href":"https:\/\/mussicom.com\/noticias\/wp-json\/wp\/v2\/media?parent=39700"}],"wp:term":[{"taxonomy":"category","embeddable":true,"href":"https:\/\/mussicom.com\/noticias\/wp-json\/wp\/v2\/categories?post=39700"},{"taxonomy":"post_tag","embeddable":true,"href":"https:\/\/mussicom.com\/noticias\/wp-json\/wp\/v2\/tags?post=39700"}],"curies":[{"name":"wp","href":"https:\/\/api.w.org\/{rel}","templated":true}]}}