{"id":39666,"date":"2025-08-25T16:04:06","date_gmt":"2025-08-25T19:04:06","guid":{"rendered":"https:\/\/mussicom.com\/impeachment-de-moraes-e-aplicacao-da-magnitsky-dividem-brasileiros-diz-quaest\/"},"modified":"2025-08-25T16:04:06","modified_gmt":"2025-08-25T19:04:06","slug":"impeachment-de-moraes-e-aplicacao-da-magnitsky-dividem-brasileiros-diz-quaest","status":"publish","type":"post","link":"https:\/\/mussicom.com\/noticias\/impeachment-de-moraes-e-aplicacao-da-magnitsky-dividem-brasileiros-diz-quaest\/","title":{"rendered":"Impeachment de Moraes e aplica\u00e7\u00e3o da Magnitsky dividem brasileiros, diz Quaest"},"content":{"rendered":"<p> <br \/>\n<\/p>\n<div>\n<p class=\"postParagraph_post-paragraph__juWZN\">Uma nova rodada da pesquisa Quaest divulgada nesta segunda (25) mostra que os brasileiros se dividem entre considerar justa ou n\u00e3o a aplica\u00e7\u00e3o da Lei Magnitsky ao ministro Alexandre de Moraes pelos Estados Unidos e seu impeachment do Supremo Tribunal Federal (STF). O impedimento dele na Corte \u00e9 uma das principais bandeiras da oposi\u00e7\u00e3o ao governo e favor\u00e1vel a parte consider\u00e1vel dos entrevistados pelo instituto.<\/p>\n<p class=\"postParagraph_post-paragraph-innerHtml__Q5vwc\">Segundo a Quaest, <strong>46% dos brasileiros s\u00e3o a favor<\/strong> do impeachment do ministro, enquanto que 43% s\u00e3o contr\u00e1rios e 11% n\u00e3o sabem ou preferiram n\u00e3o responder.<\/p>\n<p class=\"postParagraph_post-paragraph-innerHtml__Q5vwc\">Por outro lado, a aplica\u00e7\u00e3o da Lei Magnitsky, que imp\u00f5e uma esp\u00e9cie de \u201cpena de morte\u201d financeira ao sancionado em territ\u00f3rio do pa\u00eds norte-americano \u00e9 considerada<strong> injusta por 49%<\/strong> dos entrevistados. J\u00e1 os favor\u00e1veis s\u00e3o 39% e 12% n\u00e3o souberam ou preferiram n\u00e3o responder.<\/p>\n<p class=\"postParagraph_post-paragraph__juWZN\">A Quaest ouviu 2.004 pessoas entre os dias 13 e 17 de agosto em 120 munic\u00edpios brasileiros. A margem de erro \u00e9 de 2 pontos percentuais para mais ou para menos, com n\u00edvel de confian\u00e7a de 95%.<\/p>\n<div class=\"postViewMore_post-view-more-container___5wai\" data-mrf-recirculation=\"Post - Veja tamb\u00e9m\">\n<p class=\"gp-styles-module-size-small-afeYRa gp-styles-module-font-family2-afeYRa gp-styles-module-color-secondary-afeYRa gp-styles-module-weight-bold-afeYRa\">VEJA TAMB\u00c9M:<\/p>\n<ul class=\"postViewMore_post-view-more-list__CU_CE\">\n<li class=\"postViewMore_post-view-more-item__2MzRb\">\n<div class=\"postViewMore_post-view-more-image__5gUSe\"><picture class=\"imageDefault_image-container__XGd8_\"><\/picture><\/div>\n<p>Lula empata com Bolsonaro, Michelle e Tarc\u00edsio em eventual disputa em 2026, mostra Paran\u00e1 Pesquisas<\/li>\n<\/ul>\n<\/div>\n<p class=\"postParagraph_post-paragraph-innerHtml__Q5vwc\">O impeachment de Alexandre de Moraes chegou a ser uma das v\u00e1rias condicionantes para que deputados e senadores da oposi\u00e7\u00e3o liberassem a ocupa\u00e7\u00e3o das mesas diretoras da C\u00e2mara e do Senado no come\u00e7o do m\u00eas, em um movimento que durou quase dois dias em protesto \u00e0 decreta\u00e7\u00e3o da pris\u00e3o domiciliar do ex-presidente Jair Bolsonaro (PL).<\/p>\n<p class=\"postParagraph_post-paragraph-innerHtml__Q5vwc\">O movimento foi realizado na primeira sess\u00e3o da retomada dos trabalhos legislativos e fortemente criticado pelos presidentes Hugo Motta (Republicanos-PB) e Davi Alcolumbre (Uni\u00e3o-AP), respectivamente.<\/p>\n<p class=\"postParagraph_post-paragraph-innerHtml__Q5vwc\">Na C\u00e2mara, a ocupa\u00e7\u00e3o levou \u00e0 instaura\u00e7\u00e3o de 14 processos no Conselho de \u00c9tica, que pode levar \u00e0 suspens\u00e3o dos mandatos. J\u00e1 no Senado, o movimento terminou ap\u00f3s a oposi\u00e7\u00e3o conseguir 41 assinaturas para dar encaminhamento ao pedido de impeachment de Moraes, e atendeu a uma ordem de Alcolumbre.<\/p>\n<p class=\"postParagraph_post-paragraph__juWZN\">Segundo a Quaest, s\u00e3o mais favor\u00e1veis ao impeachment do ministro os apoiadores de Bolsonaro (83%) e quem declarou publicamente voto nele no segundo turno da elei\u00e7\u00e3o presidencial de 2022 (82%), moradores da regi\u00e3o Sul (59%), evang\u00e9licos (55%) e pessoas com renda familiar acima de 5 sal\u00e1rios m\u00ednimos (54%).<\/p>\n<p class=\"postParagraph_post-paragraph__juWZN\">J\u00e1 os contr\u00e1rios s\u00e3o os eleitores de esquerda (83%), os que declararam voto em Lula (68%), moradores do Nordeste (53%) e com renda familiar at\u00e9 2 sal\u00e1rios m\u00ednimos (48).<\/p>\n<p class=\"postParagraph_post-paragraph__juWZN\">Por outro lado, os contr\u00e1rios \u00e0 aplica\u00e7\u00e3o da Lei Magnitsky a Alexandre de Moraes tamb\u00e9m s\u00e3o de esquerda (80%), que votaram em Lula (72%), moradores do Nordeste (56%), com renda familiar at\u00e9 2 sal\u00e1rios m\u00ednimos (53%).<\/p>\n<p class=\"postParagraph_post-paragraph__juWZN\">Os favor\u00e1veis seguem um perfil semelhante aos do impeachment, sendo apoiadores ou eleitores de Bolsonaro (74% e 75%, respectivamente) e evang\u00e9licos (49%).<\/p>\n<p class=\"postParagraph_post-paragraph-innerHtml__Q5vwc\">Moraes foi sancionado com a legisla\u00e7\u00e3o dos Estados Unidos no dia 30 de julho com a alega\u00e7\u00e3o de que estaria violando os direitos humanos na condena\u00e7\u00e3o de pessoas envolvidas nos atos de 8 de janeiro de 2023, al\u00e9m de censura a opositores.<\/p>\n<p class=\"postParagraph_post-paragraph-innerHtml__Q5vwc\">&#8220;O rito processual do STF ir\u00e1 ignorar as san\u00e7\u00f5es praticadas. Esse relator vai ignorar as san\u00e7\u00f5es que foram aplicadas e continuar trabalhando como vem fazendo tanto no Plen\u00e1rio quanto na Primeira Turma, sempre de forma colegiada, diferentemente das mentiras, inverdades e desinforma\u00e7\u00e3o das redes sociais&#8221;, disparou Moraes na primeira sess\u00e3o do STF ap\u00f3s o recesso do Judici\u00e1rio, no dia 1\u00ba de agosto.<\/p>\n<\/div>\n<p><br \/>\n<br \/>Fonte: <a href=\"https:\/\/www.gazetadopovo.com.br\/republica\/impeachment-moraes-magnitsky-dividem-brasileiros-diz-quaest\/\">Revista Oeste<\/a><\/p>\n","protected":false},"excerpt":{"rendered":"<p>Uma nova rodada da pesquisa Quaest divulgada nesta segunda (25) mostra que os brasileiros se dividem entre considerar justa ou n\u00e3o a aplica\u00e7\u00e3o da Lei Magnitsky ao ministro Alexandre de Moraes pelos Estados Unidos e seu impeachment do Supremo Tribunal Federal (STF). O impedimento dele na Corte \u00e9 uma das principais bandeiras da oposi\u00e7\u00e3o ao [&hellip;]<\/p>\n","protected":false},"author":5,"featured_media":39667,"comment_status":"open","ping_status":"open","sticky":false,"template":"","format":"standard","meta":{"_seopress_robots_primary_cat":"","_seopress_titles_title":"","_seopress_titles_desc":"","_seopress_robots_index":"","footnotes":""},"categories":[1],"tags":[],"class_list":["post-39666","post","type-post","status-publish","format-standard","has-post-thumbnail","hentry","category-ultimas-noticias"],"_links":{"self":[{"href":"https:\/\/mussicom.com\/noticias\/wp-json\/wp\/v2\/posts\/39666","targetHints":{"allow":["GET"]}}],"collection":[{"href":"https:\/\/mussicom.com\/noticias\/wp-json\/wp\/v2\/posts"}],"about":[{"href":"https:\/\/mussicom.com\/noticias\/wp-json\/wp\/v2\/types\/post"}],"author":[{"embeddable":true,"href":"https:\/\/mussicom.com\/noticias\/wp-json\/wp\/v2\/users\/5"}],"replies":[{"embeddable":true,"href":"https:\/\/mussicom.com\/noticias\/wp-json\/wp\/v2\/comments?post=39666"}],"version-history":[{"count":0,"href":"https:\/\/mussicom.com\/noticias\/wp-json\/wp\/v2\/posts\/39666\/revisions"}],"wp:featuredmedia":[{"embeddable":true,"href":"https:\/\/mussicom.com\/noticias\/wp-json\/wp\/v2\/media\/39667"}],"wp:attachment":[{"href":"https:\/\/mussicom.com\/noticias\/wp-json\/wp\/v2\/media?parent=39666"}],"wp:term":[{"taxonomy":"category","embeddable":true,"href":"https:\/\/mussicom.com\/noticias\/wp-json\/wp\/v2\/categories?post=39666"},{"taxonomy":"post_tag","embeddable":true,"href":"https:\/\/mussicom.com\/noticias\/wp-json\/wp\/v2\/tags?post=39666"}],"curies":[{"name":"wp","href":"https:\/\/api.w.org\/{rel}","templated":true}]}}