{"id":39663,"date":"2025-08-25T15:26:09","date_gmt":"2025-08-25T18:26:09","guid":{"rendered":"https:\/\/mussicom.com\/alckmin-viaja-ao-mexico-para-discutir-relacoes-comerciais\/"},"modified":"2025-08-25T15:26:09","modified_gmt":"2025-08-25T18:26:09","slug":"alckmin-viaja-ao-mexico-para-discutir-relacoes-comerciais","status":"publish","type":"post","link":"https:\/\/mussicom.com\/noticias\/alckmin-viaja-ao-mexico-para-discutir-relacoes-comerciais\/","title":{"rendered":"Alckmin viaja ao M\u00e9xico para discutir rela\u00e7\u00f5es comerciais"},"content":{"rendered":"<p> <br \/>\n<\/p>\n<div>\n<p class=\"postParagraph_post-paragraph__juWZN\">O vice-presidente e ministro de Ind\u00fastria e Com\u00e9rcio, Geraldo Alckmin, viaja na pr\u00f3xima ter\u00e7a-feira (26) ao M\u00e9xico, onde ir\u00e1 se encontrar com a presidente do pa\u00eds, Claudia Sheinbaum. Em entrevista a jornalistas no s\u00e1bado (23), Alckmin disse que o objetivo da viagem \u00e9 ampliar o interc\u00e2mbio e fortalecer o com\u00e9rcio entre os pa\u00edses, que no ano passado movimentou mais de US$ 13 bilh\u00f5es.<\/p>\n<p class=\"postParagraph_post-paragraph__juWZN\">Ao comentar a parceria com o M\u00e9xico, Alckmin disse que pretende discutir neg\u00f3cios em setores estrat\u00e9gicos como biocombust\u00edveis, energia, combust\u00edvel de avia\u00e7\u00e3o sustent\u00e1vel, equipamentos m\u00e9dicos e agroind\u00fastria. &#8220;N\u00f3s temos uma corrente de com\u00e9rcio significativa: no ano passado, exportamos R$ 7,8 bilh\u00f5es para eles, e eles exportaram R$ 5,8 bilh\u00f5es para n\u00f3s. Podemos fazer crescer essa corrente de com\u00e9rcio\u201d, afirmou.<\/p>\n<p class=\"postParagraph_post-paragraph__juWZN\">Outro assunto que est\u00e1 na pauta da viagem, de acordo com o vice-presidente, \u00e9 a implanta\u00e7\u00e3o de um visto eletr\u00f4nico para cidad\u00e3os dos dois pa\u00edses, a fim de facilitar a gera\u00e7\u00e3o de emprego e renda.<\/p>\n<p class=\"postParagraph_post-paragraph__juWZN\">Apesar de Alckmin n\u00e3o ter mencionado as tarifas impostas pelo presidente dos Estados Unidos, Donald Trump, \u00e9 prov\u00e1vel que o assunto esteja presente nas conversas. Para o Brasil, j\u00e1 est\u00e3o valendo tarifas de 50% na importa\u00e7\u00e3o de produtos brasileiros para os EUA. No caso do M\u00e9xico, Trump anunciou no in\u00edcio de julho tarifas de 30%, por\u00e9m, os dois pa\u00edses chegaram a um acordo para adiar em 90 dias a entrada em vigor.<\/p>\n<div class=\"postViewMore_post-view-more-container___5wai\" data-mrf-recirculation=\"Post - Veja tamb\u00e9m\">\n<p class=\"gp-styles-module-size-small-afeYRa gp-styles-module-font-family2-afeYRa gp-styles-module-color-secondary-afeYRa gp-styles-module-weight-bold-afeYRa\">VEJA TAMB\u00c9M:<\/p>\n<ul class=\"postViewMore_post-view-more-list__CU_CE\">\n<li class=\"postViewMore_post-view-more-item__2MzRb\"><span class=\"postViewMore_post-view-more-link-icon___stPC\"><svg xmlns=\"http:\/\/www.w3.org\/2000\/svg\" width=\"16\" height=\"16\" viewbox=\"0 0 16 16\"><rect width=\"16\" height=\"16\" fill=\"none\"\/><g transform=\"translate(3 3)\"><path d=\"M22.5,15l3.4,3.4-3.4,3.4\" transform=\"translate(-15.896 -11.793)\" fill=\"none\" stroke=\"#717171\" stroke-linecap=\"round\" stroke-width=\"1.4\"\/><path d=\"M6,6v4.2a2.452,2.452,0,0,0,2.5,2.4H16\" transform=\"translate(-6 -6)\" fill=\"none\" stroke=\"#717171\" stroke-linecap=\"round\" stroke-width=\"1.4\"\/><\/g><\/svg><\/span><span class=\"postViewMore_post-view-more-link-text__hO_kM\">\u201cSe depender de n\u00f3s, o tarifa\u00e7o acaba amanh\u00e3\u201d, afirma Alckmin<\/span><\/li>\n<li class=\"postViewMore_post-view-more-item__2MzRb\"><span class=\"postViewMore_post-view-more-link-icon___stPC\"><svg xmlns=\"http:\/\/www.w3.org\/2000\/svg\" width=\"16\" height=\"16\" viewbox=\"0 0 16 16\"><rect width=\"16\" height=\"16\" fill=\"none\"\/><g transform=\"translate(3 3)\"><path d=\"M22.5,15l3.4,3.4-3.4,3.4\" transform=\"translate(-15.896 -11.793)\" fill=\"none\" stroke=\"#717171\" stroke-linecap=\"round\" stroke-width=\"1.4\"\/><path d=\"M6,6v4.2a2.452,2.452,0,0,0,2.5,2.4H16\" transform=\"translate(-6 -6)\" fill=\"none\" stroke=\"#717171\" stroke-linecap=\"round\" stroke-width=\"1.4\"\/><\/g><\/svg><\/span><span class=\"postViewMore_post-view-more-link-text__hO_kM\">Haddad diz que impasse tarif\u00e1rio se deve a interesse dos EUA em terras raras<\/span><\/li>\n<\/ul>\n<\/div>\n<\/div>\n<p><br \/>\n<br \/>Fonte: <a href=\"https:\/\/www.gazetadopovo.com.br\/economia\/alckmin-mexico-relacoes-comerciais\/\">Gazeta do Povo<\/a><\/p>\n","protected":false},"excerpt":{"rendered":"<p>O vice-presidente e ministro de Ind\u00fastria e Com\u00e9rcio, Geraldo Alckmin, viaja na pr\u00f3xima ter\u00e7a-feira (26) ao M\u00e9xico, onde ir\u00e1 se encontrar com a presidente do pa\u00eds, Claudia Sheinbaum. Em entrevista a jornalistas no s\u00e1bado (23), Alckmin disse que o objetivo da viagem \u00e9 ampliar o interc\u00e2mbio e fortalecer o com\u00e9rcio entre os pa\u00edses, que no [&hellip;]<\/p>\n","protected":false},"author":5,"featured_media":39664,"comment_status":"open","ping_status":"open","sticky":false,"template":"","format":"standard","meta":{"_seopress_robots_primary_cat":"","_seopress_titles_title":"","_seopress_titles_desc":"","_seopress_robots_index":"","footnotes":""},"categories":[45],"tags":[],"class_list":["post-39663","post","type-post","status-publish","format-standard","has-post-thumbnail","hentry","category-economia"],"_links":{"self":[{"href":"https:\/\/mussicom.com\/noticias\/wp-json\/wp\/v2\/posts\/39663","targetHints":{"allow":["GET"]}}],"collection":[{"href":"https:\/\/mussicom.com\/noticias\/wp-json\/wp\/v2\/posts"}],"about":[{"href":"https:\/\/mussicom.com\/noticias\/wp-json\/wp\/v2\/types\/post"}],"author":[{"embeddable":true,"href":"https:\/\/mussicom.com\/noticias\/wp-json\/wp\/v2\/users\/5"}],"replies":[{"embeddable":true,"href":"https:\/\/mussicom.com\/noticias\/wp-json\/wp\/v2\/comments?post=39663"}],"version-history":[{"count":0,"href":"https:\/\/mussicom.com\/noticias\/wp-json\/wp\/v2\/posts\/39663\/revisions"}],"wp:featuredmedia":[{"embeddable":true,"href":"https:\/\/mussicom.com\/noticias\/wp-json\/wp\/v2\/media\/39664"}],"wp:attachment":[{"href":"https:\/\/mussicom.com\/noticias\/wp-json\/wp\/v2\/media?parent=39663"}],"wp:term":[{"taxonomy":"category","embeddable":true,"href":"https:\/\/mussicom.com\/noticias\/wp-json\/wp\/v2\/categories?post=39663"},{"taxonomy":"post_tag","embeddable":true,"href":"https:\/\/mussicom.com\/noticias\/wp-json\/wp\/v2\/tags?post=39663"}],"curies":[{"name":"wp","href":"https:\/\/api.w.org\/{rel}","templated":true}]}}