{"id":39652,"date":"2025-08-25T15:03:08","date_gmt":"2025-08-25T18:03:08","guid":{"rendered":"https:\/\/mussicom.com\/camara-faz-sessao-especial-para-estreitar-lacos-com-a-ucrania\/"},"modified":"2025-08-25T15:03:08","modified_gmt":"2025-08-25T18:03:08","slug":"camara-faz-sessao-especial-para-estreitar-lacos-com-a-ucrania","status":"publish","type":"post","link":"https:\/\/mussicom.com\/noticias\/camara-faz-sessao-especial-para-estreitar-lacos-com-a-ucrania\/","title":{"rendered":"C\u00e2mara faz sess\u00e3o especial para estreitar la\u00e7os com a Ucr\u00e2nia"},"content":{"rendered":"<p> <br \/>\n<\/p>\n<div>\n<p class=\"postParagraph_post-paragraph__juWZN\">A C\u00e2mara dos Deputados realizou, na manh\u00e3 desta segunda-feira (25), uma sess\u00e3o solene para homenagear a independ\u00eancia da Ucr\u00e2nia e apoiar o pa\u00eds na luta contra a invas\u00e3o da R\u00fassia. Foi uma a\u00e7\u00e3o de diplomacia parlamentar independente da pol\u00edtica externa oficial do presidente Luiz In\u00e1cio Lula da Silva (PT), que vem oferecendo apoio pol\u00edtico ao ditador Vladimir Putin.<\/p>\n<p class=\"postParagraph_post-paragraph-innerHtml__Q5vwc\">A sess\u00e3o da C\u00e2mara foi realizada a pedido do deputado Paulo Bilynskyj (PL-SP), que conduziu a homenagem. \u00a0Ao relembrar a trajet\u00f3ria de sua fam\u00edlia, Bilynskyj destacou a luta pela defesa da liberdade que remonta aos tempos da guerra em que o av\u00f4 lutou na Ucr\u00e2nia, at\u00e9 a sua luta atual enquanto deputado, jurando defender o Brasil. \u201c\u00c9 imposs\u00edvel falar sobre a independ\u00eancia da Ucr\u00e2nia, que foi a independ\u00eancia da Uni\u00e3o Sovi\u00e9tica, sem tra\u00e7ar um paralelo com o que acontece no Brasil, com a luta que travamos no Brasil\u201d, disse o deputado.\u00a0<\/p>\n<p class=\"postParagraph_post-paragraph-innerHtml__Q5vwc\">Na presen\u00e7a de diplomatas americanos e poloneses, membros da comunidade ucraniana destacaram a import\u00e2ncia do reconhecimento do Holomodor, que vitimou dezenas de milhares de pessoas pela fome na Ucr\u00e2nia na d\u00e9cada de 1930.\u00a0&#8220;Precisamos fazer com que o governo brasileiro reconhe\u00e7a genoc\u00eddio no que aconteceu na Ucr\u00e2nia, onde milh\u00f5es de pessoas morreram de fome.<strong> <\/strong>Precisamos, para que a comunidade ucraniana se sinta regozijada nesse pa\u00eds que acolhe 1 milh\u00e3o de descendentes de ucranianos&#8221;, disse o presidente da Representa\u00e7\u00e3o Brasileira Central Ucraniana-Brasileira (RCUB), Roberto Andr\u00e9 Oresten.<\/p>\n<p class=\"postParagraph_post-paragraph__juWZN\">Em seu discurso, o encarregado de neg\u00f3cios da Embaixada da Ucr\u00e2nia no Brasil, Andrii Borodenkov, destacou ainda o aumento de la\u00e7os entre os pa\u00edses, ao agradecer pelos gestos de solidariedade que mant\u00eam a &#8220;Ucr\u00e2nia em p\u00e9&#8221;.<\/p>\n<p class=\"postParagraph_post-paragraph__juWZN\">Borodenkov, no entanto, ponderou que tem ouvido a palavra &#8220;pragmatismo&#8221; de pa\u00edses amigos e alertou para os efeitos da postura representada na palavra. &#8220;Acreditem, isso jamais encontrar\u00e1 compreens\u00e3o nas futuras gera\u00e7\u00f5es. Hoje, queremos que todos entendam claramente o que \u00e9 branco e o que \u00e9 o preto. A hist\u00f3ria colocar\u00e1 tudo em seu devido lugar. Quem esteve do lado do bem, quem estave do lado do mal. N\u00f3s acreditamos sinceramente que o bem prevalecer\u00e1, como sempre acontece&#8221;, disse o encarregado de neg\u00f3cios ucraniano.<\/p>\n<p class=\"postParagraph_post-paragraph__juWZN\">O diplomata ressaltou o aumento de la\u00e7os entre Ucr\u00e2nia e Brasil por meio dos parlamentos e dos povos, mas n\u00e3o citou o Poder Executivo, oficialmente respons\u00e1vel pela pol\u00edtica externa brasileira.<\/p>\n<p class=\"postParagraph_post-paragraph__juWZN\">Assim, a sess\u00e3o solene refor\u00e7a a chamada diplomacia parlamentar adotada por pa\u00edses como a Ucr\u00e2nia e Israel durante o governo de Luiz In\u00e1cio Lula da Silva (PT). O governo da Ucr\u00e2nia vem tentando contato com governo brasileiro, por meio de sua embaixada, tentando costurar um encontro presidencial, mas o pedido nunca foi atendido.<\/p>\n<p class=\"postParagraph_post-paragraph-innerHtml__Q5vwc\">A atribui\u00e7\u00e3o sobre as rela\u00e7\u00f5es internacionais \u00e9 do Executivo, no entanto, na diplomacia parlamentar, as rela\u00e7\u00f5es passam a ser pautadas diretamente pelos parlamentos dos pa\u00edses. No caso de Israel, por exemplo, o governo Lula\u00a0tem se recusado a aceitar a atua\u00e7\u00e3o do embaixador israelense no Brasil.\u00a0<\/p>\n<p class=\"postParagraph_post-paragraph-innerHtml__Q5vwc\">No domingo (24), membros da comunidade ucraniana e manifestantes contr\u00e1rios \u00e0 invas\u00e3o da R\u00fassia na Ucr\u00e2nia se reuniram em atos em S\u00e3o Paulo, Rio de Janeiro e Curitiba. As manifesta\u00e7\u00f5es marcaram o dia da independ\u00eancia ucraniana e tentam mostrar aos brasileiros que a ditadura russa est\u00e1 se recusando a negociar o fim da guerra mesmo com a press\u00e3o do presidente americano Donald Trump.\u00a0<\/p>\n<\/div>\n<p><br \/>\n<br \/>Fonte: <a href=\"https:\/\/www.gazetadopovo.com.br\/republica\/camara-faz-sessao-especial-para-estreitar-lacos-com-a-ucrania-apesar-da-politica-externa-de-lula\/\">Revista Oeste<\/a><\/p>\n","protected":false},"excerpt":{"rendered":"<p>A C\u00e2mara dos Deputados realizou, na manh\u00e3 desta segunda-feira (25), uma sess\u00e3o solene para homenagear a independ\u00eancia da Ucr\u00e2nia e apoiar o pa\u00eds na luta contra a invas\u00e3o da R\u00fassia. Foi uma a\u00e7\u00e3o de diplomacia parlamentar independente da pol\u00edtica externa oficial do presidente Luiz In\u00e1cio Lula da Silva (PT), que vem oferecendo apoio pol\u00edtico ao [&hellip;]<\/p>\n","protected":false},"author":5,"featured_media":39653,"comment_status":"open","ping_status":"open","sticky":false,"template":"","format":"standard","meta":{"_seopress_robots_primary_cat":"","_seopress_titles_title":"","_seopress_titles_desc":"","_seopress_robots_index":"","footnotes":""},"categories":[1],"tags":[],"class_list":["post-39652","post","type-post","status-publish","format-standard","has-post-thumbnail","hentry","category-ultimas-noticias"],"_links":{"self":[{"href":"https:\/\/mussicom.com\/noticias\/wp-json\/wp\/v2\/posts\/39652","targetHints":{"allow":["GET"]}}],"collection":[{"href":"https:\/\/mussicom.com\/noticias\/wp-json\/wp\/v2\/posts"}],"about":[{"href":"https:\/\/mussicom.com\/noticias\/wp-json\/wp\/v2\/types\/post"}],"author":[{"embeddable":true,"href":"https:\/\/mussicom.com\/noticias\/wp-json\/wp\/v2\/users\/5"}],"replies":[{"embeddable":true,"href":"https:\/\/mussicom.com\/noticias\/wp-json\/wp\/v2\/comments?post=39652"}],"version-history":[{"count":0,"href":"https:\/\/mussicom.com\/noticias\/wp-json\/wp\/v2\/posts\/39652\/revisions"}],"wp:featuredmedia":[{"embeddable":true,"href":"https:\/\/mussicom.com\/noticias\/wp-json\/wp\/v2\/media\/39653"}],"wp:attachment":[{"href":"https:\/\/mussicom.com\/noticias\/wp-json\/wp\/v2\/media?parent=39652"}],"wp:term":[{"taxonomy":"category","embeddable":true,"href":"https:\/\/mussicom.com\/noticias\/wp-json\/wp\/v2\/categories?post=39652"},{"taxonomy":"post_tag","embeddable":true,"href":"https:\/\/mussicom.com\/noticias\/wp-json\/wp\/v2\/tags?post=39652"}],"curies":[{"name":"wp","href":"https:\/\/api.w.org\/{rel}","templated":true}]}}