{"id":39624,"date":"2025-08-25T13:11:14","date_gmt":"2025-08-25T16:11:14","guid":{"rendered":"https:\/\/mussicom.com\/mercado-agricola-inicia-semana-com-volatilidade\/"},"modified":"2025-08-25T13:11:14","modified_gmt":"2025-08-25T16:11:14","slug":"mercado-agricola-inicia-semana-com-volatilidade","status":"publish","type":"post","link":"https:\/\/mussicom.com\/noticias\/mercado-agricola-inicia-semana-com-volatilidade\/","title":{"rendered":"Mercado agr\u00edcola inicia semana com volatilidade"},"content":{"rendered":"<p> <br \/>\n<\/p>\n<div>\n<div class=\"row\">\n<div class=\"col-lg col-infos mt-0 mt-lg-0\">\n<div class=\"section-sub-title\">\n<p itemprop=\"description\">&#13;<br \/>\n                                A soja, por sua vez, segue sem dire\u00e7\u00e3o definida em Chicago&#13;\n                            <\/p>\n<\/p><\/div>\n<div class=\"container\">\n<div class=\"row\">\n<div class=\"col-lg p-0\">\n<div>\n<div class=\"block-news-main-infos mt-3 text-start\">\n<p>                                            <strong class=\"fn\" itemprop=\"author\" style=\"color: rgb(112, 112, 112); \">&#13;<br \/>\n                                                Agrolink&#13;<br \/>\n&#13;<br \/>\n                                                    &#8211; Leonardo Gottems&#13;<br \/>\n&#13;<br \/>\n                                            <\/strong><br \/>\n                                        <\/p>\n<p>                                            <abbr><time datetime=\"2025-08-25T12:11\" itemprop=\"datePublished dateModified\">Publicado em 25\/08\/2025 \u00e0s 12:11h.<\/time><\/abbr><br \/>\n                                            <\/p><\/div>\n<\/p><\/div>\n<\/p><\/div>\n<div class=\"col-lg p-0 text-lg-end\">\n<div>\n<div id=\"mdEnviarPagina\" class=\"modal fade\" role=\"dialog\">\n<div class=\"modal-dialog\">\n<div class=\"modal-content\">\n<div class=\"modal-body\">\n<p><strong>Estimado usu\u00e1rio.<\/strong><br \/>Preencha o formul\u00e1rio abaixo para remeter a p\u00e1gina.<\/p>\n<\/p><\/div>\n<\/p><\/div>\n<\/p><\/div>\n<\/div><\/div>\n<\/p><\/div>\n<\/p><\/div>\n<\/p><\/div>\n<\/p><\/div>\n<\/p><\/div>\n<div class=\"row justify-content-md-center mt-3\">\n<div class=\"col-lg-auto col-image block-news-main-image\">\n<p>                                <br \/>\n                                                <span class=\"d-block mt-1\">A soja, por sua vez, segue sem dire\u00e7\u00e3o definida em Chicago &#8211; Foto: Bing<\/span><\/p><\/div>\n<\/p><\/div>\n<div class=\"section-description section-description-noticias mt-3\">\n<p>O in\u00edcio da semana nos mercados agr\u00edcolas internacionais foi marcado por movimentos distintos entre trigo, soja e milho. Segundo a TF Agroecon\u00f4mica, o trigo apresenta leve recupera\u00e7\u00e3o em Chicago ap\u00f3s cinco semanas consecutivas de quedas, com investidores realizando compras moderadas. No entanto, a press\u00e3o da entrada da nova safra do Hemisf\u00e9rio Norte e a valoriza\u00e7\u00e3o do d\u00f3lar frente ao euro limitam os ganhos, afetando a competitividade das exporta\u00e7\u00f5es norte-americanas.&#13;\n<\/p>\n<p>A soja, por sua vez, segue sem dire\u00e7\u00e3o definida em Chicago, oscilando levemente com foco na demanda chinesa. O mercado monitora a conclus\u00e3o da safra americana e as rela\u00e7\u00f5es comerciais entre EUA e China, enquanto o maior importador mundial mant\u00e9m forte interesse no produto brasileiro. Na \u00faltima sexta-feira, a China comprou cinco navios de soja do Brasil para embarque em novembro, o que pode levar o USDA a revisar para baixo suas proje\u00e7\u00f5es de exporta\u00e7\u00f5es dos EUA. Al\u00e9m disso, o Pro Farmer Crop Tour indicou produtividades superiores \u00e0s do ano passado, mas ainda abaixo das estimativas do USDA.&#13;\n<\/p>\n<p>J\u00e1 o milho tem in\u00edcio de semana positivo em Chicago, sustentado por n\u00fameros divulgados ap\u00f3s o fechamento da \u00faltima sexta-feira. A Pro Farmer estimou a colheita norte-americana em 411,60 milh\u00f5es de toneladas, com produtividade de 11.467 quilos por hectare \u2014 abaixo das 425,26 milh\u00f5es de toneladas projetadas pelo USDA. O cen\u00e1rio se soma ao bom ritmo das exporta\u00e7\u00f5es e \u00e0 previs\u00e3o de chuvas significativas no Centro-Oeste dos EUA, o que mant\u00e9m o mercado atento \u00e0s pr\u00f3ximas semanas. As informa\u00e7\u00f5es foram divulgadas nesta manh\u00e3.<br \/>&#13;<br \/>\n\u00a0&#13;\n<\/p>\n<\/p><\/div>\n<\/p><\/div>\n<p><script data-cfasync=\"false\">\n    !function (f, b, e, v, n, t, s) {\n        if (f.fbq) return; n = f.fbq = function () {\n            n.callMethod ?\n                n.callMethod.apply(n, arguments) : n.queue.push(arguments)\n        };\n        if (!f._fbq) f._fbq = n; n.push = n; n.loaded = !0; n.version = '2.0';\n        n.queue = []; t = b.createElement(e); t.async = !0;\n        t.src = v; s = b.getElementsByTagName(e)[0];\n        s.parentNode.insertBefore(t, s)\n    }(window, document, 'script',\n        'https:\/\/connect.facebook.net\/en_US\/fbevents.js');\n    fbq('init', '522546078623747');\n    fbq('track', 'PageView');\n<\/script><br \/>\n<br \/><br \/>\n<br \/>Fonte: <a href=\"https:\/\/www.agrolink.com.br\/noticias\/mercado-agricola-inicia-semana-com-volatilidade_505271.html\">AGROLINK<\/a><\/p>\n","protected":false},"excerpt":{"rendered":"<p>&#13; A soja, por sua vez, segue sem dire\u00e7\u00e3o definida em Chicago&#13; &#13; Agrolink&#13; &#13; &#8211; Leonardo Gottems&#13; &#13; Publicado em 25\/08\/2025 \u00e0s 12:11h. Estimado usu\u00e1rio.Preencha o formul\u00e1rio abaixo para remeter a p\u00e1gina. A soja, por sua vez, segue sem dire\u00e7\u00e3o definida em Chicago &#8211; Foto: Bing O in\u00edcio da semana nos mercados agr\u00edcolas internacionais [&hellip;]<\/p>\n","protected":false},"author":5,"featured_media":39625,"comment_status":"open","ping_status":"open","sticky":false,"template":"","format":"standard","meta":{"_seopress_robots_primary_cat":"","_seopress_titles_title":"","_seopress_titles_desc":"","_seopress_robots_index":"","footnotes":""},"categories":[53],"tags":[],"class_list":["post-39624","post","type-post","status-publish","format-standard","has-post-thumbnail","hentry","category-agronegocio"],"_links":{"self":[{"href":"https:\/\/mussicom.com\/noticias\/wp-json\/wp\/v2\/posts\/39624","targetHints":{"allow":["GET"]}}],"collection":[{"href":"https:\/\/mussicom.com\/noticias\/wp-json\/wp\/v2\/posts"}],"about":[{"href":"https:\/\/mussicom.com\/noticias\/wp-json\/wp\/v2\/types\/post"}],"author":[{"embeddable":true,"href":"https:\/\/mussicom.com\/noticias\/wp-json\/wp\/v2\/users\/5"}],"replies":[{"embeddable":true,"href":"https:\/\/mussicom.com\/noticias\/wp-json\/wp\/v2\/comments?post=39624"}],"version-history":[{"count":0,"href":"https:\/\/mussicom.com\/noticias\/wp-json\/wp\/v2\/posts\/39624\/revisions"}],"wp:featuredmedia":[{"embeddable":true,"href":"https:\/\/mussicom.com\/noticias\/wp-json\/wp\/v2\/media\/39625"}],"wp:attachment":[{"href":"https:\/\/mussicom.com\/noticias\/wp-json\/wp\/v2\/media?parent=39624"}],"wp:term":[{"taxonomy":"category","embeddable":true,"href":"https:\/\/mussicom.com\/noticias\/wp-json\/wp\/v2\/categories?post=39624"},{"taxonomy":"post_tag","embeddable":true,"href":"https:\/\/mussicom.com\/noticias\/wp-json\/wp\/v2\/tags?post=39624"}],"curies":[{"name":"wp","href":"https:\/\/api.w.org\/{rel}","templated":true}]}}