{"id":39609,"date":"2025-08-25T11:27:12","date_gmt":"2025-08-25T14:27:12","guid":{"rendered":"https:\/\/mussicom.com\/a-musica-do-metallica-que-nao-foi-feita-para-ser-da-banda\/"},"modified":"2025-08-25T11:27:12","modified_gmt":"2025-08-25T14:27:12","slug":"a-musica-do-metallica-que-nao-foi-feita-para-ser-da-banda","status":"publish","type":"post","link":"https:\/\/mussicom.com\/noticias\/a-musica-do-metallica-que-nao-foi-feita-para-ser-da-banda\/","title":{"rendered":"A m\u00fasica do Metallica que n\u00e3o foi feita para ser da banda"},"content":{"rendered":"<p> <br \/>\n<\/p>\n<div>\n<p>Uma antiga entrevista de <strong>James Hetfield<\/strong>, concedida na d\u00e9cada de 1990 e resgatada recentemente, traz informa\u00e7\u00f5es curiosas sobre uma m\u00fasica do <strong>Metallica<\/strong> que&#8230; n\u00e3o era para ser do Metallica.<\/p>\n<p>Segundo contou o vocalista e guitarrista nesse papo de 1996, disponibilizado no <strong>YouTube<\/strong> pelo canal <strong>The Music Factory<\/strong>\u00a0(via <strong>Louder<\/strong>), a can\u00e7\u00e3o <strong>&#8220;Mama Said&#8221;<\/strong> n\u00e3o foi composta para a banda. Era apenas &#8220;algo muito pessoal&#8221; de Hetfield, que a comp\u00f4s para sua m\u00e3e \u2014 cuja hist\u00f3ria ser\u00e1 explicada mais adiante neste texto.<\/p>\n<p>No entanto, o frontman do Metallica afirma que seus colegas de banda ouviram a m\u00fasica e decidiram aproveit\u00e1-la no \u00e1lbum <em><strong>Load<\/strong><\/em> (1996).<\/p>\n<blockquote class=\"citacao\"><p><em>&#8220;Era eu mesmo escrevendo algo para mim: simplesmente na estrada, entediado, no meu quarto de hotel. N\u00e3o era exatamente para os outros ouvirem. Era algo muito pessoal.&#8221;<\/em><\/p><\/blockquote>\n<p>Hetfield acrescenta:<\/p>\n<blockquote class=\"citacao\"><p><em>&#8220;Eles viram algo ali, algo real, vindo de dentro. Era bem pesado, em termos de significado. Ent\u00e3o, trabalhamos nela e a transformamos em uma m\u00fasica do Metallica. Originalmente, n\u00e3o era para ser uma.&#8221;<\/em><\/p><\/blockquote>\n<figure class=\"image\"><figcaption>James Hetfield, do Metallica, em 2024 &#8211; Foto: Venla Shalin \/ Redferns<\/figcaption><\/figure>\n<h3>Metallica, &#8220;Mama Said&#8221; e a m\u00e3e de James Hetfield<\/h3>\n<p>Composta e gravada ao viol\u00e3o, <strong>&#8220;Mama Said&#8221;<\/strong> \u00e9 uma balada com ares de m\u00fasica country, bastante mel\u00f3dica e emotiva. Ela foi lan\u00e7ada como terceiro single de <em><strong>Load<\/strong><\/em>, em novembro de 1996.<\/p>\n<p>A letra fala dos dilemas entre James Hetfield e sua m\u00e3e, <strong>Cynthia Bassett<\/strong>, que faleceu em 1980 quando ele tinha 16 anos. Cyinthia era adepta da religi\u00e3o Ci\u00eancia Crist\u00e3 e n\u00e3o tomava rem\u00e9dios, com base na cren\u00e7a de que a cura vinha de Deus. Ela morreu de c\u00e2ncer.<\/p>\n<p>O <strong>Metallica<\/strong> nunca chegou a tocar <strong>&#8220;Mama Said&#8221;\u00a0<\/strong>ao vivo. A m\u00fasica foi executada apenas por James Hetfield, sozinho ao viol\u00e3o, em programas de televis\u00e3o.<\/p>\n<p><strong>+++ LEIA MAIS: A foto do Metallica que tem sido alvo de piadas dos f\u00e3s nas redes<\/strong><br \/><strong>+++ LEIA MAIS: A banda cuja carreira foi destru\u00edda pelo Metallica \u2014 e Hetfield se arrepende<\/strong><br \/><strong>+++ LEIA MAIS: A melhor m\u00fasica do Nirvana segundo James Hetfield (Metallica)<\/strong><\/p>\n<\/div>\n<p><br \/>\n<br \/>Fonte: <a href=\"https:\/\/rollingstone.com.br\/musica\/a-musica-do-metallica-que-nao-foi-feita-para-ser-da-banda\/\">rollingstone.com.br<\/a><\/p>\n","protected":false},"excerpt":{"rendered":"<p>Uma antiga entrevista de James Hetfield, concedida na d\u00e9cada de 1990 e resgatada recentemente, traz informa\u00e7\u00f5es curiosas sobre uma m\u00fasica do Metallica que&#8230; n\u00e3o era para ser do Metallica. Segundo contou o vocalista e guitarrista nesse papo de 1996, disponibilizado no YouTube pelo canal The Music Factory\u00a0(via Louder), a can\u00e7\u00e3o &#8220;Mama Said&#8221; n\u00e3o foi composta [&hellip;]<\/p>\n","protected":false},"author":5,"featured_media":39610,"comment_status":"open","ping_status":"open","sticky":false,"template":"","format":"standard","meta":{"_seopress_robots_primary_cat":"","_seopress_titles_title":"","_seopress_titles_desc":"","_seopress_robots_index":"","footnotes":""},"categories":[51],"tags":[],"class_list":["post-39609","post","type-post","status-publish","format-standard","has-post-thumbnail","hentry","category-musica"],"_links":{"self":[{"href":"https:\/\/mussicom.com\/noticias\/wp-json\/wp\/v2\/posts\/39609","targetHints":{"allow":["GET"]}}],"collection":[{"href":"https:\/\/mussicom.com\/noticias\/wp-json\/wp\/v2\/posts"}],"about":[{"href":"https:\/\/mussicom.com\/noticias\/wp-json\/wp\/v2\/types\/post"}],"author":[{"embeddable":true,"href":"https:\/\/mussicom.com\/noticias\/wp-json\/wp\/v2\/users\/5"}],"replies":[{"embeddable":true,"href":"https:\/\/mussicom.com\/noticias\/wp-json\/wp\/v2\/comments?post=39609"}],"version-history":[{"count":0,"href":"https:\/\/mussicom.com\/noticias\/wp-json\/wp\/v2\/posts\/39609\/revisions"}],"wp:featuredmedia":[{"embeddable":true,"href":"https:\/\/mussicom.com\/noticias\/wp-json\/wp\/v2\/media\/39610"}],"wp:attachment":[{"href":"https:\/\/mussicom.com\/noticias\/wp-json\/wp\/v2\/media?parent=39609"}],"wp:term":[{"taxonomy":"category","embeddable":true,"href":"https:\/\/mussicom.com\/noticias\/wp-json\/wp\/v2\/categories?post=39609"},{"taxonomy":"post_tag","embeddable":true,"href":"https:\/\/mussicom.com\/noticias\/wp-json\/wp\/v2\/tags?post=39609"}],"curies":[{"name":"wp","href":"https:\/\/api.w.org\/{rel}","templated":true}]}}