{"id":39538,"date":"2025-08-24T22:44:07","date_gmt":"2025-08-25T01:44:07","guid":{"rendered":"https:\/\/mussicom.com\/presidente-nao-ve-quebra-de-decoro-de-eduardo-bolsonaro\/"},"modified":"2025-08-24T22:44:07","modified_gmt":"2025-08-25T01:44:07","slug":"presidente-nao-ve-quebra-de-decoro-de-eduardo-bolsonaro","status":"publish","type":"post","link":"https:\/\/mussicom.com\/noticias\/presidente-nao-ve-quebra-de-decoro-de-eduardo-bolsonaro\/","title":{"rendered":"Presidente n\u00e3o v\u00ea quebra de decoro de Eduardo Bolsonaro"},"content":{"rendered":"<p> <br \/>\n<\/p>\n<div>\n<p class=\"postParagraph_post-paragraph__juWZN\">F\u00e1bio Schiochet (Uni\u00e3o-SC), presidente do Conselho de \u00c9tica da C\u00e2mara dos Deputados, afirmou que n\u00e3o v\u00ea quebra de decoro parlamentar nas a\u00e7\u00f5es do deputado Eduardo Bolsonaro (PL-SP) durante sua atua\u00e7\u00e3o nos Estados Unidos.<\/p>\n<p class=\"postParagraph_post-paragraph-innerHtml__Q5vwc\">A declara\u00e7\u00e3o foi feita <em>\u00e0 CNN Brasil<\/em>, neste domingo (24), ap\u00f3s o recebimento de quatro representa\u00e7\u00f5es contra o parlamentar por supostas a\u00e7\u00f5es de lobby na Casa Branca para pressionar o governo de Donald Trump a sancionar o Brasil e ministros do Supremo Tribunal Federal (STF).<\/p>\n<p class=\"postParagraph_post-paragraph-innerHtml__Q5vwc\">\u201cEssas san\u00e7\u00f5es de 50% de taxa\u00e7\u00e3o sobre os produtos exportados para os Estados Unidos n\u00e3o s\u00e3o fruto da atua\u00e7\u00e3o do Eduardo Bolsonaro, e sim de uma pol\u00edtica externa med\u00edocre que o Brasil vem adotando, enfrentando os EUA e se aliando \u00e0 China\u201d, declarou Schiochet ao jornal <em>O Correio do Povo<\/em> durante a semana.<\/p>\n<h2 class=\"postParagraph_post-paragraph__juWZN postParagraph_type-tag-h2__TtFkT\">Representa\u00e7\u00f5es contra Eduardo Bolsonaro s\u00e3o do PSOL e PT<\/h2>\n<p class=\"postParagraph_post-paragraph__juWZN\">Tr\u00eas das representa\u00e7\u00f5es foram protocoladas pelo PT e uma pelo PSOL, que pedem a investiga\u00e7\u00e3o e a cassa\u00e7\u00e3o do mandato de Eduardo Bolsonaro por quebra de decoro e trai\u00e7\u00e3o \u00e0 p\u00e1tria. Entretanto, Schiochet ressaltou que n\u00e3o houve agress\u00e3o verbal ou ganho indevido relacionado ao mandato que justifique a cassa\u00e7\u00e3o.<\/p>\n<p class=\"postParagraph_post-paragraph__juWZN\">O presidente do Conselho de \u00c9tica afirmou que o deputado pode perder o mandato por faltas, caso n\u00e3o compare\u00e7a \u00e0s sess\u00f5es da C\u00e2mara, mas n\u00e3o pelas acusa\u00e7\u00f5es atuais que tramitam no colegiado.<\/p>\n<p class=\"postParagraph_post-paragraph__juWZN\">Schiochet destacou a necessidade de responsabilidade na an\u00e1lise dos processos, especialmente em um ano pr\u00e9-eleitoral, quando o n\u00famero de pedidos de cassa\u00e7\u00e3o tende a aumentar, e criticou a banaliza\u00e7\u00e3o desses pedidos.<\/p>\n<p class=\"postParagraph_post-paragraph__juWZN\">No total, 20 representa\u00e7\u00f5es contra 11 deputados federais, incluindo as de Eduardo Bolsonaro, devem come\u00e7ar a tramitar no Conselho de \u00c9tica a partir de 2 de setembro. As den\u00fancias foram encaminhadas ao colegiado pelo presidente da C\u00e2mara, Hugo Motta (Republicanos-PB), em 15 de agosto.<\/p>\n<p class=\"postParagraph_post-paragraph__juWZN\">F\u00e1bio Schiochet garantiu que sua gest\u00e3o n\u00e3o engavetar\u00e1 os pedidos. \u201cN\u00f3s vamos analisar, a partir do dia 2 de setembro, com muita responsabilidade\u201d, comentou o deputado catarinense.<\/p>\n<\/div>\n<p><br \/>\n<br \/>Fonte: <a href=\"https:\/\/www.gazetadopovo.com.br\/republica\/conselho-etica-nao-ve-quebra-decoro-eduardo-bolsonaro\/\">Revista Oeste<\/a><\/p>\n","protected":false},"excerpt":{"rendered":"<p>F\u00e1bio Schiochet (Uni\u00e3o-SC), presidente do Conselho de \u00c9tica da C\u00e2mara dos Deputados, afirmou que n\u00e3o v\u00ea quebra de decoro parlamentar nas a\u00e7\u00f5es do deputado Eduardo Bolsonaro (PL-SP) durante sua atua\u00e7\u00e3o nos Estados Unidos. A declara\u00e7\u00e3o foi feita \u00e0 CNN Brasil, neste domingo (24), ap\u00f3s o recebimento de quatro representa\u00e7\u00f5es contra o parlamentar por supostas a\u00e7\u00f5es [&hellip;]<\/p>\n","protected":false},"author":5,"featured_media":39539,"comment_status":"open","ping_status":"open","sticky":false,"template":"","format":"standard","meta":{"_seopress_robots_primary_cat":"","_seopress_titles_title":"","_seopress_titles_desc":"","_seopress_robots_index":"","footnotes":""},"categories":[1],"tags":[],"class_list":["post-39538","post","type-post","status-publish","format-standard","has-post-thumbnail","hentry","category-ultimas-noticias"],"_links":{"self":[{"href":"https:\/\/mussicom.com\/noticias\/wp-json\/wp\/v2\/posts\/39538","targetHints":{"allow":["GET"]}}],"collection":[{"href":"https:\/\/mussicom.com\/noticias\/wp-json\/wp\/v2\/posts"}],"about":[{"href":"https:\/\/mussicom.com\/noticias\/wp-json\/wp\/v2\/types\/post"}],"author":[{"embeddable":true,"href":"https:\/\/mussicom.com\/noticias\/wp-json\/wp\/v2\/users\/5"}],"replies":[{"embeddable":true,"href":"https:\/\/mussicom.com\/noticias\/wp-json\/wp\/v2\/comments?post=39538"}],"version-history":[{"count":0,"href":"https:\/\/mussicom.com\/noticias\/wp-json\/wp\/v2\/posts\/39538\/revisions"}],"wp:featuredmedia":[{"embeddable":true,"href":"https:\/\/mussicom.com\/noticias\/wp-json\/wp\/v2\/media\/39539"}],"wp:attachment":[{"href":"https:\/\/mussicom.com\/noticias\/wp-json\/wp\/v2\/media?parent=39538"}],"wp:term":[{"taxonomy":"category","embeddable":true,"href":"https:\/\/mussicom.com\/noticias\/wp-json\/wp\/v2\/categories?post=39538"},{"taxonomy":"post_tag","embeddable":true,"href":"https:\/\/mussicom.com\/noticias\/wp-json\/wp\/v2\/tags?post=39538"}],"curies":[{"name":"wp","href":"https:\/\/api.w.org\/{rel}","templated":true}]}}