{"id":39532,"date":"2025-08-24T21:43:07","date_gmt":"2025-08-25T00:43:07","guid":{"rendered":"https:\/\/mussicom.com\/pl-e-o-partido-que-mais-perde-deputados-na-camara-veja-o-balanco-completo\/"},"modified":"2025-08-24T21:43:07","modified_gmt":"2025-08-25T00:43:07","slug":"pl-e-o-partido-que-mais-perde-deputados-na-camara-veja-o-balanco-completo","status":"publish","type":"post","link":"https:\/\/mussicom.com\/noticias\/pl-e-o-partido-que-mais-perde-deputados-na-camara-veja-o-balanco-completo\/","title":{"rendered":"PL \u00e9 o partido que mais perde deputados na C\u00e2mara; veja o balan\u00e7o completo"},"content":{"rendered":"<p> <br \/>\n<\/p>\n<div>\n<p class=\"postParagraph_post-paragraph__juWZN\">Quase tr\u00eas anos ap\u00f3s eleger a maior bancada da C\u00e2mara, o Partido Liberal (PL) desponta como a sigla que mais perdeu deputados na atual legislatura. Desde o in\u00edcio de 2023, 12 parlamentares deixaram o partido, dois foram expulsos e tr\u00eas chegaram \u00e0 legenda do ex-presidente Jair Bolsonaro. Devido \u00e0s mudan\u00e7as, o n\u00famero atual de deputados \u00e9 de 88 &#8211; uma redu\u00e7\u00e3o em rela\u00e7\u00e3o \u00e0s 99 cadeiras conquistadas em 2022.<\/p>\n<p class=\"postParagraph_post-paragraph__juWZN\">A conta das filia\u00e7\u00f5es ao PL na atual legislatura inclui o l\u00edder da oposi\u00e7\u00e3o, Luciano Zucco (RS), que veio do Republicanos; Ricardo Guidi (SC), ex-PSD; e, recentemente, Osmar Terra (RS), que deixou o MDB.<\/p>\n<p class=\"postParagraph_post-paragraph__juWZN\">Quanto \u00e0s baixas, o PP e o Republicanos absorveram a maior parte dos deputados que sa\u00edram do Partido Liberal. O PL tamb\u00e9m registrou duas expuls\u00f5es. A mais recente foi a de Antonio Carlos Rodrigues (SP), um quadro hist\u00f3rico da sigla, que defendeu o ministro Alexandre de Moraes, do Supremo Tribunal Federal (STF). J\u00e1 Yuri do Pared\u00e3o (CE) foi expulso ap\u00f3s tirar uma foto com o presidente Luiz In\u00e1cio Lula da Silva (PT) em 2023.<\/p>\n<p class=\"postParagraph_post-paragraph__juWZN\">A sa\u00edda de parlamentares do PL se deu por motivos diversos, expondo as tens\u00f5es internas entre a ala mais ideol\u00f3gica e os membros mais pragm\u00e1ticos do partido. Alguns, como Ricardo Salles (SP), que retornou ao Novo, alegaram inc\u00f4modo com o crescente alinhamento do PL com o Centr\u00e3o.<\/p>\n<p class=\"postParagraph_post-paragraph__juWZN\">Salles j\u00e1 foi filiado ao Novo, mas tinha sido expulso em 2020 por aceitar compor o governo Bolsonaro. Agora busca uma nova trajet\u00f3ria na sigla e o objetivo \u00e9 viabilizar sua candidatura ao Senado por S\u00e3o Paulo.<\/p>\n<p class=\"postParagraph_post-paragraph__juWZN\">Outros, como o mineiro Samuel Viana, citaram diverg\u00eancias com a ala mais ideol\u00f3gica do PL. O deputado, que votou com o governo em pautas importantes, como a Reforma Tribut\u00e1ria e o Arcabou\u00e7o Fiscal, se tornou alvo de cr\u00edticas recorrentes de seus correligion\u00e1rios. Uma ala do partido chegou a apelidar o grupo do qual Viana fazia parte de &#8220;comunistas do PL&#8221;.<\/p>\n<p class=\"postParagraph_post-paragraph-innerHtml__Q5vwc\">Ao justificar sua sa\u00edda, Viana foi direto: &#8220;O PL tem feito oposi\u00e7\u00e3o a toda e qualquer medida que venha do atual governo, mesmo sendo medidas boas para o Brasil. O radicalismo e o extremismo tomaram conta das orienta\u00e7\u00f5es do partido, e meu perfil e meu eleitorado n\u00e3o se comunicam com os extremos&#8221;, disse ao <em>Globo. <\/em><\/p>\n<p class=\"postParagraph_post-paragraph__juWZN\">A sa\u00edda de Viana, que protocolou seu pedido de desfilia\u00e7\u00e3o em agosto, refor\u00e7a a tese de que h\u00e1 uma divis\u00e3o na bancada do PL entre os que defendem a oposi\u00e7\u00e3o &#8220;total&#8221; e os que buscam um posicionamento mais flex\u00edvel em rela\u00e7\u00e3o \u00e0s pautas do Congresso.<\/p>\n<p class=\"postParagraph_post-paragraph-innerHtml__Q5vwc\">Para o cientista pol\u00edtico Elias Tavares, o cen\u00e1rio \u00e9 resultado de uma reorganiza\u00e7\u00e3o pragm\u00e1tica. &#8220;O PL elegeu muitos parlamentares surfando a onda bolsonarista, mas agora entramos no momento do c\u00e1lculo pol\u00edtico&#8221;, afirma. Segundo ele, h\u00e1 dois fatores principais: a press\u00e3o por espa\u00e7o dentro de uma bancada superlativa e a busca por siglas com um perfil de &#8220;direita mais <em>soft<\/em>&#8220;, como PP e Republicanos.<\/p>\n<p class=\"postParagraph_post-paragraph__juWZN\">&#8220;Esses partidos oferecem mais flexibilidade e maior leque de candidaturas, podendo lan\u00e7ar nomes ao Senado e disputar espa\u00e7o sem depender da estrat\u00e9gia do PL&#8221;, explica Tavares. Ele aponta que, com a prov\u00e1vel redu\u00e7\u00e3o da for\u00e7a do bolsonarismo na aus\u00eancia de Jair Bolsonaro na disputa presidencial, muitos deputados enxergam nesses partidos a chance de ampliar sua viabilidade eleitoral em 2026.<\/p>\n<p class=\"postParagraph_post-paragraph__juWZN\">A postura do PL em rela\u00e7\u00e3o \u00e0 sa\u00edda de deputados parece ser de endurecimento ideol\u00f3gico. Aliados avaliam que o partido optou por se consolidar como uma oposi\u00e7\u00e3o assertiva e coesa, em vez de ser um &#8220;partido de massa&#8221; que acomoda diferentes correntes de direita. As perdas, nesse sentido, podem ser vistas como um processo de solidifica\u00e7\u00e3o program\u00e1tica, deixando apenas os parlamentares mais leais \u00e0 agenda de Jair Bolsonaro.<\/p>\n<p class=\"postParagraph_post-paragraph-innerHtml__Q5vwc\">A <strong>Gazeta do Povo<\/strong> entrou em contato com a assessoria do Partido Liberal para tratar sobre as mudan\u00e7as na bancada, mas ainda n\u00e3o teve retorno.<\/p>\n<div class=\"postViewMore_post-view-more-container___5wai\" data-mrf-recirculation=\"Post - Veja tamb\u00e9m\">\n<p class=\"gp-styles-module-size-small-afeYRa gp-styles-module-font-family2-afeYRa gp-styles-module-color-secondary-afeYRa gp-styles-module-weight-bold-afeYRa\">VEJA TAMB\u00c9M:<\/p>\n<ul class=\"postViewMore_post-view-more-list__CU_CE\">\n<li class=\"postViewMore_post-view-more-item__2MzRb\">\n<div class=\"postViewMore_post-view-more-image__5gUSe\"><picture class=\"imageDefault_image-container__XGd8_\"><\/picture><\/div>\n<p>Acordo do Centr\u00e3o com oposi\u00e7\u00e3o para discutir anistia e fim do foro abre nova crise na base de Lula<\/li>\n<li class=\"postViewMore_post-view-more-item__2MzRb\">\n<div class=\"postViewMore_post-view-more-image__5gUSe\"><picture class=\"imageDefault_image-container__XGd8_\"><img decoding=\"async\" class=\"imageDefault_image-item__lU2Dk\" src=\"https:\/\/media.gazetadopovo.com.br\/2025\/08\/15143504\/lula-4-380x214.jpg.webp\" alt=\"Recados de Lula para Trump posicionam entrave nas negocia\u00e7\u00f5es do tarifa\u00e7o.\" width=\"72\" height=\"72\"\/><\/picture><\/div>\n<p>6 provoca\u00e7\u00f5es de Lula a Trump que afastam Brasil dos EUA e minam negocia\u00e7\u00e3o do tarifa\u00e7o<\/li>\n<\/ul>\n<\/div>\n<h2 class=\"postParagraph_post-paragraph__juWZN postParagraph_type-tag-h2__TtFkT\">Posicionamento do PL atrai novos filiados<\/h2>\n<p class=\"postParagraph_post-paragraph__juWZN\">Apesar de uma parte de sua bancada ter migrado para outras siglas, o Partido Liberal continua a atrair nomes com um alinhamento ideol\u00f3gico mais forte com a pauta conservadora. O deputado federal Osmar Terra, por exemplo, deixou o MDB para se filiar ao PL. Ele afirmou que sua decis\u00e3o ocorreu por &#8220;afinidade pol\u00edtica&#8221; e pelo que ele considera &#8220;posi\u00e7\u00f5es pol\u00edticas mais alinhadas&#8221; com o ex-presidente Jair Bolsonaro.<\/p>\n<p class=\"postParagraph_post-paragraph-innerHtml__Q5vwc\">&#8220;Eu tenho 40 anos de MDB, mas com o tempo, principalmente nos \u00faltimos anos, n\u00f3s fomos tomando caminhos diferentes&#8221;, afirmou o deputado. Segundo ele, suas posi\u00e7\u00f5es contr\u00e1rias \u00e0s drogas, ao aborto e \u00e0 ideologia de g\u00eanero, al\u00e9m da defesa de um modelo econ\u00f4mico liberal e da redu\u00e7\u00e3o de impostos, o aproximaram do PL. &#8220;O que eu acredito, meus princ\u00edpios e minhas posi\u00e7\u00f5es pol\u00edticas todas t\u00eam muito mais a ver com o PL e o que o presidente Bolsonaro representa&#8221;, declarou \u00e0 <strong>Gazeta do Povo<\/strong>.<\/p>\n<p class=\"postParagraph_post-paragraph__juWZN\">Ao ser questionado sobre as prioridades da bancada do PL, Osmar Terra aponta a &#8220;redemocratiza\u00e7\u00e3o do pa\u00eds&#8221; como a urg\u00eancia central. Para ele, o Brasil &#8220;deixou de ser uma democracia&#8221; em fun\u00e7\u00e3o de decis\u00f5es do Supremo Tribunal Federal (STF).<\/p>\n<p class=\"postParagraph_post-paragraph__juWZN\">A anistia a investigados pelos atos de 8 de janeiro \u00e9, na sua vis\u00e3o, outra pauta priorit\u00e1ria para &#8220;botar um fim&#8221; na persegui\u00e7\u00e3o \u00e0 oposi\u00e7\u00e3o e promover uma reconcilia\u00e7\u00e3o nacional. A fala de Terra refor\u00e7a a aposta do PL em uma pauta de cr\u00edticas e combate a algumas iniciativas do Judici\u00e1rio e do governo federal, solidificando sua identidade como principal legenda de oposi\u00e7\u00e3o.<\/p>\n<h2 class=\"postParagraph_post-paragraph__juWZN postParagraph_type-tag-h2__TtFkT\">Estrat\u00e9gia e competitividade eleitoral em 2026<\/h2>\n<p class=\"postParagraph_post-paragraph__juWZN\">A redu\u00e7\u00e3o no n\u00famero de partidos com representa\u00e7\u00e3o na C\u00e2mara, que caiu de 30 em 2018 para 16 em agosto de 2025, \u00e9 um reflexo do endurecimento das regras eleitorais, como a cl\u00e1usula de barreira. Essa medida exige um desempenho m\u00ednimo nas urnas para que os partidos tenham acesso a recursos e tempo de propaganda, o que estimula fus\u00f5es e incorpora\u00e7\u00f5es, solidificando o sistema partid\u00e1rio brasileiro.<\/p>\n<p class=\"postParagraph_post-paragraph__juWZN\">O advogado Peterson Vivan, especialista em Direito Eleitoral, avalia que as movimenta\u00e7\u00f5es precisam ser vistas em um contexto mais amplo de &#8220;redesenho de blocos e lideran\u00e7as&#8221; dentro da direita. Para ele, o que se observa \u00e9 um &#8220;movimento de aquecimento pol\u00edtico&#8221;.<\/p>\n<p class=\"postParagraph_post-paragraph__juWZN\">&#8220;As conversas de bastidores ocorrem justamente nos anos \u00edmpares, quando n\u00e3o temos elei\u00e7\u00f5es. E esses movimentos acabam se consolidando em anos pares, com a abertura da janela partid\u00e1ria, que \u00e9 um momento t\u00e9cnico e legal para a troca&#8221;, explica Vivan.<\/p>\n<p class=\"postParagraph_post-paragraph__juWZN\">Segundo o especialista, a atratividade do PP e dos Republicanos se deve a caracter\u00edsticas como o &#8220;tempo de TV, a capilaridade municipal, a estrutura partid\u00e1ria consolidada e o espa\u00e7o de negocia\u00e7\u00e3o com o governo&#8221;. Esses fatores tornam as legendas polos de atra\u00e7\u00e3o em momentos de recomposi\u00e7\u00e3o das bancadas.<\/p>\n<p class=\"postParagraph_post-paragraph__juWZN\">Vivan afirma tamb\u00e9m que a cl\u00e1usula de barreira cumpriu seu papel de diminuir a fragmenta\u00e7\u00e3o, mas n\u00e3o eliminou o pragmatismo eleitoral. &#8220;Os parlamentares ainda buscam onde ter\u00e3o mais espa\u00e7o e apoio. O nosso sistema \u00e9 din\u00e2mico e em cada elei\u00e7\u00e3o exige um ajuste, tanto de rota em rela\u00e7\u00e3o ao partido, quanto do partido em rela\u00e7\u00e3o ao pr\u00f3prio sistema&#8221;, comenta.<\/p>\n<h2 class=\"postParagraph_post-paragraph__juWZN postParagraph_type-tag-h2__TtFkT\">Balan\u00e7o das bancadas na C\u00e2mara entre fevereiro de 2023 e agosto de 2025:<\/h2>\n<p class=\"postParagraph_post-paragraph__juWZN\">Partidos que mais ganharam parlamentares:<\/p>\n<ul class=\"postList_post-list-container__W0E4y postList_visual-type-unordered-list__M8U7t\">\n<li class=\"postList_post-list-item__34Ck1\">Podemos: +5 deputados (de 12 para 17)<\/li>\n<li class=\"postList_post-list-item__34Ck1\">Republicanos: +4 deputados (de 40 para 44)<\/li>\n<li class=\"postList_post-list-item__34Ck1\">PP: +4 deputados (de 47 para 51)<\/li>\n<li class=\"postList_post-list-item__34Ck1\">PSD: +3 deputados (de 42 para 45)<\/li>\n<li class=\"postList_post-list-item__34Ck1\">PSB: +2 deputados (de 14 para 16)<\/li>\n<li class=\"postList_post-list-item__34Ck1\">Novo: +2 deputados (de 3 para 5)<\/li>\n<li class=\"postList_post-list-item__34Ck1\">MDB: +1 deputado (de 42 para 43)<\/li>\n<li class=\"postList_post-list-item__34Ck1\">Psol-Rede: +1 deputado (de 14 para 15)<\/li>\n<li class=\"postList_post-list-item__34Ck1\">Solidariedade: +1 deputado (de 4 para 5)<\/li>\n<\/ul>\n<p class=\"postParagraph_post-paragraph__juWZN\">Partidos que mais perderam:<\/p>\n<ul class=\"postList_post-list-container__W0E4y postList_visual-type-unordered-list__M8U7t\">\n<li class=\"postList_post-list-item__34Ck1\">PL: -12 deputados + 1 (de 99 para 88)<\/li>\n<li class=\"postList_post-list-item__34Ck1\">PT-PV-PCdoB: -1 deputado (de 81 para 80)<\/li>\n<li class=\"postList_post-list-item__34Ck1\">PSDB-Cidadania: -1 deputado (de 18 para 17)<\/li>\n<li class=\"postList_post-list-item__34Ck1\">PDT: -1 deputado (de 17 para 16)<\/li>\n<\/ul>\n<\/div>\n<p><br \/>\n<br \/>Fonte: <a href=\"https:\/\/www.gazetadopovo.com.br\/republica\/deputados-pl-partidos-saida-pp-republicanos-camara\/\">Revista Oeste<\/a><\/p>\n","protected":false},"excerpt":{"rendered":"<p>Quase tr\u00eas anos ap\u00f3s eleger a maior bancada da C\u00e2mara, o Partido Liberal (PL) desponta como a sigla que mais perdeu deputados na atual legislatura. Desde o in\u00edcio de 2023, 12 parlamentares deixaram o partido, dois foram expulsos e tr\u00eas chegaram \u00e0 legenda do ex-presidente Jair Bolsonaro. Devido \u00e0s mudan\u00e7as, o n\u00famero atual de deputados [&hellip;]<\/p>\n","protected":false},"author":5,"featured_media":39533,"comment_status":"open","ping_status":"open","sticky":false,"template":"","format":"standard","meta":{"_seopress_robots_primary_cat":"","_seopress_titles_title":"","_seopress_titles_desc":"","_seopress_robots_index":"","footnotes":""},"categories":[1],"tags":[],"class_list":["post-39532","post","type-post","status-publish","format-standard","has-post-thumbnail","hentry","category-ultimas-noticias"],"_links":{"self":[{"href":"https:\/\/mussicom.com\/noticias\/wp-json\/wp\/v2\/posts\/39532","targetHints":{"allow":["GET"]}}],"collection":[{"href":"https:\/\/mussicom.com\/noticias\/wp-json\/wp\/v2\/posts"}],"about":[{"href":"https:\/\/mussicom.com\/noticias\/wp-json\/wp\/v2\/types\/post"}],"author":[{"embeddable":true,"href":"https:\/\/mussicom.com\/noticias\/wp-json\/wp\/v2\/users\/5"}],"replies":[{"embeddable":true,"href":"https:\/\/mussicom.com\/noticias\/wp-json\/wp\/v2\/comments?post=39532"}],"version-history":[{"count":0,"href":"https:\/\/mussicom.com\/noticias\/wp-json\/wp\/v2\/posts\/39532\/revisions"}],"wp:featuredmedia":[{"embeddable":true,"href":"https:\/\/mussicom.com\/noticias\/wp-json\/wp\/v2\/media\/39533"}],"wp:attachment":[{"href":"https:\/\/mussicom.com\/noticias\/wp-json\/wp\/v2\/media?parent=39532"}],"wp:term":[{"taxonomy":"category","embeddable":true,"href":"https:\/\/mussicom.com\/noticias\/wp-json\/wp\/v2\/categories?post=39532"},{"taxonomy":"post_tag","embeddable":true,"href":"https:\/\/mussicom.com\/noticias\/wp-json\/wp\/v2\/tags?post=39532"}],"curies":[{"name":"wp","href":"https:\/\/api.w.org\/{rel}","templated":true}]}}