{"id":39500,"date":"2025-08-24T18:40:11","date_gmt":"2025-08-24T21:40:11","guid":{"rendered":"https:\/\/mussicom.com\/ucranianos-fazem-atos-contra-a-guerra-em-sp-rio-e-curitiba\/"},"modified":"2025-08-24T18:40:11","modified_gmt":"2025-08-24T21:40:11","slug":"ucranianos-fazem-atos-contra-a-guerra-em-sp-rio-e-curitiba","status":"publish","type":"post","link":"https:\/\/mussicom.com\/noticias\/ucranianos-fazem-atos-contra-a-guerra-em-sp-rio-e-curitiba\/","title":{"rendered":"Ucranianos fazem atos contra a guerra em SP, Rio e Curitiba"},"content":{"rendered":"<p> <br \/>\n<\/p>\n<div>\n<p class=\"postParagraph_post-paragraph__juWZN\">Membros da comunidade ucraniana e manifestantes contr\u00e1rios \u00e0 invas\u00e3o da R\u00fassia na Ucr\u00e2nia fizeram atos neste domingo (24) em S\u00e3o Paulo, Rio de Janeiro e Curitiba. As manifesta\u00e7\u00f5es marcam o dia da independ\u00eancia ucraniana e tentam mostrar aos brasileiros que a ditadura russa est\u00e1 se recusando a negociar o fim da guerra mesmo com a press\u00e3o do presidente americano Donald Trump.<\/p>\n<p class=\"postParagraph_post-paragraph__juWZN\">Na Avenida Paulista, em S\u00e3o Paulo, manifestantes marcharam com uma bandeira gigante e ramos de girass\u00f3is, que \u00e9 um dos maiores itens de exporta\u00e7\u00e3o do pa\u00eds, e atra\u00edram a aten\u00e7\u00e3o de quem aproveitava o Domingo na Paulista, quando a avenida fica fechada para pedestres.<\/p>\n<p class=\"postParagraph_post-paragraph__juWZN\">Membros da embaixada ucraniana e do consulado local fizeram discursos agradecendo o apoio e pedindo paz. O c\u00f4nsul honor\u00e1rio de S\u00e3o Paulo, Jorge Rybka, fez cr\u00edticas a empresas privadas brasileiras que est\u00e3o comprando \u00f3leo diesel e outros produtos da R\u00fassia sem se importar que o dinheiro est\u00e1 ajudando a financiar mais mortes na Ucr\u00e2nia.<\/p>\n<p class=\"postParagraph_post-paragraph-innerHtml__Q5vwc\">Cartazes traziam uma imagem do presidente Luiz In\u00e1cio Lula da Silva (PT) dando um aperto de m\u00e3o banhado de sangue com o ditador Vladimir Putin da R\u00fassia. Lula tem sido um dos maiores apoiadores internacionais da ditadura russa desde que assumiu seu terceiro mandato. Ele vem sendo o porta-voz ideol\u00f3gico da R\u00fassia e da China em uma luta global contra a hegemonia do d\u00f3lar americano.<\/p>\n<p class=\"postParagraph_post-paragraph__juWZN\">Manifestantes tamb\u00e9m se reuniram no Rio de Janeiro, na Avenida Atl\u00e2ntica, na praia de Copacabana, e em Curitiba, no memorial ucraniano no Parque Tingui. Tamb\u00e9m ocorreram celebra\u00e7\u00f5es religiosas em igrejas ucranianas no Paran\u00e1.<\/p>\n<div class=\"postImage_post-content-image__2CJdu\"><picture class=\"imageDefault_image-container__XGd8_\"><source type=\"image\/webp\" srcset=\"https:\/\/media.gazetadopovo.com.br\/2025\/08\/24173424\/2025_08_24-30-1280x720.jpg.webp 1280w, https:\/\/media.gazetadopovo.com.br\/2025\/08\/24173424\/2025_08_24-30-960x540.jpg.webp 960w, https:\/\/media.gazetadopovo.com.br\/2025\/08\/24173424\/2025_08_24-30-660x372.jpg.webp 660w, https:\/\/media.gazetadopovo.com.br\/2025\/08\/24173424\/2025_08_24-30-540x360.jpg.webp 540w, https:\/\/media.gazetadopovo.com.br\/2025\/08\/24173424\/2025_08_24-30-380x214.jpg.webp 380w, https:\/\/media.gazetadopovo.com.br\/2025\/08\/24173424\/2025_08_24-30-720x720.jpg.webp 720w, https:\/\/media.gazetadopovo.com.br\/2025\/08\/24173424\/2025_08_24-30-540x540.jpg.webp 540w, https:\/\/media.gazetadopovo.com.br\/2025\/08\/24173424\/2025_08_24-30-372x372.jpg.webp 372w, https:\/\/media.gazetadopovo.com.br\/2025\/08\/24173424\/2025_08_24-30-214x214.jpg.webp 214w, https:\/\/media.gazetadopovo.com.br\/2025\/08\/24173424\/2025_08_24-30-scaled.jpg.webp 2560w\" sizes=\"(max-width: 767px) 328px, 638px\"\/><source type=\"image\/jpeg\" srcset=\"https:\/\/media.gazetadopovo.com.br\/2025\/08\/24173424\/2025_08_24-30-1280x720.jpg.webp 1280w, https:\/\/media.gazetadopovo.com.br\/2025\/08\/24173424\/2025_08_24-30-960x540.jpg.webp 960w, https:\/\/media.gazetadopovo.com.br\/2025\/08\/24173424\/2025_08_24-30-660x372.jpg.webp 660w, https:\/\/media.gazetadopovo.com.br\/2025\/08\/24173424\/2025_08_24-30-540x360.jpg.webp 540w, https:\/\/media.gazetadopovo.com.br\/2025\/08\/24173424\/2025_08_24-30-380x214.jpg.webp 380w, https:\/\/media.gazetadopovo.com.br\/2025\/08\/24173424\/2025_08_24-30-720x720.jpg.webp 720w, https:\/\/media.gazetadopovo.com.br\/2025\/08\/24173424\/2025_08_24-30-540x540.jpg.webp 540w, https:\/\/media.gazetadopovo.com.br\/2025\/08\/24173424\/2025_08_24-30-372x372.jpg.webp 372w, https:\/\/media.gazetadopovo.com.br\/2025\/08\/24173424\/2025_08_24-30-214x214.jpg.webp 214w, https:\/\/media.gazetadopovo.com.br\/2025\/08\/24173424\/2025_08_24-30-scaled.jpg.webp 2560w\" sizes=\"(max-width: 767px) 328px, 638px\"\/><\/picture><i class=\"postImage_post-image-caption__yoE82\">Ato comemorativo da Independencia Ucraniana na Av. Paulista, S\u00e3o Paulo. <!-- --> <!-- -->(Foto: Pedro Fratino)<\/i><\/div>\n<div class=\"postImage_post-content-image__2CJdu\"><picture class=\"imageDefault_image-container__XGd8_\"><source type=\"image\/webp\" srcset=\"https:\/\/media.gazetadopovo.com.br\/2025\/08\/24173712\/WhatsApp-Image-2025-08-24-at-17.10.25-1280x720.jpeg.webp 1280w, https:\/\/media.gazetadopovo.com.br\/2025\/08\/24173712\/WhatsApp-Image-2025-08-24-at-17.10.25-960x540.jpeg.webp 960w, https:\/\/media.gazetadopovo.com.br\/2025\/08\/24173712\/WhatsApp-Image-2025-08-24-at-17.10.25-660x372.jpeg.webp 660w, https:\/\/media.gazetadopovo.com.br\/2025\/08\/24173712\/WhatsApp-Image-2025-08-24-at-17.10.25-540x405.jpeg.webp 540w, https:\/\/media.gazetadopovo.com.br\/2025\/08\/24173712\/WhatsApp-Image-2025-08-24-at-17.10.25-380x214.jpeg.webp 380w, https:\/\/media.gazetadopovo.com.br\/2025\/08\/24173712\/WhatsApp-Image-2025-08-24-at-17.10.25-720x720.jpeg.webp 720w, https:\/\/media.gazetadopovo.com.br\/2025\/08\/24173712\/WhatsApp-Image-2025-08-24-at-17.10.25-540x540.jpeg.webp 540w, https:\/\/media.gazetadopovo.com.br\/2025\/08\/24173712\/WhatsApp-Image-2025-08-24-at-17.10.25-372x372.jpeg.webp 372w, https:\/\/media.gazetadopovo.com.br\/2025\/08\/24173712\/WhatsApp-Image-2025-08-24-at-17.10.25-214x214.jpeg.webp 214w, https:\/\/media.gazetadopovo.com.br\/2025\/08\/24173712\/WhatsApp-Image-2025-08-24-at-17.10.25-scaled.jpeg.webp 2560w\" sizes=\"(max-width: 767px) 328px, 638px\"\/><source type=\"image\/jpeg\" srcset=\"https:\/\/media.gazetadopovo.com.br\/2025\/08\/24173712\/WhatsApp-Image-2025-08-24-at-17.10.25-1280x720.jpeg.webp 1280w, https:\/\/media.gazetadopovo.com.br\/2025\/08\/24173712\/WhatsApp-Image-2025-08-24-at-17.10.25-960x540.jpeg.webp 960w, https:\/\/media.gazetadopovo.com.br\/2025\/08\/24173712\/WhatsApp-Image-2025-08-24-at-17.10.25-660x372.jpeg.webp 660w, https:\/\/media.gazetadopovo.com.br\/2025\/08\/24173712\/WhatsApp-Image-2025-08-24-at-17.10.25-540x405.jpeg.webp 540w, https:\/\/media.gazetadopovo.com.br\/2025\/08\/24173712\/WhatsApp-Image-2025-08-24-at-17.10.25-380x214.jpeg.webp 380w, https:\/\/media.gazetadopovo.com.br\/2025\/08\/24173712\/WhatsApp-Image-2025-08-24-at-17.10.25-720x720.jpeg.webp 720w, https:\/\/media.gazetadopovo.com.br\/2025\/08\/24173712\/WhatsApp-Image-2025-08-24-at-17.10.25-540x540.jpeg.webp 540w, https:\/\/media.gazetadopovo.com.br\/2025\/08\/24173712\/WhatsApp-Image-2025-08-24-at-17.10.25-372x372.jpeg.webp 372w, https:\/\/media.gazetadopovo.com.br\/2025\/08\/24173712\/WhatsApp-Image-2025-08-24-at-17.10.25-214x214.jpeg.webp 214w, https:\/\/media.gazetadopovo.com.br\/2025\/08\/24173712\/WhatsApp-Image-2025-08-24-at-17.10.25-scaled.jpeg.webp 2560w\" sizes=\"(max-width: 767px) 328px, 638px\"\/><img loading=\"lazy\" alt=\"\" loading=\"lazy\" width=\"638\" height=\"359\" decoding=\"async\" data-nimg=\"1\" class=\"imageDefault_image-item__lU2Dk\" style=\"color:transparent\" src=\"https:\/\/media.gazetadopovo.com.br\/2025\/08\/24173712\/WhatsApp-Image-2025-08-24-at-17.10.25-scaled.jpeg.webp\"\/><\/picture><i class=\"postImage_post-image-caption__yoE82\">Comunidade ucraniana faz ato em Curitiba para protestar contra a R\u00fassia<!-- --> <!-- -->(Foto: J\u00falia Regina\/Comunidade Ucraniana )<\/i><\/div>\n<p class=\"postParagraph_post-paragraph__juWZN\">O dia 24 de agosto \u00e9 a data em que a Ucr\u00e2nia aprovou em seu Parlamento a independ\u00eancia da Uni\u00e3o Sovi\u00e9tica em 1991 e \u00e9 usada hoje como dia de protestos contra a invas\u00e3o russa de larga escala iniciada em fevereiro de 2022. Nesta segunda-feira (25) haver\u00e1 uma sess\u00e3o especial na C\u00e2mara dos Deputados \u00e0s 9h, em Bras\u00edlia. O objetivo \u00e9 celebrar os la\u00e7os entre os dois pa\u00edses e prestar homenagem e apoio \u00e0 Ucr\u00e2nia.<\/p>\n<p class=\"postParagraph_post-paragraph__juWZN\">Atualmente, a comunidade ucraniana no Brasil conta com cerca de 500 mil pessoas. A imigra\u00e7\u00e3o de ucranianos para o Brasil come\u00e7ou h\u00e1 134 anos, figurando entre os dez principais grupos imigrantes que vieram para o pa\u00eds.<\/p>\n<\/div>\n<p><br \/>\n<br \/>Fonte: <a href=\"https:\/\/www.gazetadopovo.com.br\/republica\/ucranianos-fazem-atos-contra-a-invasao-russa-em-sao-paulo-rio-de-janeiro-e-curitiba\/\">Revista Oeste<\/a><\/p>\n","protected":false},"excerpt":{"rendered":"<p>Membros da comunidade ucraniana e manifestantes contr\u00e1rios \u00e0 invas\u00e3o da R\u00fassia na Ucr\u00e2nia fizeram atos neste domingo (24) em S\u00e3o Paulo, Rio de Janeiro e Curitiba. As manifesta\u00e7\u00f5es marcam o dia da independ\u00eancia ucraniana e tentam mostrar aos brasileiros que a ditadura russa est\u00e1 se recusando a negociar o fim da guerra mesmo com a [&hellip;]<\/p>\n","protected":false},"author":5,"featured_media":39501,"comment_status":"open","ping_status":"open","sticky":false,"template":"","format":"standard","meta":{"_seopress_robots_primary_cat":"","_seopress_titles_title":"","_seopress_titles_desc":"","_seopress_robots_index":"","footnotes":""},"categories":[1],"tags":[],"class_list":["post-39500","post","type-post","status-publish","format-standard","has-post-thumbnail","hentry","category-ultimas-noticias"],"_links":{"self":[{"href":"https:\/\/mussicom.com\/noticias\/wp-json\/wp\/v2\/posts\/39500","targetHints":{"allow":["GET"]}}],"collection":[{"href":"https:\/\/mussicom.com\/noticias\/wp-json\/wp\/v2\/posts"}],"about":[{"href":"https:\/\/mussicom.com\/noticias\/wp-json\/wp\/v2\/types\/post"}],"author":[{"embeddable":true,"href":"https:\/\/mussicom.com\/noticias\/wp-json\/wp\/v2\/users\/5"}],"replies":[{"embeddable":true,"href":"https:\/\/mussicom.com\/noticias\/wp-json\/wp\/v2\/comments?post=39500"}],"version-history":[{"count":0,"href":"https:\/\/mussicom.com\/noticias\/wp-json\/wp\/v2\/posts\/39500\/revisions"}],"wp:featuredmedia":[{"embeddable":true,"href":"https:\/\/mussicom.com\/noticias\/wp-json\/wp\/v2\/media\/39501"}],"wp:attachment":[{"href":"https:\/\/mussicom.com\/noticias\/wp-json\/wp\/v2\/media?parent=39500"}],"wp:term":[{"taxonomy":"category","embeddable":true,"href":"https:\/\/mussicom.com\/noticias\/wp-json\/wp\/v2\/categories?post=39500"},{"taxonomy":"post_tag","embeddable":true,"href":"https:\/\/mussicom.com\/noticias\/wp-json\/wp\/v2\/tags?post=39500"}],"curies":[{"name":"wp","href":"https:\/\/api.w.org\/{rel}","templated":true}]}}