{"id":39490,"date":"2025-08-24T17:39:06","date_gmt":"2025-08-24T20:39:06","guid":{"rendered":"https:\/\/mussicom.com\/jaguar-fundador-de-o-pasquim-morre-aos-93-anos-no-rio\/"},"modified":"2025-08-24T17:39:06","modified_gmt":"2025-08-24T20:39:06","slug":"jaguar-fundador-de-o-pasquim-morre-aos-93-anos-no-rio","status":"publish","type":"post","link":"https:\/\/mussicom.com\/noticias\/jaguar-fundador-de-o-pasquim-morre-aos-93-anos-no-rio\/","title":{"rendered":"Jaguar, fundador de &#8220;O Pasquim&#8221;, morre aos 93 anos no Rio"},"content":{"rendered":"<p> <br \/>\n<\/p>\n<div>\n<p class=\"postParagraph_post-paragraph__juWZN\">S\u00e9rgio de Magalh\u00e3es Gomes Jaguaribe, conhecido como Jaguar, cartunista brasileiro e um dos fundadores do jornal sat\u00edrico de esquerda &#8220;O Pasquim&#8221;, morreu neste domingo (24), aos 93 anos, no Rio de Janeiro. A informa\u00e7\u00e3o foi confirmada por sua vi\u00fava, Celia Regina Pierantoni.<\/p>\n<p class=\"postParagraph_post-paragraph__juWZN\">O artista estava internado h\u00e1 tr\u00eas semanas no hospital Copa D&#8217;Or, no Rio, e a causa da morte foi pneumonia. Jaguar come\u00e7ou sua carreira em 1952, desenhando para a revista Manchete, e adotou o pseud\u00f4nimo por sugest\u00e3o do tamb\u00e9m cartunista Borjalo.<\/p>\n<p class=\"postParagraph_post-paragraph-innerHtml__Q5vwc\">Nos anos 1960, destacou-se na revista Senhor e colaborou em v\u00e1rios ve\u00edculos, incluindo a Revista Civiliza\u00e7\u00e3o Brasileira e Tribuna da Imprensa. Em 1969, ajudou a fundar &#8220;O Pasquim&#8221;, junto com Tarso de Castro e S\u00e9rgio Cabral. O jornal destacou-se pela irrever\u00eancia, humor e postura de oposi\u00e7\u00e3o ao regime militar, chegando a vender mais de 200 mil exemplares por edi\u00e7\u00e3o no auge.\u00a0<\/p>\n<p class=\"postParagraph_post-paragraph__juWZN\">Jaguar criou o personagem do ratinho Sig, em refer\u00eancia a Sigmund Freud, que se tornou s\u00edmbolo da publica\u00e7\u00e3o. Ele foi o \u00fanico integrante da equipe original a permanecer at\u00e9 a \u00faltima edi\u00e7\u00e3o, em 1991.<\/p>\n<p class=\"postParagraph_post-paragraph__juWZN\">Durante a ditadura militar, Jaguar foi preso por tr\u00eas meses, em 1970, ap\u00f3s uma s\u00e1tira de Dom Pedro I, epis\u00f3dio que levou parte da reda\u00e7\u00e3o \u00e0 pris\u00e3o e intensificou a censura ao ve\u00edculo. Al\u00e9m do jornalismo gr\u00e1fico, Jaguar publicou livros como &#8220;\u00c1tila, voc\u00ea \u00e9 b\u00e1rbaro&#8221; (1968), &#8220;Ipanema, se n\u00e3o me falha a mem\u00f3ria&#8221; (2000) e &#8220;Confesso que bebi&#8221; (2001).<\/p>\n<\/div>\n<p><br \/>\n<br \/>Fonte: <a href=\"https:\/\/www.gazetadopovo.com.br\/republica\/jaguar-fundador-o-pasquim-morre-aos-93-anos\/\">Revista Oeste<\/a><\/p>\n","protected":false},"excerpt":{"rendered":"<p>S\u00e9rgio de Magalh\u00e3es Gomes Jaguaribe, conhecido como Jaguar, cartunista brasileiro e um dos fundadores do jornal sat\u00edrico de esquerda &#8220;O Pasquim&#8221;, morreu neste domingo (24), aos 93 anos, no Rio de Janeiro. A informa\u00e7\u00e3o foi confirmada por sua vi\u00fava, Celia Regina Pierantoni. O artista estava internado h\u00e1 tr\u00eas semanas no hospital Copa D&#8217;Or, no Rio, [&hellip;]<\/p>\n","protected":false},"author":5,"featured_media":39491,"comment_status":"open","ping_status":"open","sticky":false,"template":"","format":"standard","meta":{"_seopress_robots_primary_cat":"","_seopress_titles_title":"","_seopress_titles_desc":"","_seopress_robots_index":"","footnotes":""},"categories":[1],"tags":[],"class_list":["post-39490","post","type-post","status-publish","format-standard","has-post-thumbnail","hentry","category-ultimas-noticias"],"_links":{"self":[{"href":"https:\/\/mussicom.com\/noticias\/wp-json\/wp\/v2\/posts\/39490","targetHints":{"allow":["GET"]}}],"collection":[{"href":"https:\/\/mussicom.com\/noticias\/wp-json\/wp\/v2\/posts"}],"about":[{"href":"https:\/\/mussicom.com\/noticias\/wp-json\/wp\/v2\/types\/post"}],"author":[{"embeddable":true,"href":"https:\/\/mussicom.com\/noticias\/wp-json\/wp\/v2\/users\/5"}],"replies":[{"embeddable":true,"href":"https:\/\/mussicom.com\/noticias\/wp-json\/wp\/v2\/comments?post=39490"}],"version-history":[{"count":0,"href":"https:\/\/mussicom.com\/noticias\/wp-json\/wp\/v2\/posts\/39490\/revisions"}],"wp:featuredmedia":[{"embeddable":true,"href":"https:\/\/mussicom.com\/noticias\/wp-json\/wp\/v2\/media\/39491"}],"wp:attachment":[{"href":"https:\/\/mussicom.com\/noticias\/wp-json\/wp\/v2\/media?parent=39490"}],"wp:term":[{"taxonomy":"category","embeddable":true,"href":"https:\/\/mussicom.com\/noticias\/wp-json\/wp\/v2\/categories?post=39490"},{"taxonomy":"post_tag","embeddable":true,"href":"https:\/\/mussicom.com\/noticias\/wp-json\/wp\/v2\/tags?post=39490"}],"curies":[{"name":"wp","href":"https:\/\/api.w.org\/{rel}","templated":true}]}}