{"id":39462,"date":"2025-08-24T14:35:44","date_gmt":"2025-08-24T17:35:44","guid":{"rendered":"https:\/\/mussicom.com\/flavio-bolsonaro-diz-que-mae-e-avos-foram-feitos-refens\/"},"modified":"2025-08-24T14:35:44","modified_gmt":"2025-08-24T17:35:44","slug":"flavio-bolsonaro-diz-que-mae-e-avos-foram-feitos-refens","status":"publish","type":"post","link":"https:\/\/mussicom.com\/noticias\/flavio-bolsonaro-diz-que-mae-e-avos-foram-feitos-refens\/","title":{"rendered":"Fl\u00e1vio Bolsonaro diz que m\u00e3e e av\u00f3s foram feitos ref\u00e9ns"},"content":{"rendered":"<p> <br \/>\n<\/p>\n<div>\n<p class=\"postParagraph_post-paragraph__juWZN\">Em publica\u00e7\u00e3o nas redes sociais, o senador Fl\u00e1vio Bolsonaro (PL-RJ) afirmou que a m\u00e3e e os av\u00f3s foram feitos ref\u00e9ns durante assalto a sua resid\u00eancia, na cidade de Resende, Rio de Janeiro, neste domingo (24).<\/p>\n<p class=\"postParagraph_post-paragraph-innerHtml__Q5vwc\">\u201cAcabaram de fazer minha m\u00e3e e meus octogen\u00e1rios av\u00f3s de ref\u00e9ns, na casa deles em Resende\/RJ. E n\u00e3o foi um simples assalto&#8221;, afirmou o senador em postagem no seu perfil do X, complementando que &#8220;gra\u00e7as a Deus, est\u00e3o todos bem&#8221;.<\/p>\n<p class=\"postParagraph_post-paragraph__juWZN\">De acordo com o filho do ex-presidente Jair Bolsonaro, n\u00e3o se tratou de um simples assalto. Os invasores teriam mantido a m\u00e3e e os av\u00f3s de Fl\u00e1vio por mais de uma hora com rev\u00f3lveres apontados para a cabe\u00e7a e as bocas tapadas com fita adesiva.<\/p>\n<p class=\"postParagraph_post-paragraph__juWZN\">Na publica\u00e7\u00e3o, o senador afirma que os \u201cmarginais\u201d abordaram primeiramente sua m\u00e3e, Rog\u00e9ria Bolsonaro.<\/p>\n<p class=\"postParagraph_post-paragraph__juWZN\">\u201cOs marginais chegaram abordando minha m\u00e3e, dizendo que sabiam quem ela era e querendo saber onde estava o \u201cdinheiro que o Bolsonaro mandava para meus av\u00f3s\u201d, escreveu.<\/p>\n<p class=\"postParagraph_post-paragraph__juWZN\">Fl\u00e1vio Bolsonaro ainda disse que os invasores reviraram a casa inteira &#8211; no v\u00eddeo que acompanha a publica\u00e7\u00e3o, \u00e9 poss\u00edvel ver a resid\u00eancia revirada, com pap\u00e9is no ch\u00e3o e v\u00e1rios itens jogados em cima de uma cama.<\/p>\n<p class=\"postParagraph_post-paragraph__juWZN\">O senador ainda afirmou que, como n\u00e3o foi encontrado nenhum dinheiro, os criminosos levaram alguns an\u00e9is e o carro de seu av\u00f4.<\/p>\n<p class=\"postParagraph_post-paragraph__juWZN\">\u201cJ\u00e1 tomamos as provid\u00eancias e, se Deus quiser, em breve esses marginais covardes ser\u00e3o encontrados!&#8221;, concluiu o senador.<\/p>\n<\/div>\n<p><br \/>\n<br \/>Fonte: <a href=\"https:\/\/www.gazetadopovo.com.br\/republica\/flavio-bolsonaro-afirma-que-mae-e-avos-foram-feitos-refens-durante-assalto-em-resende\/\">Revista Oeste<\/a><\/p>\n","protected":false},"excerpt":{"rendered":"<p>Em publica\u00e7\u00e3o nas redes sociais, o senador Fl\u00e1vio Bolsonaro (PL-RJ) afirmou que a m\u00e3e e os av\u00f3s foram feitos ref\u00e9ns durante assalto a sua resid\u00eancia, na cidade de Resende, Rio de Janeiro, neste domingo (24). \u201cAcabaram de fazer minha m\u00e3e e meus octogen\u00e1rios av\u00f3s de ref\u00e9ns, na casa deles em Resende\/RJ. E n\u00e3o foi um [&hellip;]<\/p>\n","protected":false},"author":5,"featured_media":39463,"comment_status":"open","ping_status":"open","sticky":false,"template":"","format":"standard","meta":{"_seopress_robots_primary_cat":"","_seopress_titles_title":"","_seopress_titles_desc":"","_seopress_robots_index":"","footnotes":""},"categories":[1],"tags":[],"class_list":["post-39462","post","type-post","status-publish","format-standard","has-post-thumbnail","hentry","category-ultimas-noticias"],"_links":{"self":[{"href":"https:\/\/mussicom.com\/noticias\/wp-json\/wp\/v2\/posts\/39462","targetHints":{"allow":["GET"]}}],"collection":[{"href":"https:\/\/mussicom.com\/noticias\/wp-json\/wp\/v2\/posts"}],"about":[{"href":"https:\/\/mussicom.com\/noticias\/wp-json\/wp\/v2\/types\/post"}],"author":[{"embeddable":true,"href":"https:\/\/mussicom.com\/noticias\/wp-json\/wp\/v2\/users\/5"}],"replies":[{"embeddable":true,"href":"https:\/\/mussicom.com\/noticias\/wp-json\/wp\/v2\/comments?post=39462"}],"version-history":[{"count":0,"href":"https:\/\/mussicom.com\/noticias\/wp-json\/wp\/v2\/posts\/39462\/revisions"}],"wp:featuredmedia":[{"embeddable":true,"href":"https:\/\/mussicom.com\/noticias\/wp-json\/wp\/v2\/media\/39463"}],"wp:attachment":[{"href":"https:\/\/mussicom.com\/noticias\/wp-json\/wp\/v2\/media?parent=39462"}],"wp:term":[{"taxonomy":"category","embeddable":true,"href":"https:\/\/mussicom.com\/noticias\/wp-json\/wp\/v2\/categories?post=39462"},{"taxonomy":"post_tag","embeddable":true,"href":"https:\/\/mussicom.com\/noticias\/wp-json\/wp\/v2\/tags?post=39462"}],"curies":[{"name":"wp","href":"https:\/\/api.w.org\/{rel}","templated":true}]}}