{"id":39396,"date":"2025-08-24T02:24:11","date_gmt":"2025-08-24T05:24:11","guid":{"rendered":"https:\/\/mussicom.com\/ministro-moraes-solicita-extradicao-de-eduardo-tagliaferro\/"},"modified":"2025-08-24T02:24:11","modified_gmt":"2025-08-24T05:24:11","slug":"ministro-moraes-solicita-extradicao-de-eduardo-tagliaferro","status":"publish","type":"post","link":"https:\/\/mussicom.com\/noticias\/ministro-moraes-solicita-extradicao-de-eduardo-tagliaferro\/","title":{"rendered":"Ministro Moraes solicita extradi\u00e7\u00e3o de Eduardo Tagliaferro"},"content":{"rendered":"<p> <br \/>\n<\/p>\n<div>\n<p class=\"postParagraph_post-paragraph__juWZN\">O ministro do Supremo Tribunal Federal (STF), Alexandre de Moraes, solicitou a extradi\u00e7\u00e3o de seu ex-assessor Eduardo Tagliaferro, que atualmente reside na It\u00e1lia. A solicita\u00e7\u00e3o foi encaminhada ao Minist\u00e9rio da Justi\u00e7a, que enviou o pedido ao Minist\u00e9rio das Rela\u00e7\u00f5es Exteriores, na quarta-feira (20), para formaliza\u00e7\u00e3o junto ao governo italiano.<\/p>\n<p class=\"postParagraph_post-paragraph__juWZN\">Tagliaferro trabalhou como assessor de Moraes no Tribunal Superior Eleitoral (TSE) e comandou a Assessoria Especial de Enfrentamento \u00e0 Desinforma\u00e7\u00e3o (AEED) da corte. Ele \u00e9 perito computacional e foi denunciado pela Procuradoria-Geral da Rep\u00fablica (PGR) por violar sigilo funcional, coa\u00e7\u00e3o no curso do processo, obstru\u00e7\u00e3o de investiga\u00e7\u00e3o de organiza\u00e7\u00e3o criminosa e suposta tentativa de aboli\u00e7\u00e3o violenta do Estado Democr\u00e1tico de Direito.<\/p>\n<p class=\"postParagraph_post-paragraph__juWZN\">A den\u00fancia da PGR foi apresentada na sexta-feira (22) pelo procurador-geral Paulo Gonet. Tagliaferro \u00e9 acusado de vazar mensagens sigilosas entre servidores de Moraes no STF e no TSE, a\u00e7\u00e3o conhecida como &#8220;Vaza Toga&#8221;. Segundo a acusa\u00e7\u00e3o, esses vazamentos tentaram enfraquecer investiga\u00e7\u00f5es e desestabilizar as institui\u00e7\u00f5es brasileiras.<\/p>\n<p class=\"postParagraph_post-paragraph__juWZN\">Na den\u00fancia, a PGR afirma que a conduta de Tagliaferro torna-se &#8220;mais gravosa&#8221; ao se verificar que, no per\u00edodo dos vazamentos, o STF conduzia investiga\u00e7\u00f5es sobre atos antidemocr\u00e1ticos, incluindo a tentativa de golpe de Estado (Pet. 12.100\/DF), divulga\u00e7\u00e3o de fake news (Inq. 4.781\/DF) e mil\u00edcias digitais (Inq. 4.784\/DF).<\/p>\n<p class=\"postParagraph_post-paragraph__juWZN\">A Pol\u00edcia Federal (PF) j\u00e1 havia indiciado Tagliaferro em abril por viola\u00e7\u00e3o de sigilo funcional com dano \u00e0 administra\u00e7\u00e3o p\u00fablica. A PGR afirma que ele atua em conjunto com outros investigados que fugiram, o que indicaria alinhamento com uma suposta organiza\u00e7\u00e3o criminosa.<\/p>\n<p class=\"postParagraph_post-paragraph__juWZN\">Tagliaferro nega ser respons\u00e1vel pelos vazamentos e alega persegui\u00e7\u00e3o pol\u00edtica por parte de Moraes. Ele se prepara, na It\u00e1lia, para apresentar uma den\u00fancia ao Parlamento Europeu contra o ministro e afirma ter provas contra Moraes, que, segundo ele, &#8220;destruiu sua vida&#8221;. O ex-assessor conta com apoio de parlamentares de direita para suas a\u00e7\u00f5es.<\/p>\n<\/div>\n<p><br \/>\n<br \/>Fonte: <a href=\"https:\/\/www.gazetadopovo.com.br\/republica\/moraes-pede-extradicao-eduardo-tagliaferro\/\">Revista Oeste<\/a><\/p>\n","protected":false},"excerpt":{"rendered":"<p>O ministro do Supremo Tribunal Federal (STF), Alexandre de Moraes, solicitou a extradi\u00e7\u00e3o de seu ex-assessor Eduardo Tagliaferro, que atualmente reside na It\u00e1lia. A solicita\u00e7\u00e3o foi encaminhada ao Minist\u00e9rio da Justi\u00e7a, que enviou o pedido ao Minist\u00e9rio das Rela\u00e7\u00f5es Exteriores, na quarta-feira (20), para formaliza\u00e7\u00e3o junto ao governo italiano. Tagliaferro trabalhou como assessor de Moraes [&hellip;]<\/p>\n","protected":false},"author":5,"featured_media":34083,"comment_status":"open","ping_status":"open","sticky":false,"template":"","format":"standard","meta":{"_seopress_robots_primary_cat":"","_seopress_titles_title":"","_seopress_titles_desc":"","_seopress_robots_index":"","footnotes":""},"categories":[1],"tags":[],"class_list":["post-39396","post","type-post","status-publish","format-standard","has-post-thumbnail","hentry","category-ultimas-noticias"],"_links":{"self":[{"href":"https:\/\/mussicom.com\/noticias\/wp-json\/wp\/v2\/posts\/39396","targetHints":{"allow":["GET"]}}],"collection":[{"href":"https:\/\/mussicom.com\/noticias\/wp-json\/wp\/v2\/posts"}],"about":[{"href":"https:\/\/mussicom.com\/noticias\/wp-json\/wp\/v2\/types\/post"}],"author":[{"embeddable":true,"href":"https:\/\/mussicom.com\/noticias\/wp-json\/wp\/v2\/users\/5"}],"replies":[{"embeddable":true,"href":"https:\/\/mussicom.com\/noticias\/wp-json\/wp\/v2\/comments?post=39396"}],"version-history":[{"count":0,"href":"https:\/\/mussicom.com\/noticias\/wp-json\/wp\/v2\/posts\/39396\/revisions"}],"wp:featuredmedia":[{"embeddable":true,"href":"https:\/\/mussicom.com\/noticias\/wp-json\/wp\/v2\/media\/34083"}],"wp:attachment":[{"href":"https:\/\/mussicom.com\/noticias\/wp-json\/wp\/v2\/media?parent=39396"}],"wp:term":[{"taxonomy":"category","embeddable":true,"href":"https:\/\/mussicom.com\/noticias\/wp-json\/wp\/v2\/categories?post=39396"},{"taxonomy":"post_tag","embeddable":true,"href":"https:\/\/mussicom.com\/noticias\/wp-json\/wp\/v2\/tags?post=39396"}],"curies":[{"name":"wp","href":"https:\/\/api.w.org\/{rel}","templated":true}]}}