{"id":39386,"date":"2025-08-24T00:39:13","date_gmt":"2025-08-24T03:39:13","guid":{"rendered":"https:\/\/mussicom.com\/inflacao-lucro-estatal-e-investimento-de-fora-3-vitorias-de-milei\/"},"modified":"2025-08-24T00:39:13","modified_gmt":"2025-08-24T03:39:13","slug":"inflacao-lucro-estatal-e-investimento-de-fora-3-vitorias-de-milei","status":"publish","type":"post","link":"https:\/\/mussicom.com\/noticias\/inflacao-lucro-estatal-e-investimento-de-fora-3-vitorias-de-milei\/","title":{"rendered":"Infla\u00e7\u00e3o, lucro estatal e investimento de fora \u2014 3 vit\u00f3rias de Milei"},"content":{"rendered":"<p> <br \/>\n<\/p>\n<div>\n<p class=\"postParagraph_post-paragraph__juWZN\">O presidente argentino, Javier Milei, vem fazendo mudan\u00e7as profundas na economia do pa\u00eds com a sua &#8220;motosserra&#8221;. Entre privatiza\u00e7\u00f5es, redu\u00e7\u00e3o da burocracia estatal, diminui\u00e7\u00e3o de impostos e\u00a0a decreta\u00e7\u00e3o do fim dos controles cambiais, a economia dos hermanos vem apresentando uma s\u00e9rie de n\u00fameros positivos.<\/p>\n<p class=\"postParagraph_post-paragraph__juWZN\">Entre as vit\u00f3rias celebradas neste m\u00eas de agosto pela Casa Rosada, destacam-se tr\u00eas. Confira:<\/p>\n<h2 class=\"postParagraph_post-paragraph__juWZN postParagraph_type-tag-h2__TtFkT\">Infla\u00e7\u00e3o<\/h2>\n<p class=\"postParagraph_post-paragraph__juWZN\">No \u00faltimo dia 13, o governo argentino celebrou os resultados da infla\u00e7\u00e3o de julho, que ficou em 1,9% e caiu para 36,6% no acumulado em 12 meses, de acordo com os dados divulgados pelo \u00cdndice de Pre\u00e7os ao Consumidor (IPC).<\/p>\n<p class=\"postParagraph_post-paragraph-innerHtml__Q5vwc\">Embora o total represente uma pequena alta comparado aos 1,6% de junho, e 1,5% de maio \u2014 esta, a menor dos \u00faltimos cinco anos \u2014, o ministro da Economia, Luis Andr\u00e9s Caputo, comemorou o percentual apontando que pelo<strong> terceiro m\u00eas seguido a infla\u00e7\u00e3o ficou abaixo de 2%<\/strong>, algo que n\u00e3o acontecia desde novembro de 2017.<\/p>\n<p class=\"postParagraph_post-paragraph__juWZN\">O \u00edndice acumulado em 12 meses, inferior aos 39,4% do m\u00eas anterior, tamb\u00e9m foi celebrado. Caputo lembrou que o \u00edndice acumulado nos primeiros sete meses de 2025 foi de 17,3%, a menor para esse per\u00edodo do ano desde 2020.<\/p>\n<p class=\"postParagraph_post-paragraph__juWZN\">O IPC tamb\u00e9m registrou um aumento do \u00edndice de sal\u00e1rios, mostrando em julho alta de 3% em rela\u00e7\u00e3o ao m\u00eas anterior.<\/p>\n<p class=\"postParagraph_post-paragraph__juWZN\">O aumento salarial \u00e9 algo de destaque no pa\u00eds, principalmente pelas pol\u00edticas &#8220;agressivas&#8221; de Milei, de in\u00edcio, terem representado um aumento dos pre\u00e7os ao consumidor.<\/p>\n<p class=\"postParagraph_post-paragraph__juWZN\">Segundo o Estat\u00edsticas e Censos da Argentina (Indec), os sal\u00e1rios reais (ajustados pela infla\u00e7\u00e3o) est\u00e3o disparando na economia. No primeiro trimestre do ano, a participa\u00e7\u00e3o dos sal\u00e1rios no PIB argentino chegou a 49,1%, uma das maiores porcentagens dos \u00faltimos tempos, ultrapassando os lucros corporativos, que ca\u00edram v\u00e1rios pontos percentuais no mesmo per\u00edodo.<\/p>\n<p class=\"postParagraph_post-paragraph__juWZN\">O \u00f3rg\u00e3o aponta ainda um aumento de cinco pontos percentuais entre os primeiros tr\u00eas meses de 2024 e 2025, passando de 44,1% para 49,1%. O dado sinaliza que o poder de compra dos argentinos como um todo aumentou nos \u00faltimos meses, o que tamb\u00e9m est\u00e1 diretamente relacionado \u00e0 recupera\u00e7\u00e3o de empregos no pa\u00eds.<\/p>\n<h2 class=\"postParagraph_post-paragraph__juWZN postParagraph_type-tag-h2__TtFkT\">Aerol\u00edneas Argentinas<\/h2>\n<p class=\"postParagraph_post-paragraph-innerHtml__Q5vwc\">No \u00faltimo dia 21, a Aerol\u00edneas Argentinas, companhia a\u00e9rea estatal argentina, aprovou o balan\u00e7o patrimonial de 2024, que apresentou um\u00a0resultado cont\u00e1bil l\u00edquido positivo de US$ 129,1 milh\u00f5es (R$ 707,5 milh\u00f5es).<\/p>\n<p class=\"postParagraph_post-paragraph-innerHtml__Q5vwc\">O destaque para o resultado se d\u00e1 pelo fato dessa ter sido a <strong>primeira vez que a empresa registrou lucro desde que foi nacionalizada<\/strong> pela ex-presidente Cristina Fern\u00e1ndez de Kirchner, em 2008.<\/p>\n<p class=\"postParagraph_post-paragraph-innerHtml__Q5vwc\">De acordo com o jornal<em>\u00a0La Naci\u00f3n<\/em>, o resultado \u00e9 influenciado diretamente pelas pol\u00edticas da Casa Rosada, que reduziu em 15% o quadro de funcion\u00e1rios\u00a0e manteve as diretrizes salariais do setor abaixo do desempenho do d\u00f3lar e infla\u00e7\u00e3o.<\/p>\n<p class=\"postParagraph_post-paragraph__juWZN\">As a\u00e7\u00f5es da Aerol\u00edneas Argentinas s\u00e3o divididas pelo governo nacional (99,96%) e pelos funcion\u00e1rios por meio do Programa de Propriedade Participativa (PPP). Este \u00faltimo grupo n\u00e3o aprovou o balan\u00e7o auditado pelos \u00f3rg\u00e3os competentes, mas n\u00e3o conseguiu reverter a decis\u00e3o.<\/p>\n<div class=\"postImage_post-content-image__2CJdu\"><picture class=\"imageDefault_image-container__XGd8_\"><source type=\"image\/webp\" srcset=\"https:\/\/media.gazetadopovo.com.br\/2025\/08\/23141109\/13c5d8718b83eef393ebe13f46abaaa6fdedd25d-1280x720.jpg.webp 1280w, https:\/\/media.gazetadopovo.com.br\/2025\/08\/23141109\/13c5d8718b83eef393ebe13f46abaaa6fdedd25d-960x540.jpg.webp 960w, https:\/\/media.gazetadopovo.com.br\/2025\/08\/23141109\/13c5d8718b83eef393ebe13f46abaaa6fdedd25d-660x372.jpg.webp 660w, https:\/\/media.gazetadopovo.com.br\/2025\/08\/23141109\/13c5d8718b83eef393ebe13f46abaaa6fdedd25d-540x360.jpg.webp 540w, https:\/\/media.gazetadopovo.com.br\/2025\/08\/23141109\/13c5d8718b83eef393ebe13f46abaaa6fdedd25d-380x214.jpg.webp 380w, https:\/\/media.gazetadopovo.com.br\/2025\/08\/23141109\/13c5d8718b83eef393ebe13f46abaaa6fdedd25d-720x720.jpg.webp 720w, https:\/\/media.gazetadopovo.com.br\/2025\/08\/23141109\/13c5d8718b83eef393ebe13f46abaaa6fdedd25d-540x540.jpg.webp 540w, https:\/\/media.gazetadopovo.com.br\/2025\/08\/23141109\/13c5d8718b83eef393ebe13f46abaaa6fdedd25d-372x372.jpg.webp 372w, https:\/\/media.gazetadopovo.com.br\/2025\/08\/23141109\/13c5d8718b83eef393ebe13f46abaaa6fdedd25d-214x214.jpg.webp 214w, https:\/\/media.gazetadopovo.com.br\/2025\/08\/23141109\/13c5d8718b83eef393ebe13f46abaaa6fdedd25d-scaled.jpg.webp 2560w\" sizes=\"(max-width: 767px) 328px, 638px\"\/><source type=\"image\/jpeg\" srcset=\"https:\/\/media.gazetadopovo.com.br\/2025\/08\/23141109\/13c5d8718b83eef393ebe13f46abaaa6fdedd25d-1280x720.jpg.webp 1280w, https:\/\/media.gazetadopovo.com.br\/2025\/08\/23141109\/13c5d8718b83eef393ebe13f46abaaa6fdedd25d-960x540.jpg.webp 960w, https:\/\/media.gazetadopovo.com.br\/2025\/08\/23141109\/13c5d8718b83eef393ebe13f46abaaa6fdedd25d-660x372.jpg.webp 660w, https:\/\/media.gazetadopovo.com.br\/2025\/08\/23141109\/13c5d8718b83eef393ebe13f46abaaa6fdedd25d-540x360.jpg.webp 540w, https:\/\/media.gazetadopovo.com.br\/2025\/08\/23141109\/13c5d8718b83eef393ebe13f46abaaa6fdedd25d-380x214.jpg.webp 380w, https:\/\/media.gazetadopovo.com.br\/2025\/08\/23141109\/13c5d8718b83eef393ebe13f46abaaa6fdedd25d-720x720.jpg.webp 720w, https:\/\/media.gazetadopovo.com.br\/2025\/08\/23141109\/13c5d8718b83eef393ebe13f46abaaa6fdedd25d-540x540.jpg.webp 540w, https:\/\/media.gazetadopovo.com.br\/2025\/08\/23141109\/13c5d8718b83eef393ebe13f46abaaa6fdedd25d-372x372.jpg.webp 372w, https:\/\/media.gazetadopovo.com.br\/2025\/08\/23141109\/13c5d8718b83eef393ebe13f46abaaa6fdedd25d-214x214.jpg.webp 214w, https:\/\/media.gazetadopovo.com.br\/2025\/08\/23141109\/13c5d8718b83eef393ebe13f46abaaa6fdedd25d-scaled.jpg.webp 2560w\" sizes=\"(max-width: 767px) 328px, 638px\"\/><\/picture><i class=\"postImage_post-image-caption__yoE82\">Pol\u00edticas da Casa Rosada tentam cada vez mais impulsar o turismo. EFE\/ Enrique Garc\u00eda Medina<!-- --> <!-- -->(Foto: EFE)<\/i><\/div>\n<p class=\"postParagraph_post-paragraph__juWZN\">Somado aos resultados corporativos, a pasta do turismo argentino tem tentado, atrav\u00e9s da Aerol\u00edneas Argentinas impulsionar o turismo, anunciando passagens promocionais.<\/p>\n<p class=\"postParagraph_post-paragraph__juWZN\">A a\u00e7\u00e3o conjunta entre a companhia e o Instituto Nacional de Promo\u00e7\u00e3o Tur\u00edstica (Inprotur), que ser\u00e1 v\u00e1lida at\u00e9 31 de agosto, inclui ofertas a partir de 11 pa\u00edses: Brasil, Uruguai, Chile, Bol\u00edvia, Paraguai, Col\u00f4mbia, Peru, Rep\u00fablica Dominicana, Estados Unidos, Espanha e It\u00e1lia.<\/p>\n<p class=\"postParagraph_post-paragraph__juWZN\">Os voos do Brasil, ida e volta, incluem valores de: US$ 160 saindo de S\u00e3o Paulo, US$ 200 a partir do Rio de Janeiro, US$ 150 de Porto Alegre e Curitiba, e US$ 280 de Salvador e Porto Seguro, mais taxas e impostos.<\/p>\n<p class=\"postParagraph_post-paragraph__juWZN\">O objetivo da medida \u00e9 incentivar a chegada de turistas estrangeiros durante a primavera, a temporada de maior oferta natural e cultural no pa\u00eds.<\/p>\n<p class=\"postParagraph_post-paragraph__juWZN\">Nos \u00faltimos dias, o secret\u00e1rio de Turismo, Esporte e Meio Ambiente da Argentina, Daniel Scioli, esteve em turn\u00ea pelo Paraguai e Brasil para divulgar as medidas que tentam impulsionar o turismo argentino.<\/p>\n<h2 class=\"postParagraph_post-paragraph__juWZN postParagraph_type-tag-h2__TtFkT\">Investimento de Nadal<\/h2>\n<p class=\"postParagraph_post-paragraph-innerHtml__Q5vwc\">Os resultados econ\u00f4micos de Milei atraem investidores de todas as partes do mundo, como o ex-tenista Rafael Nadal, que anunciou no \u00faltimo dia 13 que <strong>investir\u00e1 sua fortuna em sete hot\u00e9is de luxo na Argentina<\/strong>.<\/p>\n<p class=\"postParagraph_post-paragraph__juWZN\">De acordo com a imprensa local, o montante a ser investido se aproximar\u00e1 dos US$ 200 milh\u00f5es (mais de R$ 1 bilh\u00e3o). Nas redes sociais, Daniel Scioli, o Secret\u00e1rio de Turismo do pa\u00eds, confirmou a informa\u00e7\u00e3o.<\/p>\n<p class=\"postParagraph_post-paragraph__juWZN\">Scioli afirmou que o novo investimento de Nadal &#8220;mostra o crescente interesse pela Argentina do presidente Javier MIlei de personalidades empreendedoras como Gabriel Escarrer, CEO da Meli\u00e1 Hotels, e de uma pessoa de destaque como Rafa [Nadal], agora em outra etapa de sua vida&#8221;.<\/p>\n<p class=\"postParagraph_post-paragraph__juWZN\">Os novos empreendimentos da rede de hot\u00e9is de Nadal, a &#8220;ZEL&#8221;, ser\u00e3o em parceria com a Meli\u00e1 Hotels Internacional e j\u00e1 t\u00eam locais confirmados, em cidades tur\u00edsticas argentinas: Bariloche, El Calafate, Puerto Iguazu, Mendoza, Posadas, Saltas e Ushuaia.<\/p>\n<p class=\"postParagraph_post-paragraph__juWZN\">O estabelecimento em El Calafate \u2014 no sul da Patag\u00f4nia \u2014 ter\u00e1 as obras iniciadas no in\u00edcio de 2026.<\/p>\n<p class=\"postParagraph_post-paragraph__juWZN\">Em mar\u00e7o deste ano, a ZEL chegou ao Caribe, inaugurando um hotel em Punta Cana, regi\u00e3o costeira da Rep\u00fablica Dominicana. Este, foi o primeiro investimento internacional da rede de hot\u00e9is do ex-atleta, que possui duas propriedades na Espanha.<\/p>\n<p class=\"postParagraph_post-paragraph__juWZN\">&#8220;Sete hot\u00e9is da linha ZEL ser\u00e3o instalados em diversos destinos maravilhosos do nosso pa\u00eds. Argentina, o melhor pa\u00eds do mundo&#8221;, completou Scioli.<\/p>\n<\/div>\n<p><br \/>\n<br \/>Fonte: <a href=\"https:\/\/www.gazetadopovo.com.br\/mundo\/inflacao-lucro-estatal-e-investimento-estrangeiro-tres-vitorias-de-milei-em-agosto\/\">Revista Oeste<\/a><\/p>\n","protected":false},"excerpt":{"rendered":"<p>O presidente argentino, Javier Milei, vem fazendo mudan\u00e7as profundas na economia do pa\u00eds com a sua &#8220;motosserra&#8221;. Entre privatiza\u00e7\u00f5es, redu\u00e7\u00e3o da burocracia estatal, diminui\u00e7\u00e3o de impostos e\u00a0a decreta\u00e7\u00e3o do fim dos controles cambiais, a economia dos hermanos vem apresentando uma s\u00e9rie de n\u00fameros positivos. Entre as vit\u00f3rias celebradas neste m\u00eas de agosto pela Casa Rosada, [&hellip;]<\/p>\n","protected":false},"author":5,"featured_media":39387,"comment_status":"open","ping_status":"open","sticky":false,"template":"","format":"standard","meta":{"_seopress_robots_primary_cat":"","_seopress_titles_title":"","_seopress_titles_desc":"","_seopress_robots_index":"","footnotes":""},"categories":[48],"tags":[],"class_list":["post-39386","post","type-post","status-publish","format-standard","has-post-thumbnail","hentry","category-internacional"],"_links":{"self":[{"href":"https:\/\/mussicom.com\/noticias\/wp-json\/wp\/v2\/posts\/39386","targetHints":{"allow":["GET"]}}],"collection":[{"href":"https:\/\/mussicom.com\/noticias\/wp-json\/wp\/v2\/posts"}],"about":[{"href":"https:\/\/mussicom.com\/noticias\/wp-json\/wp\/v2\/types\/post"}],"author":[{"embeddable":true,"href":"https:\/\/mussicom.com\/noticias\/wp-json\/wp\/v2\/users\/5"}],"replies":[{"embeddable":true,"href":"https:\/\/mussicom.com\/noticias\/wp-json\/wp\/v2\/comments?post=39386"}],"version-history":[{"count":0,"href":"https:\/\/mussicom.com\/noticias\/wp-json\/wp\/v2\/posts\/39386\/revisions"}],"wp:featuredmedia":[{"embeddable":true,"href":"https:\/\/mussicom.com\/noticias\/wp-json\/wp\/v2\/media\/39387"}],"wp:attachment":[{"href":"https:\/\/mussicom.com\/noticias\/wp-json\/wp\/v2\/media?parent=39386"}],"wp:term":[{"taxonomy":"category","embeddable":true,"href":"https:\/\/mussicom.com\/noticias\/wp-json\/wp\/v2\/categories?post=39386"},{"taxonomy":"post_tag","embeddable":true,"href":"https:\/\/mussicom.com\/noticias\/wp-json\/wp\/v2\/tags?post=39386"}],"curies":[{"name":"wp","href":"https:\/\/api.w.org\/{rel}","templated":true}]}}