{"id":39207,"date":"2025-08-23T00:57:05","date_gmt":"2025-08-23T03:57:05","guid":{"rendered":"https:\/\/mussicom.com\/julgamento-de-bolsonaro-e-acao-contra-malafaia-impulsionam-7-9\/"},"modified":"2025-08-23T00:57:05","modified_gmt":"2025-08-23T03:57:05","slug":"julgamento-de-bolsonaro-e-acao-contra-malafaia-impulsionam-7-9","status":"publish","type":"post","link":"https:\/\/mussicom.com\/noticias\/julgamento-de-bolsonaro-e-acao-contra-malafaia-impulsionam-7-9\/","title":{"rendered":"Julgamento de Bolsonaro e a\u00e7\u00e3o contra Malafaia impulsionam 7\/9"},"content":{"rendered":"<p> <br \/>\n<\/p>\n<div>\n<p class=\"postParagraph_post-paragraph-innerHtml__Q5vwc\">O julgamento do ex-presidente Jair Bolsonaro, marcado para come\u00e7ar em 2 de setembro, e a nova ofensiva judicial contra o pastor Silas Malafaia refor\u00e7am o clima de mobiliza\u00e7\u00e3o da oposi\u00e7\u00e3o para o feriado da Independ\u00eancia. A proximidade entre os atos processuais e a agenda pol\u00edtica de rua tende a intensificar o tom das manifesta\u00e7\u00f5es previstas para 7 de Setembro, organizadas como atos nacionais contra o Supremo Tribunal Federal (STF) e, em especial, o ministro Alexandre de Moraes.<\/p>\n<p class=\"postParagraph_post-paragraph__juWZN\">Na quarta-feira (20), Malafaia foi alvo de uma opera\u00e7\u00e3o da Pol\u00edcia Federal no Aeroporto do Gale\u00e3o, no Rio de Janeiro. O pastor desembarcava de um voo vindo de Lisboa quando agentes cumpriram mandado de busca e apreens\u00e3o, recolhendo seus aparelhos eletr\u00f4nicos e tomando depoimento no pr\u00f3prio terminal. A medida foi determinada por Moraes, que tamb\u00e9m autorizou restri\u00e7\u00f5es cautelares contra o l\u00edder religioso.<\/p>\n<p class=\"postParagraph_post-paragraph__juWZN\">Poucas horas depois, o ministro ordenou o cancelamento de todos os passaportes de Malafaia, nacionais e estrangeiros, com prazo de 24 horas para entrega \u00e0 Pol\u00edcia Federal. Tamb\u00e9m proibiu que o pastor mantivesse contato com outros investigados, entre eles o deputado Eduardo Bolsonaro, que est\u00e1 nos Estados Unidos.<\/p>\n<p class=\"postParagraph_post-paragraph-innerHtml__Q5vwc\">\u00c0 <strong>Gazeta do Povo<\/strong>, o l\u00edder da oposi\u00e7\u00e3o na C\u00e2mara dos Deputados, deputado Luciano Zucco (PL-RS), afirmou que a manifesta\u00e7\u00e3o do dia 7 de setembro ser\u00e1 decisiva \u201cpara milh\u00f5es de brasileiros\u201d.<\/p>\n<p class=\"postParagraph_post-paragraph__juWZN\">\u201cAs \u00faltimas decis\u00f5es do ministro Alexandre de Moraes, ao desprezar tratados internacionais e impor que bancos ignorem a Lei Magnitsky, somadas \u00e0s declara\u00e7\u00f5es do ministro Fl\u00e1vio Dino e \u00e0 escalada autorit\u00e1ria do governo na tentativa de censurar as redes sociais, criam um ambiente de enorme instabilidade. Essa postura n\u00e3o atinge apenas a oposi\u00e7\u00e3o: amea\u00e7a o sistema financeiro, o Congresso Nacional e a pr\u00f3pria seguran\u00e7a jur\u00eddica do pa\u00eds\u201d, disse o parlamentar.<\/p>\n<h2 class=\"postParagraph_post-paragraph__juWZN postParagraph_type-tag-h2__TtFkT\">Evang\u00e9licos denunciam persegui\u00e7\u00e3o a Malafaia e ampliam ades\u00e3o aos atos de 7 de Setembro<\/h2>\n<p class=\"postParagraph_post-paragraph__juWZN\">A decis\u00e3o do STF de incluir o pastor Silas Malafaia no inqu\u00e9rito que investiga suposta tentativa de golpe foi recebida como um ataque direto \u00e0s igrejas evang\u00e9licas. L\u00edderes do segmento afirmam que a medida ultrapassa o campo pol\u00edtico e representa uma amea\u00e7a \u00e0 liberdade de express\u00e3o e de culto, pilares que mobilizam milh\u00f5es de brasileiros.<\/p>\n<p class=\"postParagraph_post-paragraph-innerHtml__Q5vwc\">O senador Magno Malta (PL-ES) afirmou \u00e0 <strong>Gazeta do Povo<\/strong> que a ofensiva contra Malafaia refor\u00e7a a percep\u00e7\u00e3o de arbitrariedade do Supremo. \u201cOs evang\u00e9licos se sentem diretamente atingidos pela persegui\u00e7\u00e3o ao pastor Silas Malafaia. O que est\u00e1 em jogo n\u00e3o \u00e9 pol\u00edtica, \u00e9 a liberdade de express\u00e3o. O STF transformou cr\u00edtica em crime e passou a rotular como &#8220;golpista&#8221; qualquer cidad\u00e3o que ouse questionar os abusos do sistema. Silas n\u00e3o \u00e9 pol\u00edtico, \u00e9 uma voz que move multid\u00f5es. No dia 7 de setembro, o povo dar\u00e1 sua resposta nas ruas, em defesa de uma democracia que est\u00e1 sendo corro\u00edda\u201d, declarou.<\/p>\n<p class=\"postParagraph_post-paragraph__juWZN\">A fala ecoa entre lideran\u00e7as evang\u00e9licas que veem na decis\u00e3o do Supremo uma tentativa de criminalizar posicionamentos cr\u00edticos ao governo e ao Judici\u00e1rio. Nos \u00faltimos dias, pastores e parlamentares ligados ao segmento manifestaram solidariedade a Malafaia, refor\u00e7ando a convoca\u00e7\u00e3o para os atos de setembro. A expectativa \u00e9 de que a presen\u00e7a de fi\u00e9is e igrejas seja decisiva para ampliar a dimens\u00e3o das manifesta\u00e7\u00f5es.<\/p>\n<p class=\"postParagraph_post-paragraph__juWZN\">\u201cO pastor Silas Malafaia \u00e9 uma das maiores lideran\u00e7as evang\u00e9licas do pa\u00eds, com reconhecimento internacional, sendo uma das principais vozes que representam o povo evang\u00e9lico brasileiro. N\u00e3o podemos aceitar tamanha persegui\u00e7\u00e3o, que ultrapassa o \u00e2mbito pol\u00edtico e atinge tamb\u00e9m a esfera religiosa\u201d, disse o Conselho Interdenominacional de Ministros Evang\u00e9licos do Brasil (CIMEB) em nota emitida no domingo (17) &#8211; antes do cumprimento do mandado de busca e apreens\u00e3o contra o pastor.<\/p>\n<p class=\"postParagraph_post-paragraph__juWZN\">Para o cientista pol\u00edtico Adriano Cerqueira, professor do Ibmec em Belo Horizonte, a inclus\u00e3o de Malafaia no inqu\u00e9rito &#8211; com o agravante dos fatos registrados na \u00faltima quarta-feira &#8211; tende a intensificar a mobiliza\u00e7\u00e3o de 7 de Setembro. Ele avalia que a medida fortalece a narrativa da oposi\u00e7\u00e3o e amplia a ades\u00e3o ao ato.<\/p>\n<p class=\"postParagraph_post-paragraph__juWZN\">\u201cColocarem Malafaia em uma a\u00e7\u00e3o, um inqu\u00e9rito, claro que isso impulsiona o movimento de 7 de Setembro. O Malafaia \u00e9 um grande aliado do Bolsonaro, est\u00e1 sempre na linha de frente e, at\u00e9 por causa disso, virou um alvo.\u201d<\/p>\n<p class=\"postParagraph_post-paragraph__juWZN\">Segundo o especialista, a\u00e7\u00f5es do STF contra l\u00edderes religiosos repercutem politicamente. \u201cQualquer a\u00e7\u00e3o que saia do Alexandre de Moraes ou do STF contra lideran\u00e7as evang\u00e9licas ressoa no Lula e no PT, fortalecendo a oposi\u00e7\u00e3o. A vit\u00f3ria da oposi\u00e7\u00e3o na CPMI, com a indica\u00e7\u00e3o do presidente e do relator, mostra que h\u00e1 uma uni\u00e3o partid\u00e1ria, inclusive no Senado, que antes n\u00e3o tinha tanta for\u00e7a.\u201d<\/p>\n<h2 class=\"postParagraph_post-paragraph__juWZN postParagraph_type-tag-h2__TtFkT\">Atos de 7 de Setembro pelo Brasil<\/h2>\n<p class=\"postParagraph_post-paragraph__juWZN\">Aliados do ex-presidente Jair Bolsonaro concentram esfor\u00e7os para um grande ato na Avenida Paulista, em S\u00e3o Paulo, \u00e0s 15 horas. Liberdade de express\u00e3o, liberdade religiosa, anistia est\u00e3o entre os temas que ter\u00e3o destaque no ato. A oposi\u00e7\u00e3o tamb\u00e9m articula manifesta\u00e7\u00f5es em outras capitais brasileiras neste 7 de setembro, mas a programa\u00e7\u00e3o ainda est\u00e1 sendo organizada.<\/p>\n<p class=\"postParagraph_post-paragraph__juWZN\">Em Belo Horizonte (MG), manifestantes de direita planejam se reunir na Pra\u00e7a da Liberdade, \u00e0s 10h. As pautas principais na capital mineira s\u00e3o a anistia aos presos do 8 de janeiro e o impeachment de Moraes. O ato \u00e9 organizado por 11 movimentos conservadores, entre eles Movimento Pr\u00f3-Brasil, Direita Minas, e Conservadores em A\u00e7\u00e3o.<\/p>\n<p class=\"postParagraph_post-paragraph__juWZN\">&#8220;No 7 de setembro, o povo vai \u00e0s ruas gritar o que a toga quer calar: Supremo \u00e9 o povo!&#8221;, afirmou o senador Rog\u00e9rio Marinho, l\u00edder da oposi\u00e7\u00e3o ao Senado, ao comentar nas redes sociais o recente indiciamento do ex-presidente Jair Bolsonaro no inqu\u00e9rito que apura a atua\u00e7\u00e3o do deputado Eduardo Bolsonaro nos EUA.<\/p>\n<p class=\"postParagraph_post-paragraph__juWZN\">Segundo um v\u00eddeo postado no perfil do deputado Coronel Meira (PL-PE), a oposi\u00e7\u00e3o tamb\u00e9m pretende ocupar as ruas em cidades como Bras\u00edlia, Belo Horizonte, Recife e Salvador. Mas, at\u00e9 o momento, n\u00e3o constam informa\u00e7\u00f5es sobre hor\u00e1rios e os locais de concentra\u00e7\u00e3o dessas cidades.<\/p>\n<h2 class=\"postParagraph_post-paragraph__juWZN postParagraph_type-tag-h2__TtFkT\">Manifesta\u00e7\u00f5es fortalecem oposi\u00e7\u00e3o e aumentam tens\u00e3o no Congresso<\/h2>\n<p class=\"postParagraph_post-paragraph__juWZN\">Para o cientista pol\u00edtico Elton Gomes, professor da Universidade Federal do Piau\u00ed (UFPI), as recentes mobiliza\u00e7\u00f5es conservadoras t\u00eam impacto direto no cen\u00e1rio pol\u00edtico e no comportamento do Parlamento. Ele destaca que a manifesta\u00e7\u00e3o de 3 de agosto foi um divisor de \u00e1guas para a oposi\u00e7\u00e3o.<\/p>\n<p class=\"postParagraph_post-paragraph__juWZN\">\u201cAs manifesta\u00e7\u00f5es do \u00faltimo dia 3 de agosto surtiram um bom efeito para a oposi\u00e7\u00e3o, chamaram a aten\u00e7\u00e3o nacional e internacionalmente. Foi um grande teste de for\u00e7a, porque aconteceram pela primeira vez sem a presen\u00e7a do ex-presidente, que \u00e9 o l\u00edder desse movimento pol\u00edtico.\u201d<\/p>\n<p class=\"postParagraph_post-paragraph__juWZN\">Segundo Gomes, a rea\u00e7\u00e3o no Congresso foi imediata. \u201cEssas manifesta\u00e7\u00f5es carrearam uma rea\u00e7\u00e3o da oposi\u00e7\u00e3o nas duas casas do Congresso, com a obstru\u00e7\u00e3o que todos n\u00f3s acompanhamos, e que deixou os presidentes das duas Casas com a situa\u00e7\u00e3o de autoridade muito melindrada.\u201d<\/p>\n<p class=\"postParagraph_post-paragraph__juWZN\">Ele explica que a tens\u00e3o aumentou ap\u00f3s acordos feitos sem a participa\u00e7\u00e3o das lideran\u00e7as do Legislativo. \u201cEles foram atropelados pelo acordo do Col\u00e9gio de L\u00edderes, pela disposi\u00e7\u00e3o do Parlamento em obstaculizar a atua\u00e7\u00e3o da Suprema Corte mediante o acordo para pautar a anistia e a PEC para tirar os processos aos quais as autoridades respondem da guarda do Supremo.\u201d<\/p>\n<h2 class=\"postParagraph_post-paragraph__juWZN postParagraph_type-tag-h2__TtFkT\">Como ser\u00e1 o julgamento de Bolsonaro<\/h2>\n<p class=\"postParagraph_post-paragraph__juWZN\">O julgamento do ex-presidente Jair Bolsonaro, marcado para come\u00e7ar \u00e0s 9h do dia 2 de setembro, seguir\u00e1 os preceitos do Regimento Interno do STF e da Lei 8.038\/1990, que regula os processos no tribunal.<\/p>\n<p class=\"postParagraph_post-paragraph__juWZN\">A sess\u00e3o de abertura ser\u00e1 conduzida pelo ministro Cristiano Zanin, presidente da Primeira Turma do STF, que j\u00e1 definiu o cronograma inicial. Em seguida, o relator, ministro Alexandre de Moraes, far\u00e1 a leitura do relat\u00f3rio, sistematizando todas as etapas j\u00e1 percorridas: das investiga\u00e7\u00f5es \u00e0 conclus\u00e3o das alega\u00e7\u00f5es finais, \u00faltima fase antes do julgamento de m\u00e9rito.<\/p>\n<p class=\"postParagraph_post-paragraph__juWZN\">Ap\u00f3s a leitura, a tribuna ser\u00e1 aberta \u00e0 acusa\u00e7\u00e3o \u2014 com o procurador-geral da Rep\u00fablica, Paulo Gonet, tendo at\u00e9 uma hora para expor os fundamentos da den\u00fancia. Na sequ\u00eancia, cada uma das defesas dos r\u00e9us ter\u00e1 o mesmo tempo para suas sustenta\u00e7\u00f5es orais.<\/p>\n<p class=\"postParagraph_post-paragraph__juWZN\">A vota\u00e7\u00e3o dos ministros seguir\u00e1 ordem definida: come\u00e7a por Alexandre de Moraes (relator), depois Fl\u00e1vio Dino, Luiz Fux, C\u00e1rmen L\u00facia e, por \u00faltimo, Cristiano Zanin \u2014 que vota como presidente da Turma. A decis\u00e3o exige maioria simples, ou seja, tr\u00eas dos cinco votos.<\/p>\n<p class=\"postParagraph_post-paragraph__juWZN\">O processo pode ser interrompido por um pedido de vista, instrumento que permite prorrogar a an\u00e1lise. Nesses casos, a Turma deve retomar o julgamento em at\u00e9 90 dias.<\/p>\n<p class=\"postParagraph_post-paragraph__juWZN\">Uma eventual condena\u00e7\u00e3o n\u00e3o gera execu\u00e7\u00e3o imediata da pena: os recursos precisam ser apreciados antes que qualquer pris\u00e3o seja efetivada. Para os r\u00e9us militares, a legisla\u00e7\u00e3o prev\u00ea regime diferenciado, com observ\u00e2ncia \u00e0 pris\u00e3o especial.<\/p>\n<h2 class=\"postParagraph_post-paragraph__juWZN postParagraph_type-tag-h2__TtFkT\">Como foi a \u00faltima manifesta\u00e7\u00e3o contra Moraes<\/h2>\n<p class=\"postParagraph_post-paragraph__juWZN\">No dia 3 de agosto, milhares de manifestantes foram \u00e0s ruas em diversas capitais \u2014 incluindo S\u00e3o Paulo, Rio de Janeiro, Bras\u00edlia, Goi\u00e2nia, Bel\u00e9m e Salvador \u2014 exigindo o impeachment do ministro Alexandre de Moraes e o fim do governo Lula. Mesmo com o ex-presidente Jair Bolsonaro impedido de comparecer presencialmente, sua aus\u00eancia n\u00e3o diminuiu o volume dos protestos nem o entusiasmo das manifesta\u00e7\u00f5es.<\/p>\n<p class=\"postParagraph_post-paragraph__juWZN\">Em S\u00e3o Paulo, a Avenida Paulista foi palco de discursos inflamados. O presidente do PL, Valdemar Costa Neto, celebrou a ades\u00e3o popular: \u201cJamais esperei que hoje tiv\u00e9ssemos tanta gente para nos prestigiar\u201d. S\u00f3stenes Cavalcante (PL-RJ), l\u00edder do partido na C\u00e2mara, destacou o tamanho da manifesta\u00e7\u00e3o e fez cr\u00edticas ao ministro: \u201cAlexandre de Moraes, voc\u00ea vai pagar essa conta aqui na terra e [&#8230;] na eternidade com Deus.\u201d<\/p>\n<p class=\"postParagraph_post-paragraph__juWZN\">O ato, coordenado pelo movimento \u201cReaja Brasil\u201d e organizado pelo pastor Silas Malafaia, reuniu cartazes que qualificavam ministros do STF e o presidente da C\u00e2mara como \u201cInimigos da Na\u00e7\u00e3o\u201d e pediam a anistia aos presos do 8 de janeiro de 2023.<\/p>\n<p class=\"postParagraph_post-paragraph__juWZN\">O car\u00e1ter amplo da mobiliza\u00e7\u00e3o ficou evidente: foram confirmados aproximadamente 30 atos em todo o pa\u00eds. Em v\u00e1rias capitais houve participa\u00e7\u00e3o midi\u00e1tica de Bolsonaro e aliados \u2014 por v\u00eddeo, como o deputado Eduardo Bolsonaro em S\u00e3o Paulo e Belo Horizonte \u2014, sinalizando forte articula\u00e7\u00e3o pol\u00edtica mesmo \u00e0 dist\u00e2ncia.<\/p>\n<p class=\"postParagraph_post-paragraph__juWZN\">Encerrando o ato, Nikolas Ferreira (PL-MG), ao lado de Silas Malafaia, lan\u00e7ou o lema da pr\u00f3xima mobiliza\u00e7\u00e3o: \u201cAvisa l\u00e1 que aqui n\u00e3o acabou. A pr\u00f3xima vai ser no Dia da Independ\u00eancia. Um grito \u00e0 liberdade. Brasil nas ruas e o povo no poder.\u201d A convoca\u00e7\u00e3o clara para o 7 de Setembro exp\u00f4s a inten\u00e7\u00e3o de manter o momento de press\u00e3o nas ruas vivo \u2014 e ainda mais robusto.<\/p>\n<\/div>\n<p><br \/>\n<br \/>Fonte: <a href=\"https:\/\/www.gazetadopovo.com.br\/republica\/julgamento-bolsonaro-ofensiva-contra-malafaia-impulsionam-7-de-setembro-oposicao\/\">Revista Oeste<\/a><\/p>\n","protected":false},"excerpt":{"rendered":"<p>O julgamento do ex-presidente Jair Bolsonaro, marcado para come\u00e7ar em 2 de setembro, e a nova ofensiva judicial contra o pastor Silas Malafaia refor\u00e7am o clima de mobiliza\u00e7\u00e3o da oposi\u00e7\u00e3o para o feriado da Independ\u00eancia. A proximidade entre os atos processuais e a agenda pol\u00edtica de rua tende a intensificar o tom das manifesta\u00e7\u00f5es previstas [&hellip;]<\/p>\n","protected":false},"author":5,"featured_media":37356,"comment_status":"open","ping_status":"open","sticky":false,"template":"","format":"standard","meta":{"_seopress_robots_primary_cat":"","_seopress_titles_title":"","_seopress_titles_desc":"","_seopress_robots_index":"","footnotes":""},"categories":[1],"tags":[],"class_list":["post-39207","post","type-post","status-publish","format-standard","has-post-thumbnail","hentry","category-ultimas-noticias"],"_links":{"self":[{"href":"https:\/\/mussicom.com\/noticias\/wp-json\/wp\/v2\/posts\/39207","targetHints":{"allow":["GET"]}}],"collection":[{"href":"https:\/\/mussicom.com\/noticias\/wp-json\/wp\/v2\/posts"}],"about":[{"href":"https:\/\/mussicom.com\/noticias\/wp-json\/wp\/v2\/types\/post"}],"author":[{"embeddable":true,"href":"https:\/\/mussicom.com\/noticias\/wp-json\/wp\/v2\/users\/5"}],"replies":[{"embeddable":true,"href":"https:\/\/mussicom.com\/noticias\/wp-json\/wp\/v2\/comments?post=39207"}],"version-history":[{"count":0,"href":"https:\/\/mussicom.com\/noticias\/wp-json\/wp\/v2\/posts\/39207\/revisions"}],"wp:featuredmedia":[{"embeddable":true,"href":"https:\/\/mussicom.com\/noticias\/wp-json\/wp\/v2\/media\/37356"}],"wp:attachment":[{"href":"https:\/\/mussicom.com\/noticias\/wp-json\/wp\/v2\/media?parent=39207"}],"wp:term":[{"taxonomy":"category","embeddable":true,"href":"https:\/\/mussicom.com\/noticias\/wp-json\/wp\/v2\/categories?post=39207"},{"taxonomy":"post_tag","embeddable":true,"href":"https:\/\/mussicom.com\/noticias\/wp-json\/wp\/v2\/tags?post=39207"}],"curies":[{"name":"wp","href":"https:\/\/api.w.org\/{rel}","templated":true}]}}