{"id":39179,"date":"2025-08-22T22:25:05","date_gmt":"2025-08-23T01:25:05","guid":{"rendered":"https:\/\/mussicom.com\/rob-halford-descreve-reacao-ao-saber-da-morte-de-ozzy-osbourne\/"},"modified":"2025-08-22T22:25:05","modified_gmt":"2025-08-23T01:25:05","slug":"rob-halford-descreve-reacao-ao-saber-da-morte-de-ozzy-osbourne","status":"publish","type":"post","link":"https:\/\/mussicom.com\/noticias\/rob-halford-descreve-reacao-ao-saber-da-morte-de-ozzy-osbourne\/","title":{"rendered":"Rob Halford descreve rea\u00e7\u00e3o ao saber da morte de Ozzy Osbourne"},"content":{"rendered":"<p> <br \/>\n<\/p>\n<div>\n<p><strong>Rob Halford<\/strong> disse ter ficado abalado com a morte de <strong>Ozzy Osbourne<\/strong> no m\u00eas passado. O vocalista do <strong>Judas Priest<\/strong> admitiu: \u201csimplesmente me encolhi como uma bola e chorei copiosamente por horas\u201d ap\u00f3s receber a not\u00edcia devastadora.<\/p>\n<p>\u201cEu simplesmente n\u00e3o conseguia acreditar\u201d, disse Halford em uma entrevista ao programa Talkin&#8217; Rock with Meltdown, da r\u00e1dio WRIF de Detroit. \u201cAinda n\u00e3o consigo acreditar. Ainda estou de luto, como muitas pessoas.\u201d<\/p>\n<p>Osbourne morreu de ataque card\u00edaco aos 76 anos em 22 de julho. F\u00e3s lotaram as ruas de Birmingham, cidade natal do cantor do <strong>Black Sabbath<\/strong>, para seu funeral em 30 de julho, gritando seu nome e tocando as m\u00fasicas da banda de heavy metal.<\/p>\n<figure class=\"image\"><figcaption>Ozzy Osbourne em 2024 &#8211; Foto: Dia Dipasupil \/ Getty Images for The Rock and Roll Hall of Fame<\/figcaption><\/figure>\n<p>Halford disse que, no dia seguinte \u00e0 morte de Osbourne, o Judas Priest tinha um show marcado. Querendo homenagear o \u00edcone que tinha uma \u201cpersonalidade extraordin\u00e1ria\u201d, Halford disse que tocaram <strong>\u201cGiants in the Sky\u201d<\/strong>, do \u00e1lbum <em><strong>Invincible Shield<\/strong><\/em>.<\/p>\n<blockquote class=\"citacao\"><p><em>\u201cEssa m\u00fasica fala sobre pessoas que amamos na m\u00fasica e que se mudaram para este lugar lindo. E ent\u00e3o, para aquele show, adicionamos o Ozzy no final.\u201d<\/em><\/p><\/blockquote>\n<figure class=\"image\"><img loading=\"lazy\" decoding=\"async\" alt=\"Rob Halford e Ozzy Osbourne em 2010\" height=\"435\" loading=\"lazy\" src=\"https:\/\/rollingstone.uol.com.br\/media\/uploads\/2025\/08\/rob-halford-ozzy-osbourne-2010-foto-paul-archuleta-filmmagic.jpg\" width=\"773\"\/><figcaption>Rob Halford e Ozzy Osbourne em 2010 &#8211; Foto: Paul Archuleta \/ FilmMagic<\/figcaption><\/figure>\n<p>Incapaz de comparecer ao show de despedida de Osbourne no in\u00edcio de julho, Halford disse que n\u00e3o conseguia se lembrar exatamente da \u00faltima conversa que teve com o roqueiro. Ele afirmou:<\/p>\n<blockquote class=\"citacao\"><p><em>\u201cCostum\u00e1vamos trocar mensagens de vez em quando. Faz um tempo que n\u00e3o nos falamos. Mas, novamente, eu s\u00f3 tenho as lembran\u00e7as maravilhosas das duas oportunidades que tive de cantar para ele com o Sabbath. E ent\u00e3o esta oportunidade recente de fazer um cover de <strong>\u2018War Pigs\u2019<\/strong>, que ainda tocamos no in\u00edcio do nosso show, que \u00e9 uma das melhores m\u00fasicas de metal j\u00e1 criadas. Ent\u00e3o, essa conex\u00e3o nunca ser\u00e1 cortada nesse sentido.\u201d<\/em><\/p><\/blockquote>\n<h3>A morte de Ozzy Osbourne<\/h3>\n<p>A causa da morte de Osbourne foi revelada no in\u00edcio deste m\u00eas. Um atestado de \u00f3bito confirmou que ele morreu de ataque card\u00edaco &#8220;fora do hospital&#8221; e listou &#8220;doen\u00e7a arterial coronariana e doen\u00e7a de Parkinson&#8221; como causas conjuntas.<\/p>\n<p>Na segunda-feira, um document\u00e1rio da BBC sobre Osbourne em seus \u00faltimos anos foi cancelado horas antes de sua estreia. Um porta-voz da BBC disse \u00e0 Rolling Stone: \u201cO filme foi alterado na programa\u00e7\u00e3o e confirmaremos novos detalhes de transmiss\u00e3o em breve\u201d.<\/p>\n<p><strong>+++ LEIA MAIS: A fragilidade de Ozzy antes de show final, detalhada por Geezer Butler<\/strong><br \/><strong>+++ LEIA MAIS: As 3 bandas gigantescas do rock que Ozzy quis reunir em turn\u00ea<br \/>+++ LEIA MAIS: A linda homenagem a Ozzy Osbourne feita por seu time do cora\u00e7\u00e3o<br \/>+++ Siga a Rolling Stone Brasil @rollingstonebrasil no Instagram<br \/>+++ Siga o jornalista Igor Miranda @igormirandasite no Instagram<br \/><\/strong><\/p>\n<\/div>\n<p><script async src=\"\/\/www.instagram.com\/embed.js\"><\/script><br \/>\n<br \/><br \/>\n<br \/>Fonte: <a href=\"https:\/\/rollingstone.com.br\/musica\/rob-halford-descreve-reacao-ao-saber-da-morte-de-ozzy-osbourne\/\">rollingstone.com.br<\/a><\/p>\n","protected":false},"excerpt":{"rendered":"<p>Rob Halford disse ter ficado abalado com a morte de Ozzy Osbourne no m\u00eas passado. O vocalista do Judas Priest admitiu: \u201csimplesmente me encolhi como uma bola e chorei copiosamente por horas\u201d ap\u00f3s receber a not\u00edcia devastadora. \u201cEu simplesmente n\u00e3o conseguia acreditar\u201d, disse Halford em uma entrevista ao programa Talkin&#8217; Rock with Meltdown, da r\u00e1dio [&hellip;]<\/p>\n","protected":false},"author":5,"featured_media":39180,"comment_status":"open","ping_status":"open","sticky":false,"template":"","format":"standard","meta":{"_seopress_robots_primary_cat":"","_seopress_titles_title":"","_seopress_titles_desc":"","_seopress_robots_index":"","footnotes":""},"categories":[51],"tags":[],"class_list":["post-39179","post","type-post","status-publish","format-standard","has-post-thumbnail","hentry","category-musica"],"_links":{"self":[{"href":"https:\/\/mussicom.com\/noticias\/wp-json\/wp\/v2\/posts\/39179","targetHints":{"allow":["GET"]}}],"collection":[{"href":"https:\/\/mussicom.com\/noticias\/wp-json\/wp\/v2\/posts"}],"about":[{"href":"https:\/\/mussicom.com\/noticias\/wp-json\/wp\/v2\/types\/post"}],"author":[{"embeddable":true,"href":"https:\/\/mussicom.com\/noticias\/wp-json\/wp\/v2\/users\/5"}],"replies":[{"embeddable":true,"href":"https:\/\/mussicom.com\/noticias\/wp-json\/wp\/v2\/comments?post=39179"}],"version-history":[{"count":0,"href":"https:\/\/mussicom.com\/noticias\/wp-json\/wp\/v2\/posts\/39179\/revisions"}],"wp:featuredmedia":[{"embeddable":true,"href":"https:\/\/mussicom.com\/noticias\/wp-json\/wp\/v2\/media\/39180"}],"wp:attachment":[{"href":"https:\/\/mussicom.com\/noticias\/wp-json\/wp\/v2\/media?parent=39179"}],"wp:term":[{"taxonomy":"category","embeddable":true,"href":"https:\/\/mussicom.com\/noticias\/wp-json\/wp\/v2\/categories?post=39179"},{"taxonomy":"post_tag","embeddable":true,"href":"https:\/\/mussicom.com\/noticias\/wp-json\/wp\/v2\/tags?post=39179"}],"curies":[{"name":"wp","href":"https:\/\/api.w.org\/{rel}","templated":true}]}}