{"id":39140,"date":"2025-08-22T19:09:08","date_gmt":"2025-08-22T22:09:08","guid":{"rendered":"https:\/\/mussicom.com\/trump-da-prazo-de-duas-semanas-para-putin-negociar\/"},"modified":"2025-08-22T19:09:08","modified_gmt":"2025-08-22T22:09:08","slug":"trump-da-prazo-de-duas-semanas-para-putin-negociar","status":"publish","type":"post","link":"https:\/\/mussicom.com\/noticias\/trump-da-prazo-de-duas-semanas-para-putin-negociar\/","title":{"rendered":"Trump d\u00e1 prazo de duas semanas para Putin negociar"},"content":{"rendered":"<p> <br \/>\n<\/p>\n<div>\n<p class=\"postParagraph_post-paragraph__juWZN\">O presidente dos Estados Unidos, Donald Trump, deu nesta sexta-feira (22) um novo prazo, de duas semanas, para que o ditador da R\u00fassia, Vladimir Putin, negocie com o mandat\u00e1rio da Ucr\u00e2nia, Volodymyr Zelensky, o fim da guerra entre os dois pa\u00edses.<\/p>\n<p class=\"postParagraph_post-paragraph__juWZN\">De acordo com informa\u00e7\u00f5es da emissora CNN e do jornal The Hill, Trump estabeleceu o novo prazo numa conversa com jornalistas quando recebia o presidente da Fifa, Gianni Infantino, no Sal\u00e3o Oval da Casa Branca.<\/p>\n<p class=\"postParagraph_post-paragraph__juWZN\">O presidente americano retirou de uma gaveta uma foto da recep\u00e7\u00e3o dele a Putin no Alasca, na sexta-feira passada (15), e disse que o ditador russo lhe enviou a imagem.<\/p>\n<p class=\"postParagraph_post-paragraph__juWZN\">\u201cAcabei de receber uma foto de algu\u00e9m que quer muito estar aqui [na Casa Branca]. Ele tem sido muito respeitoso comigo e com o nosso pa\u00eds, mas n\u00e3o tanto com os outros. Vou autografar esta foto para ele. Mas recebi uma foto, e pensei que todos voc\u00eas gostariam de ver. \u00c9 de um homem chamado Vladimir Putin\u201d, disse Trump.<\/p>\n<p class=\"postParagraph_post-paragraph__juWZN\">\u201cQue eu acredito que vir\u00e1 [\u00e0 Casa Branca], dependendo do que acontecer. Ele pode vir ou n\u00e3o, dependendo do que acontecer. Muitas coisas v\u00e3o acontecer nas pr\u00f3ximas duas semanas. Mas achei que era uma bela foto dele. Ok, de mim, mas foi gentil da parte dele [mandar a foto]. Ent\u00e3o foi muito legal que ela tenha sido enviada para mim, ok\u201d, afirmou o presidente americano.<\/p>\n<p class=\"postParagraph_post-paragraph__juWZN\">Trump foi perguntado por uma rep\u00f3rter da CNN se far\u00e1 algo caso Putin n\u00e3o negocie o fim da guerra. \u201cVeremos. Verei de quem \u00e9 a culpa\u201d, respondeu o republicano.<\/p>\n<p class=\"postParagraph_post-paragraph__juWZN\">\u201cSe houver motivos [para n\u00e3o haver paz], eu entenderei. Sei exatamente o que estou fazendo. Vamos ver se eles [Putin e Zelensky] ter\u00e3o ou n\u00e3o uma reuni\u00e3o, ser\u00e1 interessante ver, e se n\u00e3o fizerem, por que n\u00e3o fizeram uma reuni\u00e3o? Porque eu disse a eles para fazerem uma reuni\u00e3o\u201d, disse Trump. \u201cMas saberei em duas semanas o que vou fazer.\u201d<\/p>\n<p class=\"postParagraph_post-paragraph__juWZN\">Em julho, Trump reduziu de 50 para dez dias um prazo para que Moscou chegasse a um acordo de cessar-fogo com a Ucr\u00e2nia. Caso contr\u00e1rio, uma tarifa de 100% na importa\u00e7\u00e3o de produtos russos e uma secund\u00e1ria no mesmo patamar a pa\u00edses que compram da R\u00fassia seriam aplicadas.<\/p>\n<p class=\"postParagraph_post-paragraph__juWZN\">Em 8 de agosto, dia em que o prazo dado por Trump acabaria, o presidente americano anunciou que se encontraria com Putin no Alasca no dia 15.<\/p>\n<p class=\"postParagraph_post-paragraph__juWZN\">Os dois l\u00edderes conversaram por duas horas e meia e depois disseram \u00e0 imprensa que o encontro foi \u201cprodutivo\u201d, mas n\u00e3o anunciaram um cessar-fogo.<\/p>\n<p class=\"postParagraph_post-paragraph-innerHtml__Q5vwc\">Tr\u00eas dias depois, ap\u00f3s reuni\u00e3o na Casa Branca com Zelensky e l\u00edderes europeus e da Otan na qual foram debatidas garantias de seguran\u00e7a futuras para a Ucr\u00e2nia, Trump anunciou que marcaria um encontro entre o presidente ucraniano e Putin. Entretanto, o Kremlin tem manifestado obje\u00e7\u00f5es \u00e0 ideia.<\/p>\n<p class=\"postParagraph_post-paragraph__juWZN\">Nesta sexta-feira, Trump manifestou frustra\u00e7\u00e3o com a dificuldade para reunir Putin e Zelensky. \u201cSabe, \u00e9 como azeite e vinagre [express\u00e3o que no Brasil poderia ser traduzida para \u00e1gua e \u00f3leo], um pouco. Eles n\u00e3o se d\u00e3o muito bem, por raz\u00f5es \u00f3bvias\u201d, disse o presidente americano.<\/p>\n<\/div>\n<p><br \/>\n<br \/>Fonte: <a href=\"https:\/\/www.gazetadopovo.com.br\/mundo\/trump-da-prazo-de-duas-semanas-para-putin-negociar-paz-na-ucrania\/\">Revista Oeste<\/a><\/p>\n","protected":false},"excerpt":{"rendered":"<p>O presidente dos Estados Unidos, Donald Trump, deu nesta sexta-feira (22) um novo prazo, de duas semanas, para que o ditador da R\u00fassia, Vladimir Putin, negocie com o mandat\u00e1rio da Ucr\u00e2nia, Volodymyr Zelensky, o fim da guerra entre os dois pa\u00edses. De acordo com informa\u00e7\u00f5es da emissora CNN e do jornal The Hill, Trump estabeleceu [&hellip;]<\/p>\n","protected":false},"author":5,"featured_media":39141,"comment_status":"open","ping_status":"open","sticky":false,"template":"","format":"standard","meta":{"_seopress_robots_primary_cat":"","_seopress_titles_title":"","_seopress_titles_desc":"","_seopress_robots_index":"","footnotes":""},"categories":[48],"tags":[],"class_list":["post-39140","post","type-post","status-publish","format-standard","has-post-thumbnail","hentry","category-internacional"],"_links":{"self":[{"href":"https:\/\/mussicom.com\/noticias\/wp-json\/wp\/v2\/posts\/39140","targetHints":{"allow":["GET"]}}],"collection":[{"href":"https:\/\/mussicom.com\/noticias\/wp-json\/wp\/v2\/posts"}],"about":[{"href":"https:\/\/mussicom.com\/noticias\/wp-json\/wp\/v2\/types\/post"}],"author":[{"embeddable":true,"href":"https:\/\/mussicom.com\/noticias\/wp-json\/wp\/v2\/users\/5"}],"replies":[{"embeddable":true,"href":"https:\/\/mussicom.com\/noticias\/wp-json\/wp\/v2\/comments?post=39140"}],"version-history":[{"count":0,"href":"https:\/\/mussicom.com\/noticias\/wp-json\/wp\/v2\/posts\/39140\/revisions"}],"wp:featuredmedia":[{"embeddable":true,"href":"https:\/\/mussicom.com\/noticias\/wp-json\/wp\/v2\/media\/39141"}],"wp:attachment":[{"href":"https:\/\/mussicom.com\/noticias\/wp-json\/wp\/v2\/media?parent=39140"}],"wp:term":[{"taxonomy":"category","embeddable":true,"href":"https:\/\/mussicom.com\/noticias\/wp-json\/wp\/v2\/categories?post=39140"},{"taxonomy":"post_tag","embeddable":true,"href":"https:\/\/mussicom.com\/noticias\/wp-json\/wp\/v2\/tags?post=39140"}],"curies":[{"name":"wp","href":"https:\/\/api.w.org\/{rel}","templated":true}]}}