{"id":39137,"date":"2025-08-22T19:01:48","date_gmt":"2025-08-22T22:01:48","guid":{"rendered":"https:\/\/mussicom.com\/produtores-reforcam-controle-de-doencas-na-cevada\/"},"modified":"2025-08-22T19:01:48","modified_gmt":"2025-08-22T22:01:48","slug":"produtores-reforcam-controle-de-doencas-na-cevada","status":"publish","type":"post","link":"https:\/\/mussicom.com\/noticias\/produtores-reforcam-controle-de-doencas-na-cevada\/","title":{"rendered":"Produtores refor\u00e7am controle de doen\u00e7as na cevada"},"content":{"rendered":"<p> <br \/>\n<\/p>\n<div>\n<div class=\"row\">\n<div class=\"col-lg col-infos mt-0 mt-lg-0\">\n<div class=\"section-sub-title\">\n<p itemprop=\"description\">&#13;<br \/>\n                                Clima favorece desenvolvimento da cevada no RS&#13;\n                            <\/p>\n<\/p><\/div>\n<div class=\"container\">\n<div class=\"row\">\n<div class=\"col-lg p-0\">\n<div>\n<div class=\"block-news-main-infos mt-3 text-start\">\n<p>                                            <strong class=\"fn\" itemprop=\"author\" style=\"color: rgb(112, 112, 112); \">&#13;<br \/>\n                                                Agrolink&#13;<br \/>\n&#13;<br \/>\n                                                    &#8211; Seane Lennon&#13;<br \/>\n&#13;<br \/>\n                                            <\/strong><br \/>\n                                        <\/p>\n<p>                                            <abbr><time datetime=\"2025-08-22T18:16\" itemprop=\"datePublished dateModified\">Publicado em 22\/08\/2025 \u00e0s 18:16h.<\/time><\/abbr><br \/>\n                                            <\/p><\/div>\n<\/p><\/div>\n<\/p><\/div>\n<div class=\"col-lg p-0 text-lg-end\">\n<div>\n<div id=\"mdEnviarPagina\" class=\"modal fade\" role=\"dialog\">\n<div class=\"modal-dialog\">\n<div class=\"modal-content\">\n<div class=\"modal-body\">\n<p><strong>Estimado usu\u00e1rio.<\/strong><br \/>Preencha o formul\u00e1rio abaixo para remeter a p\u00e1gina.<\/p>\n<\/p><\/div>\n<\/p><\/div>\n<\/p><\/div>\n<\/div><\/div>\n<\/p><\/div>\n<\/p><\/div>\n<\/p><\/div>\n<\/p><\/div>\n<\/p><\/div>\n<div class=\"row justify-content-md-center mt-3\">\n<div class=\"col-lg-auto col-image block-news-main-image\">\n<p>                                <br \/>\n                                                <span class=\"publicity-photo d-block mt-1\">Foto: Canva<\/span><\/p><\/div>\n<\/p><\/div>\n<div class=\"section-description section-description-noticias mt-3\">\n<p style=\"text-align:justify\">O Informativo Conjuntural da Emater\/RS-Ascar, divulgado nesta quinta-feira (21), apontou avan\u00e7o no desenvolvimento da cevada no Rio Grande do Sul, impulsionado pelas condi\u00e7\u00f5es clim\u00e1ticas recentes, como temperaturas amenas, boa disponibilidade h\u00eddrica e radia\u00e7\u00e3o solar adequada. De acordo com o boletim, esses fatores t\u00eam favorecido a uniformiza\u00e7\u00e3o dos estandes, a colora\u00e7\u00e3o das plantas e o equil\u00edbrio no crescimento das lavouras, o que sustenta o potencial produtivo.&#13;\n<\/p>\n<p style=\"text-align:justify\">Na regi\u00e3o administrativa de Erechim, as lavouras encontram-se em est\u00e1gios vegetativos e apresentam bom estado fitossanit\u00e1rio. Os agricultores intensificam aplica\u00e7\u00f5es preventivas de fungicidas para conter manchas foliares, que podem comprometer a qualidade industrial do gr\u00e3o. J\u00e1 em Iju\u00ed, as lavouras seguem em desenvolvimento com elevado potencial produtivo. \u201cObserva-se redu\u00e7\u00e3o significativa na incid\u00eancia de doen\u00e7as foliares, resultado tanto do clima favor\u00e1vel quanto das aplica\u00e7\u00f5es de fungicidas realizadas no momento oportuno\u201d, destacou o informativo.&#13;\n<\/p>\n<p style=\"text-align:justify\">Na comercializa\u00e7\u00e3o, o pre\u00e7o m\u00e9dio da saca de 60 quilos destinada \u00e0 ind\u00fastria de malte foi de R$ 85,00 na regi\u00e3o de Erechim.<\/p>\n<\/p><\/div>\n<\/p><\/div>\n<p><script data-cfasync=\"false\">\n    !function (f, b, e, v, n, t, s) {\n        if (f.fbq) return; n = f.fbq = function () {\n            n.callMethod ?\n                n.callMethod.apply(n, arguments) : n.queue.push(arguments)\n        };\n        if (!f._fbq) f._fbq = n; n.push = n; n.loaded = !0; n.version = '2.0';\n        n.queue = []; t = b.createElement(e); t.async = !0;\n        t.src = v; s = b.getElementsByTagName(e)[0];\n        s.parentNode.insertBefore(t, s)\n    }(window, document, 'script',\n        'https:\/\/connect.facebook.net\/en_US\/fbevents.js');\n    fbq('init', '522546078623747');\n    fbq('track', 'PageView');\n<\/script><br \/>\n<br \/><br \/>\n<br \/>Fonte: <a href=\"https:\/\/www.agrolink.com.br\/noticias\/produtores-reforcam-controle-de-doencas-na-cevada_505225.html\">AGROLINK<\/a><\/p>\n","protected":false},"excerpt":{"rendered":"<p>&#13; Clima favorece desenvolvimento da cevada no RS&#13; &#13; Agrolink&#13; &#13; &#8211; Seane Lennon&#13; &#13; Publicado em 22\/08\/2025 \u00e0s 18:16h. Estimado usu\u00e1rio.Preencha o formul\u00e1rio abaixo para remeter a p\u00e1gina. Foto: Canva O Informativo Conjuntural da Emater\/RS-Ascar, divulgado nesta quinta-feira (21), apontou avan\u00e7o no desenvolvimento da cevada no Rio Grande do Sul, impulsionado pelas condi\u00e7\u00f5es clim\u00e1ticas [&hellip;]<\/p>\n","protected":false},"author":5,"featured_media":32086,"comment_status":"open","ping_status":"open","sticky":false,"template":"","format":"standard","meta":{"_seopress_robots_primary_cat":"","_seopress_titles_title":"","_seopress_titles_desc":"","_seopress_robots_index":"","footnotes":""},"categories":[53],"tags":[],"class_list":["post-39137","post","type-post","status-publish","format-standard","has-post-thumbnail","hentry","category-agronegocio"],"_links":{"self":[{"href":"https:\/\/mussicom.com\/noticias\/wp-json\/wp\/v2\/posts\/39137","targetHints":{"allow":["GET"]}}],"collection":[{"href":"https:\/\/mussicom.com\/noticias\/wp-json\/wp\/v2\/posts"}],"about":[{"href":"https:\/\/mussicom.com\/noticias\/wp-json\/wp\/v2\/types\/post"}],"author":[{"embeddable":true,"href":"https:\/\/mussicom.com\/noticias\/wp-json\/wp\/v2\/users\/5"}],"replies":[{"embeddable":true,"href":"https:\/\/mussicom.com\/noticias\/wp-json\/wp\/v2\/comments?post=39137"}],"version-history":[{"count":0,"href":"https:\/\/mussicom.com\/noticias\/wp-json\/wp\/v2\/posts\/39137\/revisions"}],"wp:featuredmedia":[{"embeddable":true,"href":"https:\/\/mussicom.com\/noticias\/wp-json\/wp\/v2\/media\/32086"}],"wp:attachment":[{"href":"https:\/\/mussicom.com\/noticias\/wp-json\/wp\/v2\/media?parent=39137"}],"wp:term":[{"taxonomy":"category","embeddable":true,"href":"https:\/\/mussicom.com\/noticias\/wp-json\/wp\/v2\/categories?post=39137"},{"taxonomy":"post_tag","embeddable":true,"href":"https:\/\/mussicom.com\/noticias\/wp-json\/wp\/v2\/tags?post=39137"}],"curies":[{"name":"wp","href":"https:\/\/api.w.org\/{rel}","templated":true}]}}