{"id":39122,"date":"2025-08-22T17:59:08","date_gmt":"2025-08-22T20:59:08","guid":{"rendered":"https:\/\/mussicom.com\/boi-gordo-fecha-semana-em-alta\/"},"modified":"2025-08-22T17:59:08","modified_gmt":"2025-08-22T20:59:08","slug":"boi-gordo-fecha-semana-em-alta","status":"publish","type":"post","link":"https:\/\/mussicom.com\/noticias\/boi-gordo-fecha-semana-em-alta\/","title":{"rendered":"Boi gordo fecha semana em alta"},"content":{"rendered":"<p> <br \/>\n<\/p>\n<div>\n<div class=\"row\">\n<div class=\"col-lg col-infos mt-0 mt-lg-0\">\n<div class=\"section-sub-title\">\n<p itemprop=\"description\">&#13;<br \/>\n                                Mercado do boi reage ap\u00f3s semana de estabilidade&#13;\n                            <\/p>\n<\/p><\/div>\n<div class=\"container\">\n<div class=\"row\">\n<div class=\"col-lg p-0\">\n<div>\n<div class=\"block-news-main-infos mt-3 text-start\">\n<p>                                            <strong class=\"fn\" itemprop=\"author\" style=\"color: rgb(112, 112, 112); \">&#13;<br \/>\n                                                Agrolink&#13;<br \/>\n&#13;<br \/>\n                                                    &#8211; Seane Lennon&#13;<br \/>\n&#13;<br \/>\n                                            <\/strong><br \/>\n                                        <\/p>\n<p>                                            <abbr><time datetime=\"2025-08-22T16:59\" itemprop=\"datePublished dateModified\">Publicado em 22\/08\/2025 \u00e0s 16:59h.<\/time><\/abbr><br \/>\n                                            <\/p><\/div>\n<\/p><\/div>\n<\/p><\/div>\n<div class=\"col-lg p-0 text-lg-end\">\n<div>\n<div id=\"mdEnviarPagina\" class=\"modal fade\" role=\"dialog\">\n<div class=\"modal-dialog\">\n<div class=\"modal-content\">\n<div class=\"modal-body\">\n<p><strong>Estimado usu\u00e1rio.<\/strong><br \/>Preencha o formul\u00e1rio abaixo para remeter a p\u00e1gina.<\/p>\n<\/p><\/div>\n<\/p><\/div>\n<\/p><\/div>\n<\/div><\/div>\n<\/p><\/div>\n<\/p><\/div>\n<\/p><\/div>\n<\/p><\/div>\n<\/p><\/div>\n<div class=\"row justify-content-md-center mt-3\">\n<div class=\"col-lg-auto col-image block-news-main-image\">\n<p>                                <br \/>\n                                                <span class=\"publicity-photo d-block mt-1\">Foto: Kadijah Suleiman<\/span><\/p><\/div>\n<\/p><\/div>\n<div class=\"section-description section-description-noticias mt-3\">\n<p style=\"text-align:justify\">O mercado do boi gordo encerrou a semana em alta, segundo an\u00e1lise publicada nesta sexta-feira (22) no informativo Tem Boi na Linha, da Scot Consultoria. Ap\u00f3s sete dias \u00fateis de estabilidade em S\u00e3o Paulo, as cota\u00e7\u00f5es registraram avan\u00e7o tanto para o boi gordo quanto para a vaca gorda.&#13;\n<\/p>\n<p style=\"text-align:justify\">O levantamento aponta que a arroba do boi gordo subiu R$ 2,00, enquanto a da vaca avan\u00e7ou R$ 3,00. \u201cO cen\u00e1rio seguiu dividido em dois movimentos distintos. De um lado, as ind\u00fastrias frigor\u00edficas que n\u00e3o conseguiram alongar suas escalas sentiram a retra\u00e7\u00e3o dos pecuaristas, que reduziram as ofertas de bovinos terminados na expectativa de negociar em patamares mais elevados. De outro, os frigor\u00edficos que j\u00e1 garantiram escalas mais confort\u00e1veis optaram por se retirar das compras ou mantiveram firmeza nos pre\u00e7os ofertados\u201d, descreveu a an\u00e1lise.&#13;\n<\/p>\n<p style=\"text-align:justify\">Nas demais categorias, os pre\u00e7os permaneceram est\u00e1veis em rela\u00e7\u00e3o ao dia anterior.<\/p>\n<p style=\"text-align:justify\">Em Tocantins, o comportamento foi distinto entre regi\u00f5es. No Sul, todas as categorias completaram uma semana sem altera\u00e7\u00f5es. No Norte, a menor oferta de novilhas elevou as pedidas em R$ 5,00\/@, enquanto os demais pre\u00e7os seguiram inalterados.<\/p>\n<p style=\"text-align:justify\">Em Santa Catarina, a cota\u00e7\u00e3o da arroba do boi gordo manteve-se est\u00e1vel por sete dias \u00fateis consecutivos, e o valor das f\u00eameas n\u00e3o apresentou varia\u00e7\u00f5es nos \u00faltimos tr\u00eas dias. J\u00e1 no Rio de Janeiro, todas as categorias permaneceram sem mudan\u00e7as na compara\u00e7\u00e3o di\u00e1ria.&#13;\n<\/p>\n<\/p><\/div>\n<\/p><\/div>\n<p><script data-cfasync=\"false\">\n    !function (f, b, e, v, n, t, s) {\n        if (f.fbq) return; n = f.fbq = function () {\n            n.callMethod ?\n                n.callMethod.apply(n, arguments) : n.queue.push(arguments)\n        };\n        if (!f._fbq) f._fbq = n; n.push = n; n.loaded = !0; n.version = '2.0';\n        n.queue = []; t = b.createElement(e); t.async = !0;\n        t.src = v; s = b.getElementsByTagName(e)[0];\n        s.parentNode.insertBefore(t, s)\n    }(window, document, 'script',\n        'https:\/\/connect.facebook.net\/en_US\/fbevents.js');\n    fbq('init', '522546078623747');\n    fbq('track', 'PageView');\n<\/script><br \/>\n<br \/><br \/>\n<br \/>Fonte: <a href=\"https:\/\/www.agrolink.com.br\/noticias\/boi-gordo-fecha-semana-em-alta_505223.html\">AGROLINK<\/a><\/p>\n","protected":false},"excerpt":{"rendered":"<p>&#13; Mercado do boi reage ap\u00f3s semana de estabilidade&#13; &#13; Agrolink&#13; &#13; &#8211; Seane Lennon&#13; &#13; Publicado em 22\/08\/2025 \u00e0s 16:59h. Estimado usu\u00e1rio.Preencha o formul\u00e1rio abaixo para remeter a p\u00e1gina. Foto: Kadijah Suleiman O mercado do boi gordo encerrou a semana em alta, segundo an\u00e1lise publicada nesta sexta-feira (22) no informativo Tem Boi na Linha, [&hellip;]<\/p>\n","protected":false},"author":5,"featured_media":30455,"comment_status":"open","ping_status":"open","sticky":false,"template":"","format":"standard","meta":{"_seopress_robots_primary_cat":"","_seopress_titles_title":"","_seopress_titles_desc":"","_seopress_robots_index":"","footnotes":""},"categories":[53],"tags":[],"class_list":["post-39122","post","type-post","status-publish","format-standard","has-post-thumbnail","hentry","category-agronegocio"],"_links":{"self":[{"href":"https:\/\/mussicom.com\/noticias\/wp-json\/wp\/v2\/posts\/39122","targetHints":{"allow":["GET"]}}],"collection":[{"href":"https:\/\/mussicom.com\/noticias\/wp-json\/wp\/v2\/posts"}],"about":[{"href":"https:\/\/mussicom.com\/noticias\/wp-json\/wp\/v2\/types\/post"}],"author":[{"embeddable":true,"href":"https:\/\/mussicom.com\/noticias\/wp-json\/wp\/v2\/users\/5"}],"replies":[{"embeddable":true,"href":"https:\/\/mussicom.com\/noticias\/wp-json\/wp\/v2\/comments?post=39122"}],"version-history":[{"count":0,"href":"https:\/\/mussicom.com\/noticias\/wp-json\/wp\/v2\/posts\/39122\/revisions"}],"wp:featuredmedia":[{"embeddable":true,"href":"https:\/\/mussicom.com\/noticias\/wp-json\/wp\/v2\/media\/30455"}],"wp:attachment":[{"href":"https:\/\/mussicom.com\/noticias\/wp-json\/wp\/v2\/media?parent=39122"}],"wp:term":[{"taxonomy":"category","embeddable":true,"href":"https:\/\/mussicom.com\/noticias\/wp-json\/wp\/v2\/categories?post=39122"},{"taxonomy":"post_tag","embeddable":true,"href":"https:\/\/mussicom.com\/noticias\/wp-json\/wp\/v2\/tags?post=39122"}],"curies":[{"name":"wp","href":"https:\/\/api.w.org\/{rel}","templated":true}]}}