{"id":39074,"date":"2025-08-22T14:04:07","date_gmt":"2025-08-22T17:04:07","guid":{"rendered":"https:\/\/mussicom.com\/zelensky-diz-que-so-trump-pode-parar-putin\/"},"modified":"2025-08-22T14:04:07","modified_gmt":"2025-08-22T17:04:07","slug":"zelensky-diz-que-so-trump-pode-parar-putin","status":"publish","type":"post","link":"https:\/\/mussicom.com\/noticias\/zelensky-diz-que-so-trump-pode-parar-putin\/","title":{"rendered":"Zelensky diz que s\u00f3 Trump pode parar Putin"},"content":{"rendered":"<p> <br \/>\n<\/p>\n<div>\n<p class=\"postParagraph_post-paragraph__juWZN\">Somente o presidente dos Estados Unidos, Donald Trump, pode conter o ditador russo Vladimir Putin. A declara\u00e7\u00e3o foi feita nesta sexta-feira (22) pelo presidente da Ucr\u00e2nia, Volodymyr Zelensky, durante coletiva de imprensa em Kiev ao lado do secret\u00e1rio-geral da Otan, Mark Rutte. O l\u00edder ucraniano tamb\u00e9m reiterou que est\u00e1 pronto para se reunir com o Kremlin, seja em um encontro trilateral mediado por Washington ou at\u00e9 mesmo em uma reuni\u00e3o bilateral com Putin.<\/p>\n<p class=\"postParagraph_post-paragraph__juWZN\">\u201cN\u00e3o temos nenhum acordo com a R\u00fassia. Conversamos apenas com Trump. Ele \u00e9 a \u00fanica pessoa capaz de parar Putin, na minha opini\u00e3o\u201d, afirmou Zelensky ao ser questionado sobre os preparativos para uma poss\u00edvel negocia\u00e7\u00e3o direta com Moscou.<\/p>\n<p class=\"postParagraph_post-paragraph__juWZN\">O presidente destacou que sua aposta \u00e9 em um entendimento diplom\u00e1tico por meio dos Estados Unidos, n\u00e3o diretamente com Moscou. Ele disse que prefere um encontro trilateral, mas que n\u00e3o descarta negociar frente a frente com o ditador russo.<\/p>\n<p class=\"postParagraph_post-paragraph__juWZN\">\u201cEstamos dispostos. Falemos sobre a data, falemos sobre o lugar\u201d, declarou, acusando a R\u00fassia de agir para impedir qualquer avan\u00e7o nesse sentido.<\/p>\n<p class=\"postParagraph_post-paragraph__juWZN\">Segundo Zelensky, \u00e9 preciso pressionar o Kremlin a aceitar a via diplom\u00e1tica. \u201c\u00c9 preciso for\u00e7\u00e1-los \u00e0 diplomacia, s\u00e3o necess\u00e1rias san\u00e7\u00f5es fortes se n\u00e3o houver uma resolu\u00e7\u00e3o diplom\u00e1tica para o conflito\u201d, completou.<\/p>\n<\/div>\n<p><br \/>\n<br \/>Fonte: <a href=\"https:\/\/www.gazetadopovo.com.br\/mundo\/zelensky-diz-que-so-trump-pode-parar-putin-e-reitera-disposicao-da-ucrania-para-negociar\/\">Revista Oeste<\/a><\/p>\n","protected":false},"excerpt":{"rendered":"<p>Somente o presidente dos Estados Unidos, Donald Trump, pode conter o ditador russo Vladimir Putin. A declara\u00e7\u00e3o foi feita nesta sexta-feira (22) pelo presidente da Ucr\u00e2nia, Volodymyr Zelensky, durante coletiva de imprensa em Kiev ao lado do secret\u00e1rio-geral da Otan, Mark Rutte. O l\u00edder ucraniano tamb\u00e9m reiterou que est\u00e1 pronto para se reunir com o [&hellip;]<\/p>\n","protected":false},"author":5,"featured_media":39075,"comment_status":"open","ping_status":"open","sticky":false,"template":"","format":"standard","meta":{"_seopress_robots_primary_cat":"","_seopress_titles_title":"","_seopress_titles_desc":"","_seopress_robots_index":"","footnotes":""},"categories":[48],"tags":[],"class_list":["post-39074","post","type-post","status-publish","format-standard","has-post-thumbnail","hentry","category-internacional"],"_links":{"self":[{"href":"https:\/\/mussicom.com\/noticias\/wp-json\/wp\/v2\/posts\/39074","targetHints":{"allow":["GET"]}}],"collection":[{"href":"https:\/\/mussicom.com\/noticias\/wp-json\/wp\/v2\/posts"}],"about":[{"href":"https:\/\/mussicom.com\/noticias\/wp-json\/wp\/v2\/types\/post"}],"author":[{"embeddable":true,"href":"https:\/\/mussicom.com\/noticias\/wp-json\/wp\/v2\/users\/5"}],"replies":[{"embeddable":true,"href":"https:\/\/mussicom.com\/noticias\/wp-json\/wp\/v2\/comments?post=39074"}],"version-history":[{"count":0,"href":"https:\/\/mussicom.com\/noticias\/wp-json\/wp\/v2\/posts\/39074\/revisions"}],"wp:featuredmedia":[{"embeddable":true,"href":"https:\/\/mussicom.com\/noticias\/wp-json\/wp\/v2\/media\/39075"}],"wp:attachment":[{"href":"https:\/\/mussicom.com\/noticias\/wp-json\/wp\/v2\/media?parent=39074"}],"wp:term":[{"taxonomy":"category","embeddable":true,"href":"https:\/\/mussicom.com\/noticias\/wp-json\/wp\/v2\/categories?post=39074"},{"taxonomy":"post_tag","embeddable":true,"href":"https:\/\/mussicom.com\/noticias\/wp-json\/wp\/v2\/tags?post=39074"}],"curies":[{"name":"wp","href":"https:\/\/api.w.org\/{rel}","templated":true}]}}