{"id":39008,"date":"2025-08-22T08:50:23","date_gmt":"2025-08-22T11:50:23","guid":{"rendered":"https:\/\/mussicom.com\/demanda-baixa-derruba-precos-dos-ovos-em-agosto\/"},"modified":"2025-08-22T08:50:23","modified_gmt":"2025-08-22T11:50:23","slug":"demanda-baixa-derruba-precos-dos-ovos-em-agosto","status":"publish","type":"post","link":"https:\/\/mussicom.com\/noticias\/demanda-baixa-derruba-precos-dos-ovos-em-agosto\/","title":{"rendered":"Demanda baixa derruba pre\u00e7os dos ovos em agosto"},"content":{"rendered":"<p> <br \/>\n<\/p>\n<div>\n<div class=\"row\">\n<div class=\"col-lg col-infos mt-0 mt-lg-0\">\n<div class=\"section-sub-title\">\n<p itemprop=\"description\">&#13;<br \/>\n                                Menor demanda faz produtores concederem descontos e pre\u00e7os dos ovos recuam&#13;\n                            <\/p>\n<\/p><\/div>\n<div class=\"container\">\n<div class=\"row\">\n<div class=\"col-lg p-0 text-lg-end\">\n<div>\n<div id=\"mdEnviarPagina\" class=\"modal fade\" role=\"dialog\">\n<div class=\"modal-dialog\">\n<div class=\"modal-content\">\n<div class=\"modal-body\">\n<p><strong>Estimado usu\u00e1rio.<\/strong><br \/>Preencha o formul\u00e1rio abaixo para remeter a p\u00e1gina.<\/p>\n<\/p><\/div>\n<\/p><\/div>\n<\/p><\/div>\n<\/div><\/div>\n<\/p><\/div>\n<\/p><\/div>\n<\/p><\/div>\n<\/p><\/div>\n<\/p><\/div>\n<div class=\"row justify-content-md-center mt-3\">\n<div class=\"col-lg-auto col-image block-news-main-image\">\n<p>                                <br \/>\n                                                <span class=\"publicity-photo d-block mt-1\">Foto: Divulga\u00e7\u00e3o<\/span><\/p><\/div>\n<\/p><\/div>\n<div class=\"section-description section-description-noticias mt-3\">\n<p style=\"text-align:justify\">Levantamento do Cepea mostra que o t\u00edpico recuo da demanda na segunda quinzena interrompeu o movimento de alta nos pre\u00e7os dos ovos, que vinha sendo observado desde o in\u00edcio de agosto. Segundo pesquisadores, diante do menor consumo, produtores t\u00eam concedido descontos nas negocia\u00e7\u00f5es para garantir liquidez, refletindo em leves quedas nas cota\u00e7\u00f5es em algumas pra\u00e7as acompanhadas pelo Centro de Pesquisas.&#13;\n<\/p>\n<p style=\"text-align:justify\">Para os pr\u00f3ximos dias, agentes consultados pelo Cepea indicam que a movimenta\u00e7\u00e3o deve seguir lenta, com descontos pontuais equilibrando as vendas da prote\u00edna.\u00a0<\/p>\n<\/p><\/div>\n<\/p><\/div>\n<p><script data-cfasync=\"false\">\n    !function (f, b, e, v, n, t, s) {\n        if (f.fbq) return; n = f.fbq = function () {\n            n.callMethod ?\n                n.callMethod.apply(n, arguments) : n.queue.push(arguments)\n        };\n        if (!f._fbq) f._fbq = n; n.push = n; n.loaded = !0; n.version = '2.0';\n        n.queue = []; t = b.createElement(e); t.async = !0;\n        t.src = v; s = b.getElementsByTagName(e)[0];\n        s.parentNode.insertBefore(t, s)\n    }(window, document, 'script',\n        'https:\/\/connect.facebook.net\/en_US\/fbevents.js');\n    fbq('init', '522546078623747');\n    fbq('track', 'PageView');\n<\/script><br \/>\n<br \/><br \/>\n<br \/>Fonte: <a href=\"https:\/\/www.agrolink.com.br\/noticias\/ovos-cepea--menor-demanda-enfraquece-valores_505196.html\">AGROLINK<\/a><\/p>\n","protected":false},"excerpt":{"rendered":"<p>&#13; Menor demanda faz produtores concederem descontos e pre\u00e7os dos ovos recuam&#13; Estimado usu\u00e1rio.Preencha o formul\u00e1rio abaixo para remeter a p\u00e1gina. Foto: Divulga\u00e7\u00e3o Levantamento do Cepea mostra que o t\u00edpico recuo da demanda na segunda quinzena interrompeu o movimento de alta nos pre\u00e7os dos ovos, que vinha sendo observado desde o in\u00edcio de agosto. Segundo [&hellip;]<\/p>\n","protected":false},"author":5,"featured_media":39009,"comment_status":"open","ping_status":"open","sticky":false,"template":"","format":"standard","meta":{"_seopress_robots_primary_cat":"","_seopress_titles_title":"","_seopress_titles_desc":"","_seopress_robots_index":"","footnotes":""},"categories":[53],"tags":[],"class_list":["post-39008","post","type-post","status-publish","format-standard","has-post-thumbnail","hentry","category-agronegocio"],"_links":{"self":[{"href":"https:\/\/mussicom.com\/noticias\/wp-json\/wp\/v2\/posts\/39008","targetHints":{"allow":["GET"]}}],"collection":[{"href":"https:\/\/mussicom.com\/noticias\/wp-json\/wp\/v2\/posts"}],"about":[{"href":"https:\/\/mussicom.com\/noticias\/wp-json\/wp\/v2\/types\/post"}],"author":[{"embeddable":true,"href":"https:\/\/mussicom.com\/noticias\/wp-json\/wp\/v2\/users\/5"}],"replies":[{"embeddable":true,"href":"https:\/\/mussicom.com\/noticias\/wp-json\/wp\/v2\/comments?post=39008"}],"version-history":[{"count":0,"href":"https:\/\/mussicom.com\/noticias\/wp-json\/wp\/v2\/posts\/39008\/revisions"}],"wp:featuredmedia":[{"embeddable":true,"href":"https:\/\/mussicom.com\/noticias\/wp-json\/wp\/v2\/media\/39009"}],"wp:attachment":[{"href":"https:\/\/mussicom.com\/noticias\/wp-json\/wp\/v2\/media?parent=39008"}],"wp:term":[{"taxonomy":"category","embeddable":true,"href":"https:\/\/mussicom.com\/noticias\/wp-json\/wp\/v2\/categories?post=39008"},{"taxonomy":"post_tag","embeddable":true,"href":"https:\/\/mussicom.com\/noticias\/wp-json\/wp\/v2\/tags?post=39008"}],"curies":[{"name":"wp","href":"https:\/\/api.w.org\/{rel}","templated":true}]}}