{"id":38948,"date":"2025-08-22T02:35:31","date_gmt":"2025-08-22T05:35:31","guid":{"rendered":"https:\/\/mussicom.com\/marinha-cancela-exercicio-militar-anual-com-eua-em-meio-a-crise\/"},"modified":"2025-08-22T02:35:31","modified_gmt":"2025-08-22T05:35:31","slug":"marinha-cancela-exercicio-militar-anual-com-eua-em-meio-a-crise","status":"publish","type":"post","link":"https:\/\/mussicom.com\/noticias\/marinha-cancela-exercicio-militar-anual-com-eua-em-meio-a-crise\/","title":{"rendered":"Marinha cancela exerc\u00edcio militar anual com EUA em meio \u00e0 crise"},"content":{"rendered":"<p> <br \/>\n<\/p>\n<div>\n<p class=\"postParagraph_post-paragraph__juWZN\">A Marinha do Brasil cancelou a Opera\u00e7\u00e3o Formosa de 2025, treinamento conjunto realizado todos os anos em Formosa (GO), a cerca de 80 km de Bras\u00edlia. A decis\u00e3o foi anunciada nesta quarta-feira (20) em meio \u00e0 crise or\u00e7ament\u00e1ria das For\u00e7as Armadas e ao aumento de tens\u00f5es com os Estados Unidos, que j\u00e1 havia sinalizado que n\u00e3o participaria do exerc\u00edcio militar marcado para o in\u00edcio de setembro.<\/p>\n<p class=\"postParagraph_post-paragraph-innerHtml__Q5vwc\">A decis\u00e3o foi tomada durante uma reuni\u00e3o entre os comandantes das Tr\u00eas For\u00e7as e o ministro da Defesa, Jos\u00e9 M\u00facio. Em nota, a Marinha atribuiu o cancelamento \u00e0 falta de recursos. Segundo a For\u00e7a Naval, os militares dar\u00e3o prioridade \u00e0 Opera\u00e7\u00e3o Atlas \u2013 Armas Combinadas, exerc\u00edcio que re\u00fane a Marinha, o Ex\u00e9rcito e a Aeron\u00e1utica no territ\u00f3rio amaz\u00f4nico.<\/p>\n<p class=\"postParagraph_post-paragraph__juWZN\">Al\u00e9m disso, as For\u00e7as Armadas ser\u00e3o respons\u00e1veis por parte da seguran\u00e7a dos chefes de Estado na Confer\u00eancia do Clima (COP 30), que ser\u00e1 realizada em Bel\u00e9m, entre os dias 10 e 21 de novembro.<\/p>\n<div class=\"postViewMore_post-view-more-container___5wai\" data-mrf-recirculation=\"Post - Veja tamb\u00e9m\">\n<p class=\"gp-styles-module-size-small-afeYRa gp-styles-module-font-family2-afeYRa gp-styles-module-color-secondary-afeYRa gp-styles-module-weight-bold-afeYRa\">VEJA TAMB\u00c9M:<\/p>\n<ul class=\"postViewMore_post-view-more-list__CU_CE\">\n<li class=\"postViewMore_post-view-more-item__2MzRb\"><span class=\"postViewMore_post-view-more-link-icon___stPC\"><svg xmlns=\"http:\/\/www.w3.org\/2000\/svg\" width=\"16\" height=\"16\" viewbox=\"0 0 16 16\"><rect width=\"16\" height=\"16\" fill=\"none\"\/><g transform=\"translate(3 3)\"><path d=\"M22.5,15l3.4,3.4-3.4,3.4\" transform=\"translate(-15.896 -11.793)\" fill=\"none\" stroke=\"#717171\" stroke-linecap=\"round\" stroke-width=\"1.4\"\/><path d=\"M6,6v4.2a2.452,2.452,0,0,0,2.5,2.4H16\" transform=\"translate(-6 -6)\" fill=\"none\" stroke=\"#717171\" stroke-linecap=\"round\" stroke-width=\"1.4\"\/><\/g><\/svg><\/span><span class=\"postViewMore_post-view-more-link-text__hO_kM\">Investida da PF exp\u00f5e atrito entre Bolsonaro, aliados e centro-direita e desafia articula\u00e7\u00f5es para 2026<\/span><\/li>\n<\/ul>\n<\/div>\n<p class=\"postParagraph_post-paragraph__juWZN\">&#8220;Diante da amplitude operacional e dos recursos or\u00e7ament\u00e1rios necess\u00e1rios \u00e0 Opera\u00e7\u00e3o Atlas, a Marinha do Brasil cancelou a edi\u00e7\u00e3o de 2025 da Opera\u00e7\u00e3o Formosa, reafirmando seu compromisso com a integra\u00e7\u00e3o das For\u00e7as Armadas e a prepara\u00e7\u00e3o conjunta para a defesa dos interesses nacionais&#8221;, diz o comunicado.<\/p>\n<p class=\"postParagraph_post-paragraph__juWZN\">A mobiliza\u00e7\u00e3o para o Planalto Central, que consiste na primeira fase da Opera\u00e7\u00e3o Formosa, come\u00e7ou no dia 11 de agosto. Com o cancelamento, eles foram redirecionados para a Opera\u00e7\u00e3o Atlas. A Marinha deslocou 2 mil militares, mais de 100 viaturas e oito helic\u00f3pteros de diferentes regi\u00f5es do Brasil.<\/p>\n<p class=\"postParagraph_post-paragraph__juWZN\">A expectativa \u00e9 que a restri\u00e7\u00e3o or\u00e7ament\u00e1ria tamb\u00e9m possa levar ao cancelamento da Opera\u00e7\u00e3o Core deste ano, prevista para acontecer na Caatinga. O Combined Operation and Rotation Exercise (Core) \u00e9 realizado em parceria com o Ex\u00e9rcito dos EUA.<\/p>\n<p class=\"postParagraph_post-paragraph__juWZN\">No m\u00eas passado, o Comando Sul dos EUA (Southcom) cancelou a Confer\u00eancia Espacial das Am\u00e9ricas deste ano, que seria realizada em parceria com a For\u00e7a A\u00e9rea Brasileira (FAB). O evento contaria com a participa\u00e7\u00e3o de outros pa\u00edses e estava marcado para ocorrer entre 29 e 31 de julho, em Bras\u00edlia. De acordo com a FAB, o Southcom informou sobre a decis\u00e3o no dia 23 de julho.<\/p>\n<h2 class=\"postParagraph_post-paragraph__juWZN postParagraph_type-tag-h2__TtFkT\">Opera\u00e7\u00e3o Formosa de 2024 uniu tropas dos EUA e da China<\/h2>\n<p class=\"postParagraph_post-paragraph-innerHtml__Q5vwc\">A Opera\u00e7\u00e3o Formosa ocorre desde 1988 em Formosa (GO), a cerca de 80 km de Bras\u00edlia. Em 2024, a Marinha uniu tropas dos Estados Unidos e da China para a realiza\u00e7\u00e3o de exerc\u00edcios conjuntos. Esta foi a primeira vez que fuzileiros navais da Marinha do Ex\u00e9rcito de Liberta\u00e7\u00e3o Popular participam do treinamento. Em 2023, os chineses acompanharam o evento como observadores.<\/p>\n<p class=\"postParagraph_post-paragraph__juWZN\">Tamb\u00e9m foi a primeira vez que militares dos EUA e da China atuaram do mesmo lado em uma opera\u00e7\u00e3o militar no Brasil. Tamb\u00e9m participaram da opera\u00e7\u00e3o em 2025: \u00c1frica do Sul, Argentina, Fran\u00e7a, It\u00e1lia, M\u00e9xico, Nig\u00e9ria, Paquist\u00e3o e Rep\u00fablica do Congo.<\/p>\n<p class=\"postParagraph_post-paragraph__juWZN\">Em nota, o Minist\u00e9rio da Defesa informou que participam do exerc\u00edcio cerca de 3 mil militares brasileiros. No exerc\u00edcio, as For\u00e7as Armadas brasileiras atuam de forma conjunta, simulando uma opera\u00e7\u00e3o anf\u00edbia, considerada a mais complexa das opera\u00e7\u00f5es militares.<\/p>\n<p class=\"postParagraph_post-paragraph__juWZN\">\u201cOs militares utilizam ve\u00edculos blindados do Corpo de Fuzileiros Navais (CFN), como o JLTV, o sistema ASTROS, o Piranha, o Carro Lagarta Anf\u00edbio (CLAnf), o caminh\u00e3o UNIMOG, o ca\u00e7a AF-1 Skyhawk e os helic\u00f3pteros da Marinha. Os avi\u00f5es KC-390 Millenium, A-29 Super Tucano e R-99, da FAB, bem como o ASTROS, Guarani e o Carro de Combate M60 do EB, dentre outros, tamb\u00e9m s\u00e3o empregados\u201d, disse a Marinha, em nota divulgada ap\u00f3s a opera\u00e7\u00e3o, no ano passado.<\/p>\n<p class=\"postParagraph_post-paragraph-innerHtml__Q5vwc\">Neste ano, a China informou \u00e0 Marinha que n\u00e3o participaria do treinamento. Contudo, pa\u00edses como Fran\u00e7a, Bol\u00edvia, Paraguai, Equador e Nam\u00edbia j\u00e1 tinham confirmado presen\u00e7a, segundo apura\u00e7\u00e3o do <em>Estad\u00e3o<\/em>.<\/p>\n<h2 class=\"postParagraph_post-paragraph__juWZN postParagraph_type-tag-h2__TtFkT\">Crise pol\u00edtica pode afetar acordos da Defesa<\/h2>\n<p class=\"postParagraph_post-paragraph__juWZN\">O presidente dos EUA, Donald Trump, determinou a taxa\u00e7\u00e3o de 50% sobre produtos brasileiros no in\u00edcio do m\u00eas passado. A medida entrou em vigor no \u00faltimo dia 6. O republicano tamb\u00e9m pressiona o Supremo Tribunal Federal (STF) pelo encerramento do processo contra o ex-presidente Jair Bolsonaro sobre a suposta tentativa de golpe de Estado em 2022.<\/p>\n<p class=\"postParagraph_post-paragraph-innerHtml__Q5vwc\">A <strong>Gazeta do Povo<\/strong> mostrou que compras importantes da \u00e1rea de Defesa para o Brasil, como a aquisi\u00e7\u00e3o de helic\u00f3pteros para operar na Amaz\u00f4nia e m\u00edsseis antiblindado Javelin, est\u00e3o sob amea\u00e7a com a escalada das tens\u00f5es entre o Brasil e os EUA.<\/p>\n<p class=\"postParagraph_post-paragraph-innerHtml__Q5vwc\">Em julho de 2024, o Minist\u00e9rio da Defesa confirmou a compra de 12 helic\u00f3pteros Black Hawk (estimados em US$ 451 milh\u00f5es) e mais de 200 m\u00edsseis antitanque Javelin (cerca de US$ 74 milh\u00f5es). Embora formalmente previstas no FMS (<em>Foreign Military Sales<\/em>, ou Vendas Militares Estrangeiras, na tradu\u00e7\u00e3o literal), um contexto de conflito diplom\u00e1tico pode bloquear ou fazer com que a Casa Branca reavalie a venda.<\/p>\n<p class=\"postParagraph_post-paragraph__juWZN\">Opera\u00e7\u00e3o Core<\/p>\n<p class=\"postParagraph_post-paragraph__juWZN\">A Opera\u00e7\u00e3o Core 2024 foi realizada no Fort Johnson\/Louisiana, no Centro de Treinamento e Prepara\u00e7\u00e3o Conjunta dos Estados Unidos, o Joint Readiness Training Center (JRTC). Segundo o Ex\u00e9rcito brasileiro, o exerc\u00edcio envolveu uma s\u00e9rie de atividades, incluindo assaltos aerom\u00f3veis e manobras t\u00e1ticas com aeronaves AH-64 Apache, UH-60 Black Hawk e CH-47 Chinook.<\/p>\n<h2 class=\"postParagraph_post-paragraph__juWZN postParagraph_type-tag-h2__TtFkT\">Opera\u00e7\u00e3o Core<\/h2>\n<p class=\"postParagraph_post-paragraph__juWZN\">As opera\u00e7\u00f5es fazem parte de um programa de coopera\u00e7\u00e3o assinado em 2021, que prev\u00ea exerc\u00edcios bilaterais anuais at\u00e9 2028. A origem desse acordo est\u00e1 na Opera\u00e7\u00e3o Culminating, realizada em 2021, nos EUA. As edi\u00e7\u00f5es do treinamento s\u00e3o intercaladas entre o Brasil e os EUA. Em 2025, o exerc\u00edcio deveria ocorrer na Caatinga.<\/p>\n<p class=\"postParagraph_post-paragraph__juWZN\">\u201cA continuidade desses exerc\u00edcios fortalece os la\u00e7os entre os dois ex\u00e9rcitos e proporciona um ganho cont\u00ednuo em termos de doutrina e capacidade operacional\u201d, disse o Ex\u00e9rcito, em nota ap\u00f3s os exerc\u00edcios de 2024.<\/p>\n<h2 class=\"postParagraph_post-paragraph__juWZN postParagraph_type-tag-h2__TtFkT\">Opera\u00e7\u00e3o Atlas<\/h2>\n<p class=\"postParagraph_post-paragraph__juWZN\">O exerc\u00edcio \u00e9 coordenado pelo Minist\u00e9rio da Defesa e re\u00fane Marinha, Ex\u00e9rcito e Aeron\u00e1utica em um \u201cesfor\u00e7o integrado para aprimorar a atua\u00e7\u00e3o das For\u00e7as Armadas no territ\u00f3rio amaz\u00f4nico\u201d. A primeira fase da edi\u00e7\u00e3o deste ano foi conclu\u00edda em julho com a participa\u00e7\u00e3o de mais de 180 militares das For\u00e7as Armadas.<\/p>\n<p class=\"postParagraph_post-paragraph__juWZN\">Nesta etapa, as For\u00e7as organizam o planejamento, definindo estrat\u00e9gias, integra\u00e7\u00e3o de a\u00e7\u00f5es e ambienta\u00e7\u00e3o dos participantes. As fases 2 e 3 devem ocorrer entre setembro e outubro com o deslocamento estrat\u00e9gico de meios e efetivo para a Amaz\u00f4nia e a execu\u00e7\u00e3o de atividades t\u00e1ticas em ambientes terrestre, aqu\u00e1tico e a\u00e9reo, respectivamente.<\/p>\n<\/div>\n<p><br \/>\n<br \/>Fonte: <a href=\"https:\/\/www.gazetadopovo.com.br\/republica\/marinha-cancela-exercicio-militar-anual-com-os-eua-em-meio-a-crise\/\">Revista Oeste<\/a><\/p>\n","protected":false},"excerpt":{"rendered":"<p>A Marinha do Brasil cancelou a Opera\u00e7\u00e3o Formosa de 2025, treinamento conjunto realizado todos os anos em Formosa (GO), a cerca de 80 km de Bras\u00edlia. A decis\u00e3o foi anunciada nesta quarta-feira (20) em meio \u00e0 crise or\u00e7ament\u00e1ria das For\u00e7as Armadas e ao aumento de tens\u00f5es com os Estados Unidos, que j\u00e1 havia sinalizado que [&hellip;]<\/p>\n","protected":false},"author":5,"featured_media":38949,"comment_status":"open","ping_status":"open","sticky":false,"template":"","format":"standard","meta":{"_seopress_robots_primary_cat":"","_seopress_titles_title":"","_seopress_titles_desc":"","_seopress_robots_index":"","footnotes":""},"categories":[1],"tags":[],"class_list":["post-38948","post","type-post","status-publish","format-standard","has-post-thumbnail","hentry","category-ultimas-noticias"],"_links":{"self":[{"href":"https:\/\/mussicom.com\/noticias\/wp-json\/wp\/v2\/posts\/38948","targetHints":{"allow":["GET"]}}],"collection":[{"href":"https:\/\/mussicom.com\/noticias\/wp-json\/wp\/v2\/posts"}],"about":[{"href":"https:\/\/mussicom.com\/noticias\/wp-json\/wp\/v2\/types\/post"}],"author":[{"embeddable":true,"href":"https:\/\/mussicom.com\/noticias\/wp-json\/wp\/v2\/users\/5"}],"replies":[{"embeddable":true,"href":"https:\/\/mussicom.com\/noticias\/wp-json\/wp\/v2\/comments?post=38948"}],"version-history":[{"count":0,"href":"https:\/\/mussicom.com\/noticias\/wp-json\/wp\/v2\/posts\/38948\/revisions"}],"wp:featuredmedia":[{"embeddable":true,"href":"https:\/\/mussicom.com\/noticias\/wp-json\/wp\/v2\/media\/38949"}],"wp:attachment":[{"href":"https:\/\/mussicom.com\/noticias\/wp-json\/wp\/v2\/media?parent=38948"}],"wp:term":[{"taxonomy":"category","embeddable":true,"href":"https:\/\/mussicom.com\/noticias\/wp-json\/wp\/v2\/categories?post=38948"},{"taxonomy":"post_tag","embeddable":true,"href":"https:\/\/mussicom.com\/noticias\/wp-json\/wp\/v2\/tags?post=38948"}],"curies":[{"name":"wp","href":"https:\/\/api.w.org\/{rel}","templated":true}]}}