{"id":38818,"date":"2025-08-21T15:53:06","date_gmt":"2025-08-21T18:53:06","guid":{"rendered":"https:\/\/mussicom.com\/jorja-smith-adia-shows-no-brasil-para-2026\/"},"modified":"2025-08-21T15:53:06","modified_gmt":"2025-08-21T18:53:06","slug":"jorja-smith-adia-shows-no-brasil-para-2026","status":"publish","type":"post","link":"https:\/\/mussicom.com\/noticias\/jorja-smith-adia-shows-no-brasil-para-2026\/","title":{"rendered":"Jorja Smith adia shows no Brasil para 2026"},"content":{"rendered":"<p> <br \/>\n<\/p>\n<div>\n<p>Os f\u00e3s brasileiros da cantora e compositora brit\u00e2nica <strong>Jorja Smith<\/strong> ter\u00e3o que aguardar um pouco mais para seu retorno ao pa\u00eds. Por quest\u00f5es pessoais, suas apresenta\u00e7\u00f5es foram transferidas para 2026.<\/p>\n<p>A turn\u00ea pelo Brasil, que teria sua primeira parada em S\u00e3o Paulo para a estreia solo da artista na capital paulista \u2014 ap\u00f3s sete anos do <strong>Lollapalooza Brasil<\/strong> \u2014, estava marcada para 31 de outubro de 2025. Agora, tem nova data confirmada: 30 de outubro de 2026 (sexta-feira), no Espa\u00e7o Unimed.<\/p>\n<p>Em seguida, Jorja seguiria para o <strong>Rock the Mountain<\/strong> e, no dia 8 de novembro, faria sua estreia em Salvador, no palco do <strong>Afropunk Brasil<\/strong>. A participa\u00e7\u00e3o da artista nos festivais est\u00e1 mantida para as edi\u00e7\u00f5es de 2026, cujas datas ser\u00e3o divulgadas em breve.<\/p>\n<p>Smith declarou em suas redes sociais:<\/p>\n<blockquote class=\"citacao\"><p><em>\u201cOl\u00e1, pessoal, minha turn\u00ea pela Am\u00e9rica do Sul em 2019 foi uma das minhas favoritas. Estou ansiosa para voltar desde ent\u00e3o, e por isso me d\u00f3i dizer que, por motivos alheios \u00e0 minha vontade, tenho que adiar a turn\u00ea deste ano pela Am\u00e9rica do Sul para a mesma \u00e9poca do ano que vem. Para qualquer d\u00favida sobre ingressos, entre em contato com o ponto de compra original. Pe\u00e7o desculpas por qualquer problema que isso possa causar, prometo fazer dos shows do ano que vem alguns dos meus melhores. At\u00e9 o ano que vem, com muito amor, como sempre, beijos.\u201d<\/em><\/p><\/blockquote>\n<p>O adiamento foi comunicado em conjunto pelas produtoras IDW Entretenimento e T4F, que tamb\u00e9m garantem a validade de todos os ingressos j\u00e1 adquiridos. Todos os compradores receber\u00e3o por e-mail das tiqueteiras respons\u00e1veis o regulamento referente \u00e0 manuten\u00e7\u00e3o das entradas para o ano seguinte.<\/p>\n<p>Sobre o adiamento, <strong>Ana Am\u00e9lia Nunes<\/strong> (diretora de comunica\u00e7\u00e3o e s\u00f3cia da IDW Entretenimento \u2013 ag\u00eancia full service do Afropunk no pa\u00eds) comenta:<\/p>\n<blockquote class=\"citacao\"><p><em>\u201cLamentamos profundamente por esta not\u00edcia, que afeta a todos \u2013 especialmente aos f\u00e3s. Agradecemos o carinho e a compreens\u00e3o do p\u00fablico e reafirmamos que toda a nossa equipe est\u00e1 dedicada a oferecer sempre a melhor experi\u00eancia poss\u00edvel: tanto no AFROPUNK deste ano quanto nas apresenta\u00e7\u00f5es da Jorja em 2026.\u201d<\/em><\/p><\/blockquote>\n<p>Para mais informa\u00e7\u00f5es, consulte os canais oficiais da Tickets for Fun e IDW Entretenimento.<\/p>\n<\/div>\n<p><br \/>\n<br \/>Fonte: <a href=\"https:\/\/rollingstone.com.br\/musica\/jorja-smith-adia-shows-no-brasil-para-2026\/\">rollingstone.com.br<\/a><\/p>\n","protected":false},"excerpt":{"rendered":"<p>Os f\u00e3s brasileiros da cantora e compositora brit\u00e2nica Jorja Smith ter\u00e3o que aguardar um pouco mais para seu retorno ao pa\u00eds. Por quest\u00f5es pessoais, suas apresenta\u00e7\u00f5es foram transferidas para 2026. A turn\u00ea pelo Brasil, que teria sua primeira parada em S\u00e3o Paulo para a estreia solo da artista na capital paulista \u2014 ap\u00f3s sete anos [&hellip;]<\/p>\n","protected":false},"author":5,"featured_media":38819,"comment_status":"open","ping_status":"open","sticky":false,"template":"","format":"standard","meta":{"_seopress_robots_primary_cat":"","_seopress_titles_title":"","_seopress_titles_desc":"","_seopress_robots_index":"","footnotes":""},"categories":[51],"tags":[],"class_list":["post-38818","post","type-post","status-publish","format-standard","has-post-thumbnail","hentry","category-musica"],"_links":{"self":[{"href":"https:\/\/mussicom.com\/noticias\/wp-json\/wp\/v2\/posts\/38818","targetHints":{"allow":["GET"]}}],"collection":[{"href":"https:\/\/mussicom.com\/noticias\/wp-json\/wp\/v2\/posts"}],"about":[{"href":"https:\/\/mussicom.com\/noticias\/wp-json\/wp\/v2\/types\/post"}],"author":[{"embeddable":true,"href":"https:\/\/mussicom.com\/noticias\/wp-json\/wp\/v2\/users\/5"}],"replies":[{"embeddable":true,"href":"https:\/\/mussicom.com\/noticias\/wp-json\/wp\/v2\/comments?post=38818"}],"version-history":[{"count":0,"href":"https:\/\/mussicom.com\/noticias\/wp-json\/wp\/v2\/posts\/38818\/revisions"}],"wp:featuredmedia":[{"embeddable":true,"href":"https:\/\/mussicom.com\/noticias\/wp-json\/wp\/v2\/media\/38819"}],"wp:attachment":[{"href":"https:\/\/mussicom.com\/noticias\/wp-json\/wp\/v2\/media?parent=38818"}],"wp:term":[{"taxonomy":"category","embeddable":true,"href":"https:\/\/mussicom.com\/noticias\/wp-json\/wp\/v2\/categories?post=38818"},{"taxonomy":"post_tag","embeddable":true,"href":"https:\/\/mussicom.com\/noticias\/wp-json\/wp\/v2\/tags?post=38818"}],"curies":[{"name":"wp","href":"https:\/\/api.w.org\/{rel}","templated":true}]}}